{"id":1268945,"date":"2026-08-30T03:35:43","date_gmt":"2026-08-30T03:35:43","guid":{"rendered":"https:\/\/www.europesays.com\/de\/1268945\/"},"modified":"2026-08-30T03:35:43","modified_gmt":"2026-08-30T03:35:43","slug":"wuppertal-sv-nennt-argumente-gegen-moeglichen-punktabzug","status":"publish","type":"post","link":"https:\/\/www.europesays.com\/de\/1268945\/","title":{"rendered":"Wuppertal SV nennt Argumente gegen m\u00f6glichen Punktabzug"},"content":{"rendered":"<p class=\"text_ohne_einzug richtext text-em-55 !leading-serif mx-6 desktop:mx-0\">In seinem dritten Saisonspiel versucht Fu\u00dfball-Oberligist Wuppertaler SV am Sonntag in B\u00fcderich (15.30 Uhr) die ersten Z\u00e4hler nach dem Abstieg einzuheimsen. Ob \u2013 sollte das gelingen \u2013 das Punktekonto positiv bleibt, k\u00f6nnte sich freilich in der kommenden Woche entscheiden. Dann ber\u00e4t der Verbandsfu\u00dfballausschuss \u00fcber einen m\u00f6glichen Neun-Punkte-Abzug f\u00fcr die Mannschaft, nachdem der WSV vor zwei Wochen eine Restrukturierung in Eigenverantwortung nach Insolvenzordnung angemeldet und gestartet hat. Laut Paragraf 52, Absatz 9 der Spielordnung des Westdeutschen Fu\u00dfballverbandes, die f\u00fcr die Verb\u00e4nde Niederrhein, Mittelrhein und Westfalen gilt, droht dem WSV ein solcher.<\/p>\n","protected":false},"excerpt":{"rendered":"In seinem dritten Saisonspiel versucht Fu\u00dfball-Oberligist Wuppertaler SV am Sonntag in B\u00fcderich (15.30 Uhr) die ersten Z\u00e4hler nach&hellip;\n","protected":false},"author":2,"featured_media":1268946,"comment_status":"","ping_status":"","sticky":false,"template":"","format":"standard","meta":{"footnotes":"","_share_on_mastodon":"0"},"categories":[1840],"tags":[10339,73647,35293,51183,3364,29,262099,912,30,262097,793,31022,29095,1209,5725,262098,262096,36508,175575,9789,10434,6227,4418],"class_list":["post-1268945","post","type-post","status-publish","format-standard","has-post-thumbnail","category-wuppertal","tag-antrag","tag-beantragt","tag-beraet","tag-beraten","tag-de","tag-deutschland","tag-ermessensspielraum","tag-eroeffnung","tag-germany","tag-herrenspielbetrieb","tag-insolvenzverfahren","tag-kommenden","tag-neun","tag-nordrhein-westfalen","tag-spiel","tag-spielausschusses","tag-spielordnung","tag-spielt","tag-spieltags","tag-spielzeit","tag-verein","tag-wsv","tag-wuppertal"],"share_on_mastodon":{"url":"https:\/\/pubeurope.com\/@de\/117182367396932610","error":""},"_links":{"self":[{"href":"https:\/\/www.europesays.com\/de\/wp-json\/wp\/v2\/posts\/1268945","targetHints":{"allow":["GET"]}}],"collection":[{"href":"https:\/\/www.europesays.com\/de\/wp-json\/wp\/v2\/posts"}],"about":[{"href":"https:\/\/www.europesays.com\/de\/wp-json\/wp\/v2\/types\/post"}],"author":[{"embeddable":true,"href":"https:\/\/www.europesays.com\/de\/wp-json\/wp\/v2\/users\/2"}],"replies":[{"embeddable":true,"href":"https:\/\/www.europesays.com\/de\/wp-json\/wp\/v2\/comments?post=1268945"}],"version-history":[{"count":0,"href":"https:\/\/www.europesays.com\/de\/wp-json\/wp\/v2\/posts\/1268945\/revisions"}],"wp:featuredmedia":[{"embeddable":true,"href":"https:\/\/www.europesays.com\/de\/wp-json\/wp\/v2\/media\/1268946"}],"wp:attachment":[{"href":"https:\/\/www.europesays.com\/de\/wp-json\/wp\/v2\/media?parent=1268945"}],"wp:term":[{"taxonomy":"category","embeddable":true,"href":"https:\/\/www.europesays.com\/de\/wp-json\/wp\/v2\/categories?post=1268945"},{"taxonomy":"post_tag","embeddable":true,"href":"https:\/\/www.europesays.com\/de\/wp-json\/wp\/v2\/tags?post=1268945"}],"curies":[{"name":"wp","href":"https:\/\/api.w.org\/{rel}","templated":true}]}}