{"id":1268971,"date":"2026-08-30T03:59:36","date_gmt":"2026-08-30T03:59:36","guid":{"rendered":"https:\/\/www.europesays.com\/de\/1268971\/"},"modified":"2026-08-30T03:59:36","modified_gmt":"2026-08-30T03:59:36","slug":"3-liga-duisburg-bezwingt-auch-wuerzburg-und-gruesst-von-der-spitze","status":"publish","type":"post","link":"https:\/\/www.europesays.com\/de\/1268971\/","title":{"rendered":"3. Liga: Duisburg bezwingt auch W\u00fcrzburg und gr\u00fc\u00dft von der Spitze"},"content":{"rendered":"<p>            <img loading=\"lazy\" decoding=\"async\" class=\"ts-image\" src=\"https:\/\/www.europesays.com\/de\/wp-content\/uploads\/2026\/08\/wdr-torjubel-von-lex-tyger-lobinger-100.jpg\" alt=\"Torjubel von Lex-Tyger Lobinger\" title=\"Torjubel von Lex-Tyger Lobinger | IMAGO\/as-sportfoto\"\/><\/p>\n<p class=\"metatextline\">Stand: 29.08.2026 \u2022 15:53 Uhr<\/p>\n<p class=\"article-head__shorttext\">\n        <strong>Der MSV Duisburg hat seinen perfekten Start in die neue Drittliga-Saison mit einem Heimsieg gegen Aufsteiger W\u00fcrzburg fortgesetzt.<\/strong>\n    <\/p>\n<p class=\"textabsatz m-ten m-offset-one l-eight l-offset-two columns twelve\">Die Meidericher setzten sich am Samstag mit 3:0 (2:0) gegen die G\u00e4ste aus Bayern durch und feierten den dritten Sieg im dritten Spiel. Damit bleibt der MSV Tabellenf\u00fchrer der <a href=\"https:\/\/www1.wdr.de\/sport\/fussball\/uebersicht-dritte-liga-100.html\" title=\"3. Liga\" class=\"textlink--extern\" target=\"_blank\" rel=\"noopener nofollow\">3. Liga<\/a>. F\u00fcr die Kickers war es die erste Saisonniederlage.<\/p>\n<p class=\"textabsatz m-ten m-offset-one l-eight l-offset-two columns twelve\">Lex-Tyger Lobinger (9.\/15.) stellte die Weichen mit einem Doppelpack in der ersten H\u00e4lfte fr\u00fch auf Sieg. Christian Viet legte im zweiten Durchgang das dritte Tor nach (71.).<\/p>\n<p>    Lobinger-Doppelpack zur Duisburger F\u00fchrung<\/p>\n<p class=\"textabsatz m-ten m-offset-one l-eight l-offset-two columns twelve\">Die Anfangsphase geh\u00f6rte klar den Hausherren, die sich ind er 9. Minute f\u00fcr ihren druckvollen Beginn mit dem F\u00fchrungstreffer belohnten. Nach einer starken Einzelleistung von Joshua Bitter musste Lobinger vor dem Tor nur noch den Fu\u00df hinhalten, um sein drittes Saisontor zu erzielen. Auch bei Lobingers zweitem Streich in der 15. Minute kam der Ball von der rechten Seite. Diesmal war Aljaz Casar der Vorbereiter mit einer punktgenauen Flanke, die Lobinger per Volley zum 2:0 ins Tor bef\u00f6rderte. Casar selbst h\u00e4tte wenig sp\u00e4ter mit einem Schuss aus der Distanz beinahe das dritte Tor nachgelegt (17.).<\/p>\n<p class=\"textabsatz m-ten m-offset-one l-eight l-offset-two columns twelve\"><a href=\"https:\/\/www1.wdr.de\/nrw\/ruhrgebiet\/duisburg\/uebersicht-duisburg-110.html\" title=\"Duisburg\" class=\"textlink--extern\" target=\"_blank\" rel=\"noopener nofollow\">Duisburg<\/a> blieb spielbestimmend und durfte sich in der 22. Minute \u00e4rgern, als Patrick Sussek alleine durch war, wegen einer vermeintlichen Abseitsposition aber zur\u00fcckgepfiffen wurde und sogar noch Gelb sah, weil er nach dem Pfiff noch abschloss. Besonders bitter: Die Abseitsentscheidung war nicht korrekt. Die G\u00e4ste kamen kaum in die N\u00e4he des Duisburger Strafraums, weil der MSV geschickt die R\u00e4ume zustellte. Torgef\u00e4hrlich blieben ausschlie\u00dflich die Zebras, die es nach dem 2:0 aber insgesamt etwas lockerer angingen. Nach einer l\u00e4ngeren Ruhepause hatten kurz vor der Pause erst Can Coskun und dann Conor No\u00df das dritte Tor auf dem Fu\u00df, scheiterten aber beide an Kickers-Keeper Johann Hipper (44.).<\/p>\n<p>    W\u00fcrzburg wird st\u00e4rker, aber Viet macht alles klar<\/p>\n<p class=\"textabsatz m-ten m-offset-one l-eight l-offset-two columns twelve\">Die zweite H\u00e4lfte begann wieder mit einem angriffsfreudigen MSV Duisburg. Sussek hatte die erste Gelegenheit mit einem Schuss aus der Distanz, der aber \u00fcber das Tor ging (49.). In der 54. Minute h\u00e4tten die G\u00e4ste das Spiel fast wieder spannend gemacht. W\u00fcrzburgs Tim Kraus verpasste aus kurzer Distanz nur knapp den Anschlusstreffer, weil er den Ball nicht richtig traf. Auf der anderen Seite landete ein Schlenzer von Coskun in der 59. Minute sicher in den H\u00e4nden von Hipper.<\/p>\n<p class=\"textabsatz m-ten m-offset-one l-eight l-offset-two columns twelve\">W\u00fcrzburg hatte nach der Pause wesentlich mehr vom Spiel als noch im ersten Durchgang. Einen Kopfball von Daniel H\u00e4gele konnte MSV-Keeper Maximilian Braune in der 63. Minute nur mit gro\u00dfer M\u00fche entsch\u00e4rfen. \u00c4hnlich strecken musste sich auf der anderen Seite Hipper, um in der 67. Minute das 0:3 durch den eingewechselten Niklas Jessen zu verhindern. Keine Chance hatte der W\u00fcrzburger Schlussmann wenig sp\u00e4ter bei einem Duisburger Konter, als Viet alleine vor ihm auftauchte und sicher zum 3:0 einschob (71.).<\/p>\n<p class=\"textabsatz m-ten m-offset-one l-eight l-offset-two columns twelve\">Mit dem deutlichen Vorsprung im R\u00fccken nahm Duisburg wieder Tempo raus und kontrollierte das Geschehen. F\u00fcr den MSV ergaben sich immer wieder Kontergelegenheiten, die aber keine gro\u00dfe Gefahr mehr f\u00fcr das W\u00fcrzburger Tor brachten. In der Nachspielzeit vergab W\u00fcrzburgs Jermain Nischalke noch eine Gro\u00dfchance auf den ersten Kickers-Treffer (90.+1).<\/p>\n<ul class=\"buttongroup buttongroup--copytext\">\n<li class=\"buttongroup__item\">\n<p>    <a class=\"btn btn--text btn--standard-secondary btn--fullwidth\" href=\"https:\/\/1.ard.de\/wdr-sport-livestreams?de=liga3\" rel=\"nofollow noopener\" target=\"_blank\"><br \/>\n        Fu\u00dfball und Events live im WDR<\/p>\n<p>  Pfeil rechts<\/p>\n<p>    <\/a>\n<\/li>\n<\/ul>\n<p>    MSV zu Gast beim SSV Jahn<\/p>\n<p class=\"textabsatz m-ten m-offset-one l-eight l-offset-two columns twelve\">In der Liga geht es f\u00fcr die Duisburger am Samstag (05.09.2026) mit einem Ausw\u00e4rtsspiel bei Jahn Regensburg weiter (14 Uhr).<\/p>\n<p>    Unsere Quellen:<\/p>\n<ul class=\"bulletpoint-list \">\n<li>Drittliga-Partie zwischen MSV Duisburg gegen W\u00fcrzburger Kickers am 29.08.2026 (Livestream BR)<\/li>\n<\/ul>\n<p class=\"textabsatz m-ten m-offset-one l-eight l-offset-two columns twelve\"><strong>Sendung<\/strong>: <strong>wdr.de<\/strong>, &#8222;Videostream MSV Duisburg gegen W\u00fcrzburger Kickers&#8220;, <strong>29.08.2026<\/strong>, 14 Uhr<\/p>\n<ul class=\"buttongroup buttongroup--copytext\">\n<li class=\"buttongroup__item\">\n<p>    <a class=\"btn btn--text btn--standard-secondary btn--fullwidth\" href=\"https:\/\/www.ardmediathek.de\/br\/live\/Y3JpZDovL2JyLmRlL0xpdmVzdHJlYW0tQlItTm9yZA\" rel=\"nofollow noopener\" target=\"_blank\"><br \/>\n        MSV Duisburg gegen W\u00fcrzburger Kickers im TV-Stream<\/p>\n<p>  Pfeil rechts<\/p>\n<p>    <\/a>\n<\/li>\n<\/ul>\n<p>                                        <a class=\"backlink__link\" href=\"https:\/\/www1.wdr.de\/sport\/fussball\/dritte-liga\/spielbericht-duisburg-wuerzburg-100.html\" rel=\"nofollow noopener\" target=\"_blank\"><\/p>\n<p>                                                <img decoding=\"async\" src=\"https:\/\/images.sportschau.de\/image\/9ef70e2e-6dd6-4b18-afd2-7063c40e8939\/AAABlap_yqU\/AAABnR8VW9w\/original\/lra-wdr-logo-100.svg\" alt=\"Westdeutscher Rundfunk\"\/><\/p>\n<p>                                        <\/a><\/p>\n","protected":false},"excerpt":{"rendered":"Stand: 29.08.2026 \u2022 15:53 Uhr Der MSV Duisburg hat seinen perfekten Start in die neue Drittliga-Saison mit einem&hellip;\n","protected":false},"author":2,"featured_media":1268972,"comment_status":"","ping_status":"","sticky":false,"template":"","format":"standard","meta":{"footnotes":"","_share_on_mastodon":"0"},"categories":[1838],"tags":[995,3364,29,3715,347,30,3721,1209,225,15205],"class_list":["post-1268971","post","type-post","status-publish","format-standard","has-post-thumbnail","category-duisburg","tag-3-liga","tag-de","tag-deutschland","tag-duisburg","tag-fussball","tag-germany","tag-msv-duisburg","tag-nordrhein-westfalen","tag-wdr","tag-wuerzburg"],"share_on_mastodon":{"url":"https:\/\/pubeurope.com\/@de\/117182463578632096","error":""},"_links":{"self":[{"href":"https:\/\/www.europesays.com\/de\/wp-json\/wp\/v2\/posts\/1268971","targetHints":{"allow":["GET"]}}],"collection":[{"href":"https:\/\/www.europesays.com\/de\/wp-json\/wp\/v2\/posts"}],"about":[{"href":"https:\/\/www.europesays.com\/de\/wp-json\/wp\/v2\/types\/post"}],"author":[{"embeddable":true,"href":"https:\/\/www.europesays.com\/de\/wp-json\/wp\/v2\/users\/2"}],"replies":[{"embeddable":true,"href":"https:\/\/www.europesays.com\/de\/wp-json\/wp\/v2\/comments?post=1268971"}],"version-history":[{"count":0,"href":"https:\/\/www.europesays.com\/de\/wp-json\/wp\/v2\/posts\/1268971\/revisions"}],"wp:featuredmedia":[{"embeddable":true,"href":"https:\/\/www.europesays.com\/de\/wp-json\/wp\/v2\/media\/1268972"}],"wp:attachment":[{"href":"https:\/\/www.europesays.com\/de\/wp-json\/wp\/v2\/media?parent=1268971"}],"wp:term":[{"taxonomy":"category","embeddable":true,"href":"https:\/\/www.europesays.com\/de\/wp-json\/wp\/v2\/categories?post=1268971"},{"taxonomy":"post_tag","embeddable":true,"href":"https:\/\/www.europesays.com\/de\/wp-json\/wp\/v2\/tags?post=1268971"}],"curies":[{"name":"wp","href":"https:\/\/api.w.org\/{rel}","templated":true}]}}