{"id":1268974,"date":"2026-08-30T04:01:39","date_gmt":"2026-08-30T04:01:39","guid":{"rendered":"https:\/\/www.europesays.com\/de\/1268974\/"},"modified":"2026-08-30T04:01:39","modified_gmt":"2026-08-30T04:01:39","slug":"madeira-ab-nuernberg-warum-schon-die-landung-zum-erlebnis-wird","status":"publish","type":"post","link":"https:\/\/www.europesays.com\/de\/1268974\/","title":{"rendered":"Madeira ab N\u00fcrnberg: Warum schon die Landung zum Erlebnis wird"},"content":{"rendered":"<p>Sommerserie <\/p>\n<p>Bei diesem Direktflug ist schon die Landung ein Erlebnis<\/p>\n<ul class=\"grid grid-flow-col gap-4\" aria-label=\"Autorenbilder\">\n<li class=\"leading-0\"><img data-tb-author-image=\"\"  loading=\"lazy\" src=\"https:\/\/www.europesays.com\/de\/wp-content\/uploads\/2025\/11\/1764485653_271_image.jpg\" alt=\"\" title=\"\" width=\"40\" height=\"40\" class=\"\" decoding=\"async\"\/><\/li>\n<\/ul>\n<p>30.08.2026 &#8211; 04:04 UhrLesedauer: 2 Min.<\/p>\n<p><a href=\"#focus-0\" class=\"transition-colors block text-current relative\" data-sctrack=\"FocusGalleryImage.Reference\"><img fetchpriority=\"high\" data-testid=\"Opener.Image\"   loading=\"eager\" src=\"https:\/\/www.europesays.com\/de\/wp-content\/uploads\/2026\/08\/1788062496_237_image.jpg\" alt=\"2160987100\" title=\"2160987100\" width=\"5253\" height=\"2955\" class=\"bg-[url:var(--lqipURL)] bg-cover bg-center flex h-full w-full max-w-full\" style=\"--lqipURL:url('https:\/\/images.t-online.de\/2026\/06\/bdEyPSZWhv0c\/0x64:5253x2955\/fit-in\/150x0\/filters:blur(25)\/image.jpg')\" decoding=\"async\"\/><img loading=\"lazy\" src=\"https:\/\/nuernberg.t-online.de\/s\/paper\/_next\/static\/media\/zoom-in.f7dae02f.svg\" alt=\"Vergr\u00f6\u00dfern des Bildes\" title=\"Vergr\u00f6\u00dfern des Bildes\" class=\"block h-[calc(var(--height)_\/_16_*_1rem)] w-[calc(var(--width)_\/_16_*_1rem)] max-w-none absolute right-8 bottom-8 rounded-4 bg-snow p-8\" style=\"--width:32;--height:32\" decoding=\"async\"\/><\/a><\/p>\n<p>Madeira: Die portugiesische Insel ist ein beliebtes Urlaubsziel \u2013 vorher gilt es aber noch eine H\u00fcrde zu \u00fcberwinden. (Quelle: Aleh Varanishcha)<\/p>\n<p><img loading=\"lazy\" src=\"https:\/\/nuernberg.t-online.de\/s\/paper\/_next\/static\/media\/audio-volume.6689034c.svg\" alt=\"\" title=\"\" class=\"block h-[calc(var(--height)_\/_16_*_1rem)] w-[calc(var(--width)_\/_16_*_1rem)] max-w-none group-hover:brightness-0 group-hover:invert\" style=\"--width:16;--height:16\" decoding=\"async\"\/>Vorlesen<\/p>\n<p>Aktuelle Zeit:0:00Gesamtdauer:0:00<\/p>\n<p>1x<img loading=\"lazy\" src=\"https:\/\/nuernberg.t-online.de\/s\/paper\/_next\/static\/media\/font-sizes.32942e33.svg\" alt=\"\" title=\"\" class=\"block h-[calc(var(--height)_\/_16_*_1rem)] w-[calc(var(--width)_\/_16_*_1rem)] max-w-none group-hover:hidden group-aria-expanded:hidden\" style=\"--width:16;--height:16\" decoding=\"async\"\/><img loading=\"lazy\" src=\"https:\/\/nuernberg.t-online.de\/s\/paper\/_next\/static\/media\/font-sizes-dark-mode.e382645c.svg\" alt=\"\" title=\"\" class=\"block h-[calc(var(--height)_\/_16_*_1rem)] w-[calc(var(--width)_\/_16_*_1rem)] max-w-none hidden group-hover:block group-aria-expanded:block\" style=\"--width:16;--height:16\" decoding=\"async\"\/><img loading=\"lazy\" src=\"https:\/\/nuernberg.t-online.de\/s\/paper\/_next\/static\/media\/sharing-menu-icon.1eb71368.svg\" alt=\"\" title=\"\" class=\"block h-[calc(var(--height)_\/_16_*_1rem)] w-[calc(var(--width)_\/_16_*_1rem)] max-w-none group-hover:brightness-0 group-hover:invert\" style=\"--width:16;--height:16\" decoding=\"async\"\/>Artikel teilen<\/p>\n<p class=\"font-bold text-18 leading-17 user-text-lg:text-22 user-text-xl:text-24\">Madeira ist von N\u00fcrnberg aus direkt erreichbar. Bevor der Urlaub jedoch beginnt, erwartet die Passagiere einer der anspruchsvollsten Landeanfl\u00fcge Europas.<\/p>\n<p class=\"text-18 leading-17 user-text-lg:text-22 user-text-xl:text-24\">Ab dem N\u00fcrnberger Flughafen geht es ohne Umsteigen auf die Blumeninsel im Atlantik. Doch bevor der Urlaub auf Madeira beginnt, steht ein Anflug bevor, der zu den anspruchsvollsten Europas z\u00e4hlt. Grund daf\u00fcr ist eine Landebahn, die es so kaum ein zweites Mal gibt.<\/p>\n<p class=\"text-18 leading-17 user-text-lg:text-22 user-text-xl:text-24\">Beim Anflug auf die Inselhauptstadt Funchal scheint die Landebahn frei \u00fcber dem Atlantik zu liegen. Sie ruht auf hohen Betonpfeilern, das offene Meer reicht bis unter den Asphalt.<\/p>\n<p>Warum nur geschulte Piloten hier landen d\u00fcrfen<\/p>\n<p class=\"text-18 leading-17 user-text-lg:text-22 user-text-xl:text-24\">Als der Flughafen er\u00f6ffnet wurde, hatte er nur eine kurze Bahn direkt an der Steilk\u00fcste. Weil Madeira kaum ebene Fl\u00e4chen bietet, war an eine klassische Verl\u00e4ngerung nicht zu denken. Die Verantwortlichen w\u00e4hlten deshalb einen ungew\u00f6hnlichen Weg und bauten die Piste \u00fcber das Wasser hinaus. Im Jahr 2000 ging die Verl\u00e4ngerung in Betrieb. Sie ist rund 2.780 Meter lang, mehr als 1.000 Meter davon ruhen auf etwa 180 Betonpfeilern. Das Projekt wurde sogar mit einem international angesehenen Preis f\u00fcr herausragende Bauwerke ausgezeichnet.<\/p>\n<p><a href=\"#focus-1\" class=\"transition-colors block text-current relative\" data-sctrack=\"FocusGalleryImage.Reference\"><img   loading=\"lazy\" src=\"https:\/\/www.europesays.com\/de\/wp-content\/uploads\/2026\/08\/a-plane-flying-in-the-blue-sky-with-clouds-over-the-atlantic-ocean-by-madeira-airport-portugal-xkwx-.jpeg\" alt=\"imago358543605\" title=\"imago358543605\" width=\"6000\" height=\"3375\" class=\"h-full w-full max-w-full rounded-8\" decoding=\"async\"\/><img loading=\"lazy\" src=\"https:\/\/nuernberg.t-online.de\/s\/paper\/_next\/static\/media\/zoom-in.f7dae02f.svg\" alt=\"Vergr\u00f6\u00dfern des Bildes\" title=\"Vergr\u00f6\u00dfern des Bildes\" class=\"block h-[calc(var(--height)_\/_16_*_1rem)] w-[calc(var(--width)_\/_16_*_1rem)] max-w-none absolute right-8 bottom-8 rounded-4 bg-snow p-8\" style=\"--width:32;--height:32\" decoding=\"async\"\/>Der Madeira Airport gilt als einer der schwierigsten der Welt. (Quelle: xWirestockx via imago-images.de\/imago)<\/a><\/p>\n<p class=\"text-18 leading-17 user-text-lg:text-22 user-text-xl:text-24\">So markant die Konstruktion ist, so anspruchsvoll bleibt der Anflug. Aus den umliegenden Bergen fallen immer wieder Scherwinde ein, dazu kommt die Lage zwischen Klippen und Meer sowie eine sp\u00e4te Kurve kurz vor dem Aufsetzen. Deshalb d\u00fcrfen den Flughafen nur Piloten ansteuern, die eine spezielle Schulung durchlaufen haben und eine regelm\u00e4\u00dfige Flugpraxis vorweisen k\u00f6nnen. Bei kr\u00e4ftigem Wind kommt es vor, dass Maschinen umgeleitet werden oder Fl\u00fcge ausfallen.<\/p>\n<p>Was nach der Landung wartet<\/p>\n<p class=\"text-18 leading-17 user-text-lg:text-22 user-text-xl:text-24\">Hat man festen Boden erreicht, wartet eine Insel, die sich zu jeder Jahreszeit besuchen l\u00e4sst, denn das Klima bleibt das ganze Jahr \u00fcber mild. Rund um Funchal w\u00e4chst subtropische Vegetation. Bekannt ist Madeira f\u00fcr seine Levadas, schmale Bew\u00e4sserungskan\u00e4le, an denen heute markierte Wanderwege entlangf\u00fchren. Im gebirgigen Inselinneren liegt zudem ein alter Lorbeerwald, der von der Unesco als Welterbe gesch\u00fctzt wird.<\/p>\n","protected":false},"excerpt":{"rendered":"Sommerserie Bei diesem Direktflug ist schon die Landung ein Erlebnis 30.08.2026 &#8211; 04:04 UhrLesedauer: 2 Min. Madeira: Die&hellip;\n","protected":false},"author":2,"featured_media":1268975,"comment_status":"","ping_status":"","sticky":false,"template":"","format":"standard","meta":{"footnotes":"","_share_on_mastodon":"0"},"categories":[1837],"tags":[722,2201,3091,10072,772,3364,29,47802,663,18008,30,18007,3783,93808],"class_list":["post-1268974","post","type-post","status-publish","format-standard","has-post-thumbnail","category-nuernberg","tag-722","tag-2201","tag-airline","tag-atlantik","tag-bayern","tag-de","tag-deutschland","tag-direktflug","tag-europa","tag-funchal","tag-germany","tag-landeanflug","tag-nuernberg","tag-sommerserie"],"share_on_mastodon":{"url":"https:\/\/pubeurope.com\/@de\/117182471788599376","error":""},"_links":{"self":[{"href":"https:\/\/www.europesays.com\/de\/wp-json\/wp\/v2\/posts\/1268974","targetHints":{"allow":["GET"]}}],"collection":[{"href":"https:\/\/www.europesays.com\/de\/wp-json\/wp\/v2\/posts"}],"about":[{"href":"https:\/\/www.europesays.com\/de\/wp-json\/wp\/v2\/types\/post"}],"author":[{"embeddable":true,"href":"https:\/\/www.europesays.com\/de\/wp-json\/wp\/v2\/users\/2"}],"replies":[{"embeddable":true,"href":"https:\/\/www.europesays.com\/de\/wp-json\/wp\/v2\/comments?post=1268974"}],"version-history":[{"count":0,"href":"https:\/\/www.europesays.com\/de\/wp-json\/wp\/v2\/posts\/1268974\/revisions"}],"wp:featuredmedia":[{"embeddable":true,"href":"https:\/\/www.europesays.com\/de\/wp-json\/wp\/v2\/media\/1268975"}],"wp:attachment":[{"href":"https:\/\/www.europesays.com\/de\/wp-json\/wp\/v2\/media?parent=1268974"}],"wp:term":[{"taxonomy":"category","embeddable":true,"href":"https:\/\/www.europesays.com\/de\/wp-json\/wp\/v2\/categories?post=1268974"},{"taxonomy":"post_tag","embeddable":true,"href":"https:\/\/www.europesays.com\/de\/wp-json\/wp\/v2\/tags?post=1268974"}],"curies":[{"name":"wp","href":"https:\/\/api.w.org\/{rel}","templated":true}]}}