{"id":1268976,"date":"2026-08-30T04:03:24","date_gmt":"2026-08-30T04:03:24","guid":{"rendered":"https:\/\/www.europesays.com\/de\/1268976\/"},"modified":"2026-08-30T04:03:24","modified_gmt":"2026-08-30T04:03:24","slug":"ex-ratsfrau-huelya-iri-nicht-mehr-mitglied-der-spd-niedersachsen","status":"publish","type":"post","link":"https:\/\/www.europesays.com\/de\/1268976\/","title":{"rendered":"Ex-Ratsfrau H\u00fclya Iri nicht mehr Mitglied der SPD | Niedersachsen"},"content":{"rendered":"<p>Gegen die fr\u00fchere hannoversche Kommunalpolitikerin stehen Vorw\u00fcrfe im Raum. Nun ist ihre SPD-Mitgliedschaft beendet.<\/p>\n<p id=\"absatz1\" class=\"em_text\">Die fr\u00fchere hannoversche Ratsfrau H\u00fclya Iri ist nicht mehr Mitglied der SPD. Ihre Mitgliedschaft sei zum 31. Juli beendet worden, weil sie ihre Beitr\u00e4ge nicht mehr gezahlt habe, teilte der Gesch\u00e4ftsf\u00fchrer des SPD-Unterbezirks Region Hannover, Roland Pahl, auf Anfrage mit.<\/p>\n<p id=\"absatz2\" class=\"em_text\">Die hannoversche SPD sei schon lange der \u00dcberzeugung gewesen, dass Iri nicht mehr in die Partei geh\u00f6re, erkl\u00e4rte Pahl. Die Beendigung betreffe ausschlie\u00dflich sie und keine weiteren Personen.<\/p>\n<p>Iri lie\u00df ihre SPD-Mitgliedschaft zun\u00e4chst vorl\u00e4ufig ruhen<\/p>\n<p id=\"absatz4\" class=\"em_text\">Gegen Iri laufen staatsanwaltschaftliche Ermittlungen. Sie hatte Mitte April gemeinsam mit ihrer Tochter und ihrem Sohn erkl\u00e4rt, die SPD-Mitgliedschaften vorl\u00e4ufig ruhen zu lassen, solange das Verfahren andauere. F\u00fcr Iri gilt die Unschuldsvermutung. Sie geh\u00f6rte bis M\u00e4rz dem Rat der Stadt Hannover an und war stellvertretende Vorsitzende der SPD-Ratsfraktion.<\/p>\n<p id=\"absatz5\" class=\"em_text\">Iri hatte den inzwischen insolventen Verein \u201eIntegrationsarbeit Kronsberg\u201d gegr\u00fcndet und als Gesch\u00e4ftsf\u00fchrerin geleitet. Der Verein erhielt \u00fcber Jahre mehr als eine Million Euro F\u00f6rdermittel von Bund, Land und weiteren \u00f6ffentlichen Stellen. Es besteht der Verdacht, dass Gelder nicht zweckgem\u00e4\u00df verwendet wurden. Dazu \u00e4u\u00dferte sich Iri bislang nicht.<\/p>\n<p id=\"absatz6\" class=\"em_text\">Die T\u00e4tigkeit des Vereins stehe in keinem Zusammenhang mit den Parteimitgliedschaften oder dem politischen Engagement der Familie, hie\u00df es im April in der vom SPD-Stadtverband Hannover \u00fcbermittelten Erkl\u00e4rung der Familie. <\/p>\n","protected":false},"excerpt":{"rendered":"Gegen die fr\u00fchere hannoversche Kommunalpolitikerin stehen Vorw\u00fcrfe im Raum. Nun ist ihre SPD-Mitgliedschaft beendet. Die fr\u00fchere hannoversche Ratsfrau&hellip;\n","protected":false},"author":2,"featured_media":1268977,"comment_status":"","ping_status":"","sticky":false,"template":"","format":"standard","meta":{"footnotes":"","_share_on_mastodon":"0"},"categories":[1836],"tags":[3364,29,30,46,205526,213221,1411,262101,184],"class_list":["post-1268976","post","type-post","status-publish","format-standard","has-post-thumbnail","category-hannover","tag-de","tag-deutschland","tag-germany","tag-hannover","tag-huelya-iri","tag-integrationsverein","tag-niedersachsen","tag-roland-pahl","tag-spd"],"share_on_mastodon":{"url":"","error":""},"_links":{"self":[{"href":"https:\/\/www.europesays.com\/de\/wp-json\/wp\/v2\/posts\/1268976","targetHints":{"allow":["GET"]}}],"collection":[{"href":"https:\/\/www.europesays.com\/de\/wp-json\/wp\/v2\/posts"}],"about":[{"href":"https:\/\/www.europesays.com\/de\/wp-json\/wp\/v2\/types\/post"}],"author":[{"embeddable":true,"href":"https:\/\/www.europesays.com\/de\/wp-json\/wp\/v2\/users\/2"}],"replies":[{"embeddable":true,"href":"https:\/\/www.europesays.com\/de\/wp-json\/wp\/v2\/comments?post=1268976"}],"version-history":[{"count":0,"href":"https:\/\/www.europesays.com\/de\/wp-json\/wp\/v2\/posts\/1268976\/revisions"}],"wp:featuredmedia":[{"embeddable":true,"href":"https:\/\/www.europesays.com\/de\/wp-json\/wp\/v2\/media\/1268977"}],"wp:attachment":[{"href":"https:\/\/www.europesays.com\/de\/wp-json\/wp\/v2\/media?parent=1268976"}],"wp:term":[{"taxonomy":"category","embeddable":true,"href":"https:\/\/www.europesays.com\/de\/wp-json\/wp\/v2\/categories?post=1268976"},{"taxonomy":"post_tag","embeddable":true,"href":"https:\/\/www.europesays.com\/de\/wp-json\/wp\/v2\/tags?post=1268976"}],"curies":[{"name":"wp","href":"https:\/\/api.w.org\/{rel}","templated":true}]}}