{"id":1268997,"date":"2026-08-30T04:19:36","date_gmt":"2026-08-30T04:19:36","guid":{"rendered":"https:\/\/www.europesays.com\/de\/1268997\/"},"modified":"2026-08-30T04:19:36","modified_gmt":"2026-08-30T04:19:36","slug":"duesseldorf-osd-kraft-soll-drogenabhaengigen-misshandelt-haben","status":"publish","type":"post","link":"https:\/\/www.europesays.com\/de\/1268997\/","title":{"rendered":"D\u00fcsseldorf: OSD-Kraft soll Drogenabh\u00e4ngigen misshandelt haben"},"content":{"rendered":"<p class=\"text_ohne_einzug richtext text-em-55 !leading-serif mx-6 desktop:mx-0\">Die Arbeit des st\u00e4dtischen Ordnungs- und Servicedienstes wird von einem weiteren Skandal \u00fcberschattet. Nach Informationen unserer Redaktion hat es einen \u00dcbergriff auf einen unter Drogen stehenden und s\u00fcchtigen Mann gegeben. Dieser soll auf dem Worringer Platz auf dem Boden gelegen haben, als ihm der OSD-Mitarbeiter bei einer Auseinandersetzung Desinfektionsmittel ins Gesicht und sogar in Mund- und Rachenraum spritzte.<\/p>\n","protected":false},"excerpt":{"rendered":"Die Arbeit des st\u00e4dtischen Ordnungs- und Servicedienstes wird von einem weiteren Skandal \u00fcberschattet. Nach Informationen unserer Redaktion hat&hellip;\n","protected":false},"author":2,"featured_media":1268998,"comment_status":"","ping_status":"","sticky":false,"template":"","format":"standard","meta":{"footnotes":"","_share_on_mastodon":"0"},"categories":[1831],"tags":[3364,29,3405,30,1209,59022],"class_list":["post-1268997","post","type-post","status-publish","format-standard","has-post-thumbnail","category-duesseldorf","tag-de","tag-deutschland","tag-duesseldorf","tag-germany","tag-nordrhein-westfalen","tag-osd"],"share_on_mastodon":{"url":"https:\/\/pubeurope.com\/@de\/117182540463524311","error":""},"_links":{"self":[{"href":"https:\/\/www.europesays.com\/de\/wp-json\/wp\/v2\/posts\/1268997","targetHints":{"allow":["GET"]}}],"collection":[{"href":"https:\/\/www.europesays.com\/de\/wp-json\/wp\/v2\/posts"}],"about":[{"href":"https:\/\/www.europesays.com\/de\/wp-json\/wp\/v2\/types\/post"}],"author":[{"embeddable":true,"href":"https:\/\/www.europesays.com\/de\/wp-json\/wp\/v2\/users\/2"}],"replies":[{"embeddable":true,"href":"https:\/\/www.europesays.com\/de\/wp-json\/wp\/v2\/comments?post=1268997"}],"version-history":[{"count":0,"href":"https:\/\/www.europesays.com\/de\/wp-json\/wp\/v2\/posts\/1268997\/revisions"}],"wp:featuredmedia":[{"embeddable":true,"href":"https:\/\/www.europesays.com\/de\/wp-json\/wp\/v2\/media\/1268998"}],"wp:attachment":[{"href":"https:\/\/www.europesays.com\/de\/wp-json\/wp\/v2\/media?parent=1268997"}],"wp:term":[{"taxonomy":"category","embeddable":true,"href":"https:\/\/www.europesays.com\/de\/wp-json\/wp\/v2\/categories?post=1268997"},{"taxonomy":"post_tag","embeddable":true,"href":"https:\/\/www.europesays.com\/de\/wp-json\/wp\/v2\/tags?post=1268997"}],"curies":[{"name":"wp","href":"https:\/\/api.w.org\/{rel}","templated":true}]}}