{"id":1269003,"date":"2026-08-30T04:22:18","date_gmt":"2026-08-30T04:22:18","guid":{"rendered":"https:\/\/www.europesays.com\/de\/1269003\/"},"modified":"2026-08-30T04:22:18","modified_gmt":"2026-08-30T04:22:18","slug":"baden-wuerttemberg-kirchenasyl-in-stuttgart-leben-in-angst-vor-abschiebung","status":"publish","type":"post","link":"https:\/\/www.europesays.com\/de\/1269003\/","title":{"rendered":"Baden-W\u00fcrttemberg: Kirchenasyl in Stuttgart: Leben in Angst vor Abschiebung"},"content":{"rendered":"<p>            <img loading=\"lazy\" decoding=\"async\" class=\"ts-image\" src=\"https:\/\/www.europesays.com\/de\/wp-content\/uploads\/2026\/08\/swr-60110.jpg\" alt=\"Kirchenasyl als letzte Zuflucht?\" title=\"Kirchenasyl als letzte Zuflucht? | dpa Bildfunk, Picture Alliance\"\/><\/p>\n<p class=\"metatextline\">Stand: 30.08.2026 \u2022 06:00 Uhr<\/p>\n<p class=\"article-head__shorttext\">\n        <strong><strong>Im Keller eines Gemeindehauses lebt ein junger Jeside. Ihm droht die Abschiebung, doch die Kirche gew\u00e4hrt ihm Asyl. Und spricht von einer letzten M\u00f6glichkeit, wenn &#8222;Unrecht geschieht&#8220;.<\/strong><\/strong>\n    <\/p>\n<p class=\"textabsatz m-ten m-offset-one l-eight l-offset-two columns twelve\">In einer kleinen K\u00fcchenzeile kocht sich Delshad Issa Wasser f\u00fcr einen Schwarztee. Der 28-j\u00e4hrige Jeside lebt seit drei Wochen im Jugendkeller eines Gemeindehauses einer evangelischen Kirche in Stuttgart. Wo genau, das soll aufgrund seiner Situation in diesem Text nicht genannt werden. Ihm gehe es nicht gut, erz\u00e4hlt Issa, denn er lebe in einer schwierigen Situation und d\u00fcrfe das Haus nicht verlassen. Er verbringe den Tag mit Kochen, lerne online Deutsch und treibe Sport.<\/p>\n<blockquote class=\"zitat\">\n<p>\n                    Ich muss mich irgendwie bewegen, wenn ich den ganzen Tag in diesem Zimmer bin, aber ich bin dankbar, dass ich so einen sicheren Ort habe.<br \/>\n<strong>Delshad Issa, Jeside im Kirchenasyl<\/strong><\/p>\n<\/blockquote>\n<p class=\"textabsatz m-ten m-offset-one l-eight l-offset-two columns twelve\">Der Gemeinderat hat zugestimmt, Delshad Issa <a href=\"https:\/\/www.swr.de\/swraktuell\/baden-wuerttemberg\/kirchenasyl-als-letzte-zuflucht-100.html\" title=\"im Kirchenasyl aufzunehmen\" class=\"textlink--extern\" target=\"_blank\" rel=\"noopener nofollow\">im Kirchenasyl aufzunehmen<\/a> und f\u00fcr seine Versorgung aufzukommen. Denn ihm droht die Abschiebung. Das bedeutet aber auch, dass er das Grundst\u00fcck nicht verlassen darf.<\/p>\n<p>    Evangelische Gemeinde setzt mit Kirchenasyl ein Zeichen gegen Abschiebung<\/p>\n<p class=\"textabsatz m-ten m-offset-one l-eight l-offset-two columns twelve\">Im Jugendkeller hat sich Issa eine Bleibe eingerichtet. Eine Matratze liegt auf dem Boden, darauf zwei Kissen und eine Decke. Am Kopfende sind ein paar Habseligkeiten aufgereiht, ein Rucksack, eine T\u00fcte mit Kleidern und ein paar Hygieneartikel. &#8222;Hier haben wir die M\u00f6glichkeit, dass er schlafen kann und eine Toilette hat&#8220;, erkl\u00e4rt Wolfgang-Bernhard Kapitzki, Fl\u00fcchtlingskoordinator der evangelischen Kirche f\u00fcr die Region Stuttgart.<\/p>\n<blockquote class=\"zitat\">\n<p>\n                    Das ist alles sehr provisorisch, aber unter dem Dach der Kirche.<br \/>\n<strong>Wolfgang-Bernhard Kapitzki, Fl\u00fcchtlingskoordinator der evangelischen Kirche f\u00fcr die Region Stuttgart<\/strong><\/p>\n<\/blockquote>\n<p class=\"textabsatz m-ten m-offset-one l-eight l-offset-two columns twelve\">Durch das Kirchenasyl soll Zeit gewonnen werden, w\u00e4hrend <a href=\"https:\/\/www.swr.de\/swraktuell\/baden-wuerttemberg\/mannheim\/anstieg-asylverfahren-verwaltungsgerichte-justiz-100.html\" title=\"die Beh\u00f6rden das Asylverfahren erneut \u00fcberpr\u00fcfen.\" class=\"textlink--extern\" target=\"_blank\" rel=\"noopener nofollow\">die Beh\u00f6rden das Asylverfahren erneut \u00fcberpr\u00fcfen.<\/a> Den Bescheid \u00fcber die Ablehnung seines Asylgesuchs bekam er vor wenigen Monaten. Kurze Zeit sp\u00e4ter habe er auch einen Brief mit der Aufforderung bekommen, sich nachts in der Zeit von 3 bis 9 Uhr fr\u00fch zuhause aufzuhalten, so Issa.<\/p>\n<p>Kirchenasyl<\/p>\n<p>            Die Gesamtzahl der F\u00e4lle von Kirchenasyl ist zuletzt zur\u00fcckgegangen. Laut Bundesregierung von knapp 3.000 Menschen im Jahr 2024 auf 2.254 Menschen im vergangenen Jahr. Am meisten Asylsuchende nahmen vor zwei Jahren Kirchengemeinden in Nordrhein-Westfalen, Hessen, Bayern, Bremen und Berlin auf. Baden-W\u00fcrttemberg und Rheinland-Pfalz liegen unter den 16 Bundesl\u00e4ndern auf den hinteren Pl\u00e4tzen, vor dem Saarland, Sachsen und Mecklenburg-Vorpommern.<\/p>\n<p>    Kirchenasyl: &#8222;Gentlemen&#8217;s -Agreement&#8220; zwischen Kirche und Staat<\/p>\n<p class=\"textabsatz m-ten m-offset-one l-eight l-offset-two columns twelve\">Das Kirchenasyl biete Menschen wie Delshad Issa vor\u00fcbergehend Schutz, sagt Kapitzki. Eine Art &#8222;Gentlemen&#8217;s Agreement&#8220; zwischen Kirche und Staat, nennt er es. Denn die Flucht an einen sicheren Ort sei auch fr\u00fcher im Mittelalter ein altes Traditionsrecht gewesen. &#8222;Wenn ich an einen heiligen Ort gehe, wird mir dort nichts geschehen, das war schon bei den Kelten so&#8220;, erkl\u00e4rt Kapitzki.<\/p>\n<blockquote class=\"zitat\">\n<p>\n                    Auf dieses alte Bild bauen wir so ein bisschen auf, wohlwissend, dass es kein rechtsfreier Raum hier ist. Hier gilt das Grundgesetz, hier gelten die deutschen Spielregeln.<br \/>\n<strong>Wolfgang-Bernhard Kapitzki, Fl\u00fcchtlingskoordinator der evangelischen Kirche f\u00fcr die Region Stuttgart<\/strong><\/p>\n<\/blockquote>\n<p class=\"textabsatz m-ten m-offset-one l-eight l-offset-two columns twelve\">Theoretisch k\u00f6nnte die Polizei Issa aus dem Kirchenasyl holen. Einen staatlich anerkannten Rechtsanspruch gibt es nicht. Nach der Entscheidung des Bundesamtes f\u00fcr Migration und Fl\u00fcchtlinge (BAMF) soll Issa nach Bulgarien r\u00fcckgef\u00fchrt werden, wo er zum ersten Mal in der EU registriert wurde. Doch das liegt acht Jahre zur\u00fcck.<\/p>\n<p>    Seit acht Jahren in Baden-W\u00fcrttemberg &#8211; und integriert<\/p>\n<p class=\"textabsatz m-ten m-offset-one l-eight l-offset-two columns twelve\">Inzwischen hat sich der 28-J\u00e4hrige in Baden-W\u00fcrttemberg ein Leben aufgebaut, Deutsch gelernt, gearbeitet und Freunde gefunden. Hier leben auch seine Br\u00fcder, die einige Jahre fr\u00fcher nach Deutschland kamen und ein Bleiberecht haben. Doch Issa soll f\u00fcr sein Asylverfahren nach Bulgarien.<\/p>\n<p class=\"textabsatz m-ten m-offset-one l-eight l-offset-two columns twelve\">&#8222;Es scheint eine Kette von Dingen schief gelaufen zu sein, die dieses Verfahren immer wieder in die L\u00e4nge ziehen und immer wieder Schwierigkeiten machen&#8220;, sagt Kapitzki. Man k\u00f6nne menschlich verstehen, dass bei der Arbeits\u00fcberlastung in Beh\u00f6rden auch Fehler passieren. Aber f\u00fcr denjenigen, der mit den Folgen leben muss, breche eine Welt zusammen.<\/p>\n<p>    Abschiebung aus Bulgarien in den Nordirak?<\/p>\n<p class=\"textabsatz m-ten m-offset-one l-eight l-offset-two columns twelve\">Das Kirchenasyl, so Kapitzki, sei eine Ultima Ratio. &#8222;Die letzte M\u00f6glichkeit, die die Kirche in Anspruch nimmt, wenn alles Rechtliche ausgesch\u00f6pft ist und wir der Meinung sind, dass ein Unrecht geschieht, die Menschenw\u00fcrde mit F\u00fc\u00dfen getreten wird und ein Leben in Gefahr ist.&#8220; Das sei auch ein Auftrag des Glaubens, sagt der Fl\u00fcchtlingskoordinator. Nicht nur die &#8222;Menschwerdung&#8220; an Weihnachten zu feiern, sondern auch selbst &#8222;wie Menschen zu handeln&#8220;.<\/p>\n<p>    Sicherheitslage f\u00fcr Jesiden im Nordirak extrem gef\u00e4hrlich<\/p>\n<p class=\"textabsatz m-ten m-offset-one l-eight l-offset-two columns twelve\">F\u00fcr Delshad Issa ist seine Heimatregion Shingal im Nordirak auch zw\u00f6lf Jahre nach dem Genozid an den Jesiden noch immer extrem gef\u00e4hrlich und instabil. Lokale Aktivisten und Menschenrechtler warnen davor, dass radikale islamistische Prediger in der Region die Stimmung gegen Jesiden anheizen.<\/p>\n<blockquote class=\"zitat\">\n<p>\n                    Die \u00c4ngste kommen automatisch, auch wenn man nicht dar\u00fcber nachdenkt. Aber ich bin dankbar f\u00fcr die Menschen in der Kirche, die mich unterst\u00fctzen.<br \/>\n<strong>Delshad Issa, Jeside im Kirchenasyl<\/strong><\/p>\n<\/blockquote>\n<p class=\"textabsatz m-ten m-offset-one l-eight l-offset-two columns twelve\">Issa hatte bereits einen Ausbildungsplatz als Hotelfachmann. Doch mit dem Abschiebebescheid verlor Issa seine Besch\u00e4ftigungserlaubnis und damit die Aussicht auf eine Perspektive in Deutschland. Jetzt lebt er in gro\u00dfer Angst und kann nicht mehr schlafen.<\/p>\n<p>    Mehr zu Migration<\/p>\n<p>                                        <a class=\"backlink__link\" href=\"https:\/\/www.swr.de\/swraktuell\/baden-wuerttemberg\/kirchenasyl-in-stuttgart-leben-in-angst-vor-abschiebung-100.html\" rel=\"nofollow noopener\" target=\"_blank\"><\/p>\n<p>                                                <img decoding=\"async\" src=\"https:\/\/images.tagesschau.de\/image\/d14251d0-d158-4797-a47c-e97e1e58a56b\/AAABlap_vas\/AAABnR8VW9w\/original\/lra-swr-logo-100.svg\" alt=\"S\u00fcdwestrundfunk\"\/><\/p>\n<p>                                        <\/a><\/p>\n","protected":false},"excerpt":{"rendered":"Stand: 30.08.2026 \u2022 06:00 Uhr Im Keller eines Gemeindehauses lebt ein junger Jeside. Ihm droht die Abschiebung, doch&hellip;\n","protected":false},"author":2,"featured_media":1269004,"comment_status":"","ping_status":"","sticky":false,"template":"","format":"standard","meta":{"footnotes":"","_share_on_mastodon":"0"},"categories":[1830],"tags":[1634,3364,29,30,1441,1755],"class_list":["post-1269003","post","type-post","status-publish","format-standard","has-post-thumbnail","category-stuttgart","tag-baden-wuerttemberg","tag-de","tag-deutschland","tag-germany","tag-stuttgart","tag-swr"],"share_on_mastodon":{"url":"https:\/\/pubeurope.com\/@de\/117182555088790001","error":""},"_links":{"self":[{"href":"https:\/\/www.europesays.com\/de\/wp-json\/wp\/v2\/posts\/1269003","targetHints":{"allow":["GET"]}}],"collection":[{"href":"https:\/\/www.europesays.com\/de\/wp-json\/wp\/v2\/posts"}],"about":[{"href":"https:\/\/www.europesays.com\/de\/wp-json\/wp\/v2\/types\/post"}],"author":[{"embeddable":true,"href":"https:\/\/www.europesays.com\/de\/wp-json\/wp\/v2\/users\/2"}],"replies":[{"embeddable":true,"href":"https:\/\/www.europesays.com\/de\/wp-json\/wp\/v2\/comments?post=1269003"}],"version-history":[{"count":0,"href":"https:\/\/www.europesays.com\/de\/wp-json\/wp\/v2\/posts\/1269003\/revisions"}],"wp:featuredmedia":[{"embeddable":true,"href":"https:\/\/www.europesays.com\/de\/wp-json\/wp\/v2\/media\/1269004"}],"wp:attachment":[{"href":"https:\/\/www.europesays.com\/de\/wp-json\/wp\/v2\/media?parent=1269003"}],"wp:term":[{"taxonomy":"category","embeddable":true,"href":"https:\/\/www.europesays.com\/de\/wp-json\/wp\/v2\/categories?post=1269003"},{"taxonomy":"post_tag","embeddable":true,"href":"https:\/\/www.europesays.com\/de\/wp-json\/wp\/v2\/tags?post=1269003"}],"curies":[{"name":"wp","href":"https:\/\/api.w.org\/{rel}","templated":true}]}}