{"id":1269029,"date":"2026-08-30T04:39:22","date_gmt":"2026-08-30T04:39:22","guid":{"rendered":"https:\/\/www.europesays.com\/de\/1269029\/"},"modified":"2026-08-30T04:39:22","modified_gmt":"2026-08-30T04:39:22","slug":"johnny-depp-platin-fuer-johnny-daepp-von-lorenz-bueffel-in-koeln","status":"publish","type":"post","link":"https:\/\/www.europesays.com\/de\/1269029\/","title":{"rendered":"Johnny Depp: Platin f\u00fcr \u201eJohnny D\u00e4pp\u201c von Lorenz B\u00fcffel in K\u00f6ln!"},"content":{"rendered":"<p>Hollywood-Legende kennt das Lied sogarMalle-Star Lorenz-B\u00fcffel schenkt Johnny Depp seine Platinplatte<img alt=\"Johnny D\u00e4pp meets Johnny Depp \" fetchpriority=\"high\" width=\"940\" height=\"529\" decoding=\"async\" data-nimg=\"1\" class=\"Image_image__SdgLQ Picture_image__vGN9W\" style=\"color:transparent\"   src=\"https:\/\/www.europesays.com\/de\/wp-content\/uploads\/2026\/08\/epi_1066454076_dpa-bf_jue7nw24mv-v1-ax-ms6144jpg_lorenz-bueffel-ueberre.webp\"\/><\/p>\n<p>Johnny D\u00e4pp meets Johnny Depp <\/p>\n<p>dpa-Bildfunk<\/p>\n<p class=\"AnnotatedMarkup_paragraph__IUT9l\">Mit \u201eJohnny D\u00e4pp\u201c wird Lorenz B\u00fcffel zur Ballermann-Ikone. Der Partys\u00e4nger erf\u00fcllt sich nun seinen gro\u00dfen Traum und trifft seinen Helden pers\u00f6nlich. Das Lied ist Schauspieler Johnny Depp nicht unbekannt.<\/p>\n<p class=\"AnnotatedMarkup_paragraph__IUT9l\">Lorenz B\u00fcffel hat Johnny Depp eine Platin-Schallplatte f\u00fcr seinen Partyschlager \u201eJohnny D\u00e4pp\u201c \u00fcberreicht. Zu der \u00dcbergabe kam es abseits der B\u00fchne in der K\u00f6lner Lanxess-Arena, wo Depp mit seiner Band Hollywood Vampires auftrat. Die \u201eBild\u201c-Zeitung war bei dem Treffen dabei. Der Song ist dem Schauspieler gewidmet. B\u00fcffel hatte ihn 2016 ver\u00f6ffentlicht. Der Partyschlager schaffte es 2017 bis auf Platz 28 der deutschen Singlecharts und entwickelte sich zum Dauerbrenner auf Mallorca, beim Apr\u00e8s-Ski und im Karneval. 2020 wurde \u201eJohnny D\u00e4pp\u201c mit Platin ausgezeichnet.<\/p>\n<p class=\"AnnotatedMarkup_paragraph__IUT9l\">Vor dem Termin mit dem echten Johnny Depp sei der S\u00e4nger nerv\u00f6ser gewesen als vor eigenen Auftritten, hei\u00dft es. Depp sei ein Weltstar, mehr gehe f\u00fcr ihn nicht, sagte er demnach vorab. \u201eWir durften die ganze Zeit nichts sagen, weil wir nicht wussten, ob es klappt, aber es hat geklappt\u201c, meldete sich B\u00fcffel nach dem Treffen in einer Instagram-Story vom Flughafen. \u00dcber die Begegnung verriet er: \u201eDas Krasseste war, wie er mit unserem Sohn Leo umgegangen ist.\u201c So \u201elieb und herzlich\u201c sei er zu dem Jungen gewesen, best\u00e4tigte auch Ehefrau Emily.<\/p>\n<p class=\"AnnotatedMarkup_paragraph__IUT9l\">Depp wandte sich laut der \u201eBild\u201c-Zeitung zuerst nicht den S\u00e4nger oder dessen Frau zu, sondern dem f\u00fcnfj\u00e4hrigen Sohn des Paares. Der Schauspieler ging in die Knie, umarmte den Jungen und klatschte mit ihm ab. Erst danach begr\u00fc\u00dfte er B\u00fcffel und lobte dessen Sohn. Genau diesen Moment hob der S\u00e4nger sp\u00e4ter in einem Instagram-Post hervor. Das Sch\u00f6nste an dem Treffen sei gewesen, wie herzlich Depp von Anfang an mit dem Kind umgegangen sei, schrieb er unter ein gemeinsames Foto. Den Abend werde die Familie nie vergessen.<\/p>\n<p>Lied verfolgt Depp <\/p>\n<p class=\"AnnotatedMarkup_paragraph__IUT9l\">Der Schauspieler zeigte sich mit dem Lied vertraut. Die Band habe \u201eJohnny D\u00e4pp\u201c auf der Fahrt zur Halle im Tourbus laufen lassen. \u201eDas Lied wird mich in meinen Tr\u00e4umen immer wieder verfolgen\u201c, ver\u00f6ffentlichte B\u00fcffel bei Instagram ein Zitat von Depp. Drau\u00dfen in der Arena verfolgten den Angaben zufolge 9500 Zuschauer den Auftritt der Hollywood Vampires, zu denen neben Depp auch Alice Cooper, Joe Perry und Tommy Henriksen geh\u00f6ren und die am 30. August auch in Hamburg spielen werden.<\/p>\n<p class=\"AnnotatedMarkup_paragraph__IUT9l\">F\u00fcr Lorenz B\u00fcffel hat das Lied die Laufbahn ver\u00e4ndert. Bei einem seiner ersten Auftritte mit dem Song im \u201eMegapark\u201c auf Mallorca habe er es sechs Mal spielen m\u00fcssen, erz\u00e4hlte er. Ohne Depp g\u00e4be es ihn als Partyschlager-S\u00e4nger in dieser Form nicht. Gesprochen wurde in der Garderobe auch \u00fcber Deutschland und \u00fcber Mallorca. Er habe viel davon geh\u00f6rt, sei aber noch nie dort gewesen, sagte Depp. Zum Abschied umarmte er die Familie mehrfach.<\/p>\n<p class=\"AnnotatedMarkup_paragraph__IUT9l\">Ganz neu war die Begegnung f\u00fcr B\u00fcffel nicht. Bereits im Juni 2018 traf er Johnny Depp bei einem Termin der Hollywood Vampires in M\u00f6nchengladbach. Gemeinsam mit Produzent Ikke H\u00fcftgold zeigte er dem Schauspieler damals seine gerade erhaltene Goldene Schallplatte f\u00fcr \u201eJohnny D\u00e4pp\u201c. Depp scherzte mit Blick auf den Titel, er wisse, dass \u201eDepp\u201c auf Deutsch \u201eIdiot\u201c bedeute. B\u00fcffel sprach anschlie\u00dfend von einem erf\u00fcllten Traum.<\/p>\n<p class=\"AnnotatedMarkup_paragraph__IUT9l\">Verwendete Quellen: raf\/spot<\/p>\n","protected":false},"excerpt":{"rendered":"Hollywood-Legende kennt das Lied sogarMalle-Star Lorenz-B\u00fcffel schenkt Johnny Depp seine Platinplatte Johnny D\u00e4pp meets Johnny Depp dpa-Bildfunk Mit&hellip;\n","protected":false},"author":2,"featured_media":1269030,"comment_status":"","ping_status":"","sticky":false,"template":"","format":"standard","meta":{"footnotes":"","_share_on_mastodon":"0"},"categories":[1776],"tags":[1801,29,260945,214,30,40791,474,1802,215],"class_list":["post-1269029","post","type-post","status-publish","format-standard","has-post-thumbnail","category-prominente","tag-celebrities","tag-deutschland","tag-digital-news-desk","tag-entertainment","tag-germany","tag-johnny-depp","tag-mallorca","tag-prominente","tag-unterhaltung"],"share_on_mastodon":{"url":"https:\/\/pubeurope.com\/@de\/117182620228912062","error":""},"_links":{"self":[{"href":"https:\/\/www.europesays.com\/de\/wp-json\/wp\/v2\/posts\/1269029","targetHints":{"allow":["GET"]}}],"collection":[{"href":"https:\/\/www.europesays.com\/de\/wp-json\/wp\/v2\/posts"}],"about":[{"href":"https:\/\/www.europesays.com\/de\/wp-json\/wp\/v2\/types\/post"}],"author":[{"embeddable":true,"href":"https:\/\/www.europesays.com\/de\/wp-json\/wp\/v2\/users\/2"}],"replies":[{"embeddable":true,"href":"https:\/\/www.europesays.com\/de\/wp-json\/wp\/v2\/comments?post=1269029"}],"version-history":[{"count":0,"href":"https:\/\/www.europesays.com\/de\/wp-json\/wp\/v2\/posts\/1269029\/revisions"}],"wp:featuredmedia":[{"embeddable":true,"href":"https:\/\/www.europesays.com\/de\/wp-json\/wp\/v2\/media\/1269030"}],"wp:attachment":[{"href":"https:\/\/www.europesays.com\/de\/wp-json\/wp\/v2\/media?parent=1269029"}],"wp:term":[{"taxonomy":"category","embeddable":true,"href":"https:\/\/www.europesays.com\/de\/wp-json\/wp\/v2\/categories?post=1269029"},{"taxonomy":"post_tag","embeddable":true,"href":"https:\/\/www.europesays.com\/de\/wp-json\/wp\/v2\/tags?post=1269029"}],"curies":[{"name":"wp","href":"https:\/\/api.w.org\/{rel}","templated":true}]}}