{"id":1269038,"date":"2026-08-30T04:46:27","date_gmt":"2026-08-30T04:46:27","guid":{"rendered":"https:\/\/www.europesays.com\/de\/1269038\/"},"modified":"2026-08-30T04:46:27","modified_gmt":"2026-08-30T04:46:27","slug":"steven-gerrard-erkennt-bei-liverpool-schweren-transferfehler-in-der-aera-juergen-klopp","status":"publish","type":"post","link":"https:\/\/www.europesays.com\/de\/1269038\/","title":{"rendered":"Steven Gerrard erkennt bei Liverpool schweren Transferfehler in der \u00c4ra J\u00fcrgen Klopp"},"content":{"rendered":"<p>Liverpool-Ikone Steven Gerrard h\u00e4lt einen Transfer aus der \u00c4ra von J\u00fcrgen Klopp f\u00fcr einen besonders folgenschweren Fehler der Reds. <\/p>\n<p>Der ehemalige Kapit\u00e4n kann bis heute nicht nachvollziehen, dass Liverpool Neco Williams im Sommer 2022 f\u00fcr rund 20 Millionen Euro an Nottingham Forest abgegeben hat. Gerrard, der am Samstag beim Premier-League-Duell zwischen Liverpool und Nottingham als Experte f\u00fcr TNT Sports im Einsatz war, geriet angesichts der Entwicklung des ehemaligen Liverpoolers regelrecht ins Schw\u00e4rmen. Williams verk\u00f6rpere seiner Meinung nach genau den Spielertyp, den man sich bei einem Topklub w\u00fcnsche.<\/p>\n<p>&#8222;Dieser Spieler trainiert genauso, wie er spielt. Er kommt jeden Morgen zum Training und macht alles richtig. Er ist \u00e4u\u00dferst professionell und ein echter Gewinner. Er ist sehr aggressiv, enorm ehrgeizig und wettbewerbsorientiert. Sein Talent war uns ohnehin bekannt&#8220;, lobte Gerrard. Er arbeitete von 2017 bis 2018 als Juniorentrainer bei Liverpool und kennt Williams daher bestens.<\/p>\n<p>Steven Gerrard bedauert Verlust von Neco Williams: &#8222;Liverpool h\u00e4tte ihn behalten sollen&#8220;<\/p>\n<p>Aus Sicht der Vereinslegende hat Williams zudem noch l\u00e4ngst nicht sein gesamtes Potenzial ausgesch\u00f6pft. &#8222;Wenn man sein Talent mit all diesen Eigenschaften verbindet, kann man auf diesem Niveau in der Premier League spielen &#8211; und sich auch dauerhaft auf diesem Niveau behaupten&#8220;, erkl\u00e4rte der fr\u00fchere englische Nationalspieler.<\/p>\n<p>Gerrards Fazit fiel entsprechend eindeutig aus: &#8222;F\u00fcr mich ist er ein herausragender Au\u00dfenverteidiger. Und ich sage das wirklich nicht nur so &#8211; und ich m\u00f6chte mich bei den Fans von Nottingham Forest entschuldigen: Liverpool h\u00e4tte ihn meiner Meinung nach definitiv behalten sollen.&#8220;<\/p>\n<p>Williams war einst in der Nachwuchsakademie der Reds ausgebildet worden und feierte 2020 unter Klopp sein Deb\u00fct in der Profimannschaft. Aufgrund der gro\u00dfen Konkurrenz konnte sich der Waliser an der Anfield Road allerdings nicht dauerhaft als Stammspieler etablieren. Im Januar 2022 wurde er zun\u00e4chst an den FC Fulham verliehen, ehe Liverpool wenige Monate sp\u00e4ter endg\u00fcltig die Trennung vollzog.<\/p>\n<p><img class=\"fco-image__image\" alt=\"Neco Williams\"   loading=\"lazy\" decoding=\"async\" fetchpriority=\"auto\" width=\"1600\" height=\"900\" src=\"https:\/\/www.europesays.com\/de\/wp-content\/uploads\/2026\/08\/GettyImages-2291605919 (1).jpg\" style=\"aspect-ratio:1600 \/ 900;width:100%;height:100%\"\/>Getty ImagesNeco Williams absolvierte 33 Spiele f\u00fcr Liverpool<\/p>\n<p>Bei Nottingham Forest fand Williams anschlie\u00dfend eine deutlich wichtigere Rolle und etablierte sich schnell als Stammspieler. Insgesamt absolvierte er nur 33 Pflichtspiele f\u00fcr Liverpool. Mit Forest erreichte er 2026 das Halbfinale der Europa League, verpasste dort jedoch den Einzug ins Endspiel.<\/p>\n<p>Am Samstag kam es schlie\u00dflich zum Wiedersehen mit seinem fr\u00fcheren Klub: Williams stand f\u00fcr Nottingham gegen Liverpool auf dem Platz. Auf der anderen Seite agierte Milos Kerkez als linker Verteidiger f\u00fcr die Reds, der jedoch keinen \u00fcberragenden Tag erwischte.<\/p>\n<p>Williams ist bei Nottingham noch langfristig bis 2029 gebunden. Dennoch ranken sich derzeit Ger\u00fcchte um einen m\u00f6glichen Abschied. Der 25-J\u00e4hrige wird mit Tottenham Hotspur in Verbindung gebracht, will davon jedoch nichts wissen: &#8222;Ich konzentriere mich auf das, wo ich heute bin &#8211; und das ist Forest. Mehr kann ich nicht tun&#8220;, sagte er bei TNT Sports.<\/p>\n","protected":false},"excerpt":{"rendered":"Liverpool-Ikone Steven Gerrard h\u00e4lt einen Transfer aus der \u00c4ra von J\u00fcrgen Klopp f\u00fcr einen besonders folgenschweren Fehler der&hellip;\n","protected":false},"author":2,"featured_media":1269039,"comment_status":"","ping_status":"","sticky":false,"template":"","format":"standard","meta":{"footnotes":"","_share_on_mastodon":"0"},"categories":[136],"tags":[29,347,30,23456,60900,957,4604,265,1288],"class_list":["post-1269038","post","type-post","status-publish","format-standard","has-post-thumbnail","category-sport","tag-deutschland","tag-fussball","tag-germany","tag-liverpool","tag-n-williams","tag-premier-league","tag-soccer","tag-sport","tag-transfers"],"share_on_mastodon":{"url":"https:\/\/pubeurope.com\/@de\/117182648313008591","error":""},"_links":{"self":[{"href":"https:\/\/www.europesays.com\/de\/wp-json\/wp\/v2\/posts\/1269038","targetHints":{"allow":["GET"]}}],"collection":[{"href":"https:\/\/www.europesays.com\/de\/wp-json\/wp\/v2\/posts"}],"about":[{"href":"https:\/\/www.europesays.com\/de\/wp-json\/wp\/v2\/types\/post"}],"author":[{"embeddable":true,"href":"https:\/\/www.europesays.com\/de\/wp-json\/wp\/v2\/users\/2"}],"replies":[{"embeddable":true,"href":"https:\/\/www.europesays.com\/de\/wp-json\/wp\/v2\/comments?post=1269038"}],"version-history":[{"count":0,"href":"https:\/\/www.europesays.com\/de\/wp-json\/wp\/v2\/posts\/1269038\/revisions"}],"wp:featuredmedia":[{"embeddable":true,"href":"https:\/\/www.europesays.com\/de\/wp-json\/wp\/v2\/media\/1269039"}],"wp:attachment":[{"href":"https:\/\/www.europesays.com\/de\/wp-json\/wp\/v2\/media?parent=1269038"}],"wp:term":[{"taxonomy":"category","embeddable":true,"href":"https:\/\/www.europesays.com\/de\/wp-json\/wp\/v2\/categories?post=1269038"},{"taxonomy":"post_tag","embeddable":true,"href":"https:\/\/www.europesays.com\/de\/wp-json\/wp\/v2\/tags?post=1269038"}],"curies":[{"name":"wp","href":"https:\/\/api.w.org\/{rel}","templated":true}]}}