{"id":1269048,"date":"2026-08-30T04:51:16","date_gmt":"2026-08-30T04:51:16","guid":{"rendered":"https:\/\/www.europesays.com\/de\/1269048\/"},"modified":"2026-08-30T04:51:16","modified_gmt":"2026-08-30T04:51:16","slug":"wahlumfrage-zur-sachsen-anhalt-wahl-zeigt-trend-drei-parteien-bangen","status":"publish","type":"post","link":"https:\/\/www.europesays.com\/de\/1269048\/","title":{"rendered":"Wahlumfrage zur Sachsen-Anhalt-Wahl zeigt Trend \u2013 drei Parteien bangen"},"content":{"rendered":"<p><a href=\"#focus-2\" class=\"transition-colors block text-current relative\" data-sctrack=\"FocusGalleryImage.Reference\"><img   loading=\"lazy\" src=\"https:\/\/www.europesays.com\/de\/wp-content\/uploads\/2026\/08\/sven-schulze-uebernahm-erst-anfang-2026-das-amt-des-ministerpraesidenten-nun-tritt-der-cdu-politiker.jpeg\" alt=\"imago images 0851504277\" title=\"imago images 0851504277\" width=\"6000\" height=\"3375\" class=\"h-full w-full max-w-full rounded-8\" decoding=\"async\"\/><img loading=\"lazy\" src=\"https:\/\/www.t-online.de\/s\/paper\/_next\/static\/media\/zoom-in.f7dae02f.svg\" alt=\"Vergr\u00f6\u00dfern des Bildes\" title=\"Vergr\u00f6\u00dfern des Bildes\" class=\"block h-[calc(var(--height)_\/_16_*_1rem)] w-[calc(var(--width)_\/_16_*_1rem)] max-w-none absolute right-8 bottom-8 rounded-4 bg-snow p-8\" style=\"--width:32;--height:32\" decoding=\"async\"\/>Sven Schulze (Archivbild): Er \u00fcbernahm erst Anfang 2026 das Amt des Ministerpr\u00e4sidenten. Nun tritt der CDU-Politiker erstmals als Spitzenkandidat bei einer Landtagswahl an. (Quelle: IMAGO\/ESDES.Pictures, Bernd Elmenthaler)<\/a><\/p>\n<p class=\"text-18 leading-17 user-text-lg:text-22 user-text-xl:text-24\">Als drittst\u00e4rkste Kraft kommt die Linke auf 13 Prozent, w\u00e4hrend die SPD sieben Prozent und die Gr\u00fcnen f\u00fcnf Prozent der Stimmen erhalten. Das BSW mit vier Prozent und die FDP mit zwei Prozent w\u00e4ren nach den aktuellen Umfrageergebnissen nicht im Parlament vertreten.<\/p>\n<p class=\"text-18 leading-17 user-text-lg:text-22 user-text-xl:text-24\">F\u00fcr die <a href=\"https:\/\/www.t-online.de\/nachrichten\/deutschland\/innenpolitik\/id_101386292\/wahl-in-sachsen-anhalt-afd-erreicht-in-neuer-umfrage-43-prozent.html\" class=\"transition-colors cursor-pointer no-underline md:hover:text-magenta md:focus:text-magenta border-b border-solid border-current text-salemsfur md:hover:border-magenta\" data-tracking=\"{&quot;action&quot;:&quot;click&quot;,&quot;category&quot;:&quot;intextLink&quot;,&quot;label&quot;:&quot;\/nachrichten\/deutschland\/innenpolitik\/id_101386292\/wahl-in-sachsen-anhalt-afd-erreicht-in-neuer-umfrage-43-prozent.html&quot;}\" data-sctrack=\"BodyAnchor\" rel=\"nofollow noopener\" target=\"_blank\">Umfrage vor der Wahl in Sachsen-Anhalt<\/a> wurden den Angaben zufolge 2.604 Wahlberechtigte im Zeitraum vom 3. bis zum 8. August telefonisch und online befragt. Ferner haben sich rund 13 Prozent der W\u00e4hlerinnen und W\u00e4hler noch nicht entschieden, welcher Partei sie am Wahlsonntag ihre Stimme geben wollen.<\/p>\n<p>Wahlumfrage vor der Sachsen-Anhalt-Wahl 2026<\/p>\n<p class=\"text-18 leading-17 user-text-lg:text-22 user-text-xl:text-24\">Aufgrund der Daten in der Umfrage vor der Wahl in Sachsen-Anhalt sieht Campact bei der Gruppe der unentschlossenen W\u00e4hler ein &#8222;erhebliches Potenzial f\u00fcr die demokratischen Parteien&#8220;, wie Vorstand Felix Kolb der Nachrichtenagentur dpa sagte. &#8222;Noch ist nichts entschieden: Eine AfD-Regierung ist kein Automatismus in Sachsen-Anhalt.&#8220;<\/p>\n<p class=\"text-18 leading-17 user-text-lg:text-22 user-text-xl:text-24\">Die Organisation Campact setzt sich f\u00fcr die St\u00e4rkung der Demokratie, f\u00fcr soziale Gerechtigkeit und den Umwelt- und Klimaschutz ein. Sie organisiert regelm\u00e4\u00dfig auch Demonstrationen gegen Rechtsextremismus.<\/p>\n<p>Erh\u00e4lt eine Partei in Sachsen-Anhalt die absolute Mehrheit?<\/p>\n<p class=\"text-18 leading-17 user-text-lg:text-22 user-text-xl:text-24\">Da mehrere kleinere Parteien in den Umfragen im Bereich der F\u00fcnfprozenth\u00fcrde liegen, k\u00f6nnen bereits geringe Abweichungen entscheidend daf\u00fcr sein, wie sich die Sitzverteilung und damit die Mehrheitsverh\u00e4ltnisse im n\u00e4chsten Landtag nach der Sachsen-Anhalt-Wahl gestalten.<\/p>\n<p class=\"text-18 leading-17 user-text-lg:text-22 user-text-xl:text-24\">Deshalb stellt sich die Frage, welche Parteien eine neue Regierung bilden k\u00f6nnten. Nach den aktuellsten Umfrageergebnissen k\u00f6nnte die AfD in Sachsen-Anhalt nicht allein regieren, sie h\u00e4tte keine absolute Mehrheit im Parlament, um Spitzenkandidat Ulrich Siegmund in den ersten beiden Wahlg\u00e4ngen zum Ministerpr\u00e4sidenten zu w\u00e4hlen.<\/p>\n<p>Erster AfD-Ministerpr\u00e4sident nach Landtagswahl in Sachsen-Anhalt?<\/p>\n<p class=\"text-18 leading-17 user-text-lg:text-22 user-text-xl:text-24\">Im dritten Wahlgang reicht dann eine einfache Mehrheit der Stimmen f\u00fcr die Wahl des Ministerpr\u00e4sidenten.<\/p>\n<p class=\"text-18 leading-17 user-text-lg:text-22 user-text-xl:text-24\">Wer in Sachsen-Anhalt regieren kann, h\u00e4ngt entscheidend davon ab, wie viele Parteien neben AfD, CDU und der Linken ins Parlament einziehen. Die SPD liegt seit Wochen knapp \u00fcber der F\u00fcnfprozenth\u00fcrde. Bangen um den Einzug m\u00fcssen den Umfragen zufolge vor allem Gr\u00fcne, FDP und BSW. Wenn Gr\u00fcne und FDP allerdings in den Landtag in <a href=\"https:\/\/www.t-online.de\/themen\/magdeburg\/\" class=\"transition-colors cursor-pointer no-underline md:hover:text-magenta md:focus:text-magenta border-b border-solid border-current text-salemsfur md:hover:border-magenta\" data-tracking=\"{&quot;action&quot;:&quot;click&quot;,&quot;category&quot;:&quot;intextLink&quot;,&quot;label&quot;:&quot;\/themen\/magdeburg\/&quot;}\" data-sctrack=\"BodyAnchor\" rel=\"nofollow noopener\" target=\"_blank\">Magdeburg<\/a> einziehen w\u00fcrden, h\u00e4tte es die AfD ungleich schwerer, das Ministerpr\u00e4sidentenamt f\u00fcr sich zu beanspruchen.<\/p>\n<ul class=\"text-18 leading-17 block pl-24 *:pb-16 *:before:inline-block *:before:size-8 *:before:bg-magenta *:before:mt-0 *:before:mr-12 *:before:mb-2 *:before:-ml-[20px]\">\n<li><strong class=\"font-bold\">Radikal rechts:<\/strong> <a href=\"https:\/\/www.t-online.de\/nachrichten\/deutschland\/innenpolitik\/id_101208580\/sachsen-anhalt-mit-diesem-programm-will-die-afd-das-land-radikal-umbauen.html\" class=\"transition-colors cursor-pointer no-underline md:hover:text-magenta md:focus:text-magenta border-b border-solid border-current text-salemsfur md:hover:border-magenta\" data-tracking=\"{&quot;action&quot;:&quot;click&quot;,&quot;category&quot;:&quot;intextLink&quot;,&quot;label&quot;:&quot;\/nachrichten\/deutschland\/innenpolitik\/id_101208580\/sachsen-anhalt-mit-diesem-programm-will-die-afd-das-land-radikal-umbauen.html&quot;}\" data-sctrack=\"BodyAnchor\" rel=\"nofollow noopener\" target=\"_blank\">Mit diesem Programm will die AfD Deutschland ersch\u00fcttern<\/a><\/li>\n<\/ul>\n","protected":false},"excerpt":{"rendered":"Sven Schulze (Archivbild): Er \u00fcbernahm erst Anfang 2026 das Amt des Ministerpr\u00e4sidenten. Nun tritt der CDU-Politiker erstmals als&hellip;\n","protected":false},"author":2,"featured_media":1269049,"comment_status":"","ping_status":"","sticky":false,"template":"","format":"standard","meta":{"footnotes":"","_share_on_mastodon":"0"},"categories":[2],"tags":[85992,326,186,43455,13871,31,29,536,187,91730,30,13,90426,1985,19399,99561,14,15,860,12,184,133783,10,8,9,11,95401,4649,6799,54580],"class_list":["post-1269048","post","type-post","status-publish","format-standard","has-post-thumbnail","category-deutschland","tag-wahl-o-mat","tag-326","tag-afd","tag-bundeszentrale-fuer-politische-bildung","tag-buendnis-sahra-wagenknecht","tag-cdu","tag-deutschland","tag-die-linke","tag-fdp","tag-fotomontage","tag-germany","tag-headlines","tag-landeszentrale-fuer-politische-bildung","tag-landtag","tag-landtagswahl","tag-landtagswahl-sachsen-anhalt","tag-nachrichten","tag-news","tag-sachsen-anhalt","tag-schlagzeilen","tag-spd","tag-sven-schulze","tag-top-news","tag-top-meldungen","tag-topmeldungen","tag-topnews","tag-ulrich-siegmund","tag-umfrage","tag-wahlkampf","tag-wahlumfrage"],"share_on_mastodon":{"url":"","error":""},"_links":{"self":[{"href":"https:\/\/www.europesays.com\/de\/wp-json\/wp\/v2\/posts\/1269048","targetHints":{"allow":["GET"]}}],"collection":[{"href":"https:\/\/www.europesays.com\/de\/wp-json\/wp\/v2\/posts"}],"about":[{"href":"https:\/\/www.europesays.com\/de\/wp-json\/wp\/v2\/types\/post"}],"author":[{"embeddable":true,"href":"https:\/\/www.europesays.com\/de\/wp-json\/wp\/v2\/users\/2"}],"replies":[{"embeddable":true,"href":"https:\/\/www.europesays.com\/de\/wp-json\/wp\/v2\/comments?post=1269048"}],"version-history":[{"count":0,"href":"https:\/\/www.europesays.com\/de\/wp-json\/wp\/v2\/posts\/1269048\/revisions"}],"wp:featuredmedia":[{"embeddable":true,"href":"https:\/\/www.europesays.com\/de\/wp-json\/wp\/v2\/media\/1269049"}],"wp:attachment":[{"href":"https:\/\/www.europesays.com\/de\/wp-json\/wp\/v2\/media?parent=1269048"}],"wp:term":[{"taxonomy":"category","embeddable":true,"href":"https:\/\/www.europesays.com\/de\/wp-json\/wp\/v2\/categories?post=1269048"},{"taxonomy":"post_tag","embeddable":true,"href":"https:\/\/www.europesays.com\/de\/wp-json\/wp\/v2\/tags?post=1269048"}],"curies":[{"name":"wp","href":"https:\/\/api.w.org\/{rel}","templated":true}]}}