{"id":1269054,"date":"2026-08-30T04:55:05","date_gmt":"2026-08-30T04:55:05","guid":{"rendered":"https:\/\/www.europesays.com\/de\/1269054\/"},"modified":"2026-08-30T04:55:05","modified_gmt":"2026-08-30T04:55:05","slug":"3-liga-meppen-versetzt-alemannia-aachen-herben-rueckschlag","status":"publish","type":"post","link":"https:\/\/www.europesays.com\/de\/1269054\/","title":{"rendered":"3. Liga: Meppen versetzt Alemannia Aachen herben R\u00fcckschlag"},"content":{"rendered":"<p>            <img loading=\"lazy\" decoding=\"async\" class=\"ts-image\" src=\"https:\/\/www.europesays.com\/de\/wp-content\/uploads\/2026\/08\/wdr-oliver-issa-schmitt-von-meppen-freut-sich-ueber-den-zweiten-treffer-gegen-aachen-100.jpg\" alt=\"Oliver Issa Schmitt von Meppen freut sich \u00fcber den zweiten Treffer gegen Aachen\" title=\"Oliver Issa Schmitt von Meppen freut sich \u00fcber den zweiten Treffer gegen Aachen | IMAGO\/Beautiful Sports\"\/><\/p>\n<p class=\"metatextline\">Stand: 29.08.2026 \u2022 15:51 Uhr<\/p>\n<p class=\"article-head__shorttext\">\n        <strong>Alemannia Aachen hat eine \u00fcberraschend deutliche Heimniederlage hinnehmen m\u00fcssen. Aufsteiger SV Meppen zeigte vor allem eine \u00fcberragende erste Halbzeit.<\/strong>\n    <\/p>\n<p class=\"textabsatz m-ten m-offset-one l-eight l-offset-two columns twelve\">Alemannia Aachen hat gegen den SV Meppen eine empfindliche Heimniederlage kassiert. Das Team von Trainer Mersad Selimbegovic unterlag dem Aufsteiger aus dem Emsland mit 0:3 (0:3).<\/p>\n<p class=\"textabsatz m-ten m-offset-one l-eight l-offset-two columns twelve\">Die Aachener fanden an diesem Samstagnachmittag (29.8.2026) keine Mittel, das selbstbewusst auftretende Team von Trainer Lucas Beniermann in Bedr\u00e4ngnis zu bringen. Vor allem die starke erste H\u00e4lfte der G\u00e4ste d\u00fcrfte der Alemannia noch l\u00e4ngere Zeit Kopfzerbrechen bereiten.<\/p>\n<p class=\"textabsatz m-ten m-offset-one l-eight l-offset-two columns twelve\">Vor 22.751 Zuschauern auf dem Aachener Tivoli erzielten f\u00fcr Meppen Thorben Deters (9.), Cyrill Akono (11.) und Niclas Nadj (43.) die Treffer.<\/p>\n<p>    Meppen schl\u00e4gt fr\u00fch zu<\/p>\n<p class=\"textabsatz m-ten m-offset-one l-eight l-offset-two columns twelve\">Kurz vor dem vor dem Heimspiel gegen die Emsl\u00e4nder hatten die Aachener einen Neuzugang vermeldet. Justin von der Hitz wurde f\u00fcr eine Saison vom Zweitligisten 1. FC N\u00fcrnberg ausgeliehen. Der 19-J\u00e4hrige ist auf der rechten Au\u00dfenbahn zu Hause und stand bereits am Samstagnachmittag im Kader.<\/p>\n<p class=\"textabsatz m-ten m-offset-one l-eight l-offset-two columns twelve\">Was von der Hitz sich von der Ersatzbank in der ersten H\u00e4lfte hatte ansehen m\u00fcssen, d\u00fcrfte ihm allerdings nicht gefallen haben. Der Aufsteiger aus Meppen zeigte von Beginn an eine engagierte Leistung, die die Aachener sichtlich beeindruckte. Und so war es auch kein Zufall, dass die G\u00e4ste schon fr\u00fch in F\u00fchrung ging. Deters verwandelte ein genaues Zuspiel von Akono eiskalt zum 1:0.<\/p>\n<p>    Aachen steht neben sich<\/p>\n<p class=\"textabsatz m-ten m-offset-one l-eight l-offset-two columns twelve\">Von diesem Moment an lief das Team von Trainer Mersad Selimbegovic fast nur noch hinterher. Nur drei Minuten nach der F\u00fchrung erzielte Akono auch schon das 2:0. Nach einer Hereingabe von Tobias Mi\u00dfner von der linken Seite war der Angreifer einen Schritt schneller als sein Gegenspieler und verwandelte aus kurzer Distanz zum 2:0.<\/p>\n<p class=\"textabsatz m-ten m-offset-one l-eight l-offset-two columns twelve\">Und damit noch nicht genug: Nadj erh\u00f6hte mit einem sehenswerten Distanzschuss von der Strafraumgrenze kurz vor der Pause sogar noch zum 3:0 f\u00fcr die G\u00e4ste. Am Ende standen nach 45 Minuten 3:13 Torsch\u00fcsse aus Sicht der Aachener, die fast v\u00f6llig neben sich standen. Das Team von G\u00e4ste-Trainer Beniermann zeigte dagegen eine b\u00e4renstarke erste H\u00e4lfte.<\/p>\n<p>    Aachen rennt an ohne Erfolg<\/p>\n<p class=\"textabsatz m-ten m-offset-one l-eight l-offset-two columns twelve\">Die Aachener versuchten im zweiten Durchgang strukturierter aufzutreten und Druck auf die Meppener auszu\u00fcben. Allerdings wussten die Meppener zu verhindern, dass die Alemannia gef\u00e4hrlich werden konnte. Vielmehr waren die G\u00e4ste n\u00e4her dran, weitere Treffer zu erzielen.<\/p>\n<p class=\"textabsatz m-ten m-offset-one l-eight l-offset-two columns twelve\">Auch die Einwechslung von von der Hitz rund 20 Minuten vor dem Abpfiff sollte keine positive Wende mehr f\u00fcr die Alemannia bringen.<\/p>\n<p>    Freitag in Ingolstadt<\/p>\n<p class=\"textabsatz m-ten m-offset-one l-eight l-offset-two columns twelve\">In der Liga geht es f\u00fcr die Alemannen bereits am Freitag (04.09.2026) weiter. Zum Auftakt des vierten Spieltages tritt Aachen um 19 Uhr beim FC Ingolstadt an.<\/p>\n<ul class=\"buttongroup buttongroup--copytext\">\n<li class=\"buttongroup__item\">\n<p>    <a class=\"btn btn--text btn--standard-secondary btn--fullwidth\" href=\"https:\/\/1.ard.de\/wdr-sport-livestreams?de=liga3\" rel=\"nofollow noopener\" target=\"_blank\"><br \/>\n        Fu\u00dfball und Events live im WDR<\/p>\n<p>  Pfeil rechts<\/p>\n<p>    <\/a>\n<\/li>\n<\/ul>\n<p class=\"textabsatz m-ten m-offset-one l-eight l-offset-two columns twelve\"><strong>Unsere Quellen<\/strong>:<\/p>\n<ul class=\"bulletpoint-list \">\n<li>Drittliga-Partie zwischen Alemannia Aachen gegen SV Meppen am 29.08.2026<\/li>\n<li>Homepage von Alemannia Aachen (alemannia-aachen.de)<\/li>\n<\/ul>\n<p class=\"textabsatz m-ten m-offset-one l-eight l-offset-two columns twelve\"><strong>Sendung<\/strong>: <strong>wdr.de<\/strong>, &#8222;Aachen unterliegt Meppen deutlich&#8220;, <strong>29.08.2026<\/strong>, 16.10 Uhr<\/p>\n<p>                                        <a class=\"backlink__link\" href=\"https:\/\/www1.wdr.de\/sport\/fussball\/dritte-liga\/spielbericht-aachen-meppen-100.html\" rel=\"nofollow noopener\" target=\"_blank\"><\/p>\n<p>                                                <img decoding=\"async\" src=\"https:\/\/images.sportschau.de\/image\/9ef70e2e-6dd6-4b18-afd2-7063c40e8939\/AAABlap_yqU\/AAABnR8VW9w\/original\/lra-wdr-logo-100.svg\" alt=\"Westdeutscher Rundfunk\"\/><\/p>\n<p>                                        <\/a><\/p>\n","protected":false},"excerpt":{"rendered":"Stand: 29.08.2026 \u2022 15:51 Uhr Alemannia Aachen hat eine \u00fcberraschend deutliche Heimniederlage hinnehmen m\u00fcssen. Aufsteiger SV Meppen zeigte&hellip;\n","protected":false},"author":2,"featured_media":1269055,"comment_status":"","ping_status":"","sticky":false,"template":"","format":"standard","meta":{"footnotes":"","_share_on_mastodon":"0"},"categories":[1853],"tags":[995,1424,999,3364,29,548,663,3934,347,30,13,14,15,1209,12,225],"class_list":["post-1269054","post","type-post","status-publish","format-standard","has-post-thumbnail","category-aachen","tag-3-liga","tag-aachen","tag-alemannia-aachen","tag-de","tag-deutschland","tag-eu","tag-europa","tag-europe","tag-fussball","tag-germany","tag-headlines","tag-nachrichten","tag-news","tag-nordrhein-westfalen","tag-schlagzeilen","tag-wdr"],"share_on_mastodon":{"url":"https:\/\/pubeurope.com\/@de\/117182683898089164","error":""},"_links":{"self":[{"href":"https:\/\/www.europesays.com\/de\/wp-json\/wp\/v2\/posts\/1269054","targetHints":{"allow":["GET"]}}],"collection":[{"href":"https:\/\/www.europesays.com\/de\/wp-json\/wp\/v2\/posts"}],"about":[{"href":"https:\/\/www.europesays.com\/de\/wp-json\/wp\/v2\/types\/post"}],"author":[{"embeddable":true,"href":"https:\/\/www.europesays.com\/de\/wp-json\/wp\/v2\/users\/2"}],"replies":[{"embeddable":true,"href":"https:\/\/www.europesays.com\/de\/wp-json\/wp\/v2\/comments?post=1269054"}],"version-history":[{"count":0,"href":"https:\/\/www.europesays.com\/de\/wp-json\/wp\/v2\/posts\/1269054\/revisions"}],"wp:featuredmedia":[{"embeddable":true,"href":"https:\/\/www.europesays.com\/de\/wp-json\/wp\/v2\/media\/1269055"}],"wp:attachment":[{"href":"https:\/\/www.europesays.com\/de\/wp-json\/wp\/v2\/media?parent=1269054"}],"wp:term":[{"taxonomy":"category","embeddable":true,"href":"https:\/\/www.europesays.com\/de\/wp-json\/wp\/v2\/categories?post=1269054"},{"taxonomy":"post_tag","embeddable":true,"href":"https:\/\/www.europesays.com\/de\/wp-json\/wp\/v2\/tags?post=1269054"}],"curies":[{"name":"wp","href":"https:\/\/api.w.org\/{rel}","templated":true}]}}