{"id":1269075,"date":"2026-08-30T05:10:50","date_gmt":"2026-08-30T05:10:50","guid":{"rendered":"https:\/\/www.europesays.com\/de\/1269075\/"},"modified":"2026-08-30T05:10:50","modified_gmt":"2026-08-30T05:10:50","slug":"neue-filme-erzaehlen-erfolgsgeschichten-aus-westfalen","status":"publish","type":"post","link":"https:\/\/www.europesays.com\/de\/1269075\/","title":{"rendered":"Neue Filme erz\u00e4hlen Erfolgsgeschichten aus Westfalen"},"content":{"rendered":"<p>Wie wurden Claas, Melitta, Westfalen-Gas und Sinalco zu bekannten Marken? Die neue LWL-Reihe \u201eMade in Westfalen\u201c blickt hinter die Firmengeschichten.<\/p>\n<p>M\u00fcnster (td) &#8211; Westfalens Wirtschaft ist reich an Erfolgsgeschichten. Ihre Urspr\u00fcnge sind zuweilen kurios: Mal f\u00fchrt der \u00c4rger \u00fcber lockere Knoten im Bindegarn zu einer bahnbrechenden Idee (Claas), mal zahlt sich Mut zum Risiko in katastrophalen Zeiten aus (Westfalen-Gas). Mal bringt der Pr\u00fctt in\u2026<\/p>\n<p>            <img decoding=\"async\" src=\"https:\/\/www.die-glocke.de\/typo3conf\/ext\/bo_dieglocke_template\/Resources\/Public\/Images\/logo\/glocke_plus_icon.svg\" class=\"pwTopImage\" alt=\"Glocke Plus\"\/><\/p>\n<p>                Jetzt weiterlesen mit G+<\/p>\n<p class=\"card-text equal-height text-center\" data-equalheightgroup=\"1\">\n                0,99 \u20ac im 1. Monat \u2013 monatlich k\u00fcndbar\n            <\/p>\n<tr>\n<tr>\n<td class=\"w-25px p-1\">\n<\/td>\n<td class=\"p-1\">\n<p>                                            aktuelle Nachrichten rund um die Uhr<\/p>\n<\/td>\n<\/tr>\n<tr>\n<td class=\"w-25px p-1\">\n<\/td>\n<td class=\"p-1\">\n<p>                                            nur 79 \u20ac (ab dem 13. Monat 7,90 \u20ac monatlich)<\/p>\n<\/td>\n<\/tr>\n<tr>\n<td class=\"w-25px p-1\">\n<\/td>\n<td class=\"p-1\">\n<p>                                            nach 12 Monaten Mindestlaufzeit monatlich k\u00fcndbar<\/p>\n<\/td>\n<\/tr>\n<tr>\n<td class=\"w-25px p-1\">\n<\/td>\n<td class=\"p-1\">\n<p>                                            sparen Sie 15,80 \u20ac gegen\u00fcber dem Monatsabo<\/p>\n<\/td>\n<\/tr>\n<\/tr>\n<p>\n                        79 \u20ac f\u00fcr 12 Monate\n                    <\/p>\n<p>                    <a data-upscore-conversion=\"1\" rel=\"nofollow noopener\" class=\"btn link-primary border rounded border-2 border-primary d-block w-100 mb-4\" href=\"https:\/\/shop.die-glocke.de\/bestellen\/g-jahresabo-bc91?type=paypal&amp;upscore_object_id=22b756e7-7df4-4f3d-b9f1-d8b487779cec-Portal&amp;upscore_offer_id=&amp;upscore_click_id=&amp;upscore_object_url=https%3A%2F%2Fwww.die-glocke.de%2Fregionales%2Fartikel%2Fneue-filme-erzaehlen-erfolgsgeschichten-aus-westfalen-1787919604&amp;target=https%3A%2F%2Fwww.die-glocke.de%2Fregionales%2Fartikel%2Fneue-filme-erzaehlen-erfolgsgeschichten-aus-westfalen-1787919604\" target=\"_blank\"><br \/>\n                        <strong>Jahresabo bestellen mit <\/strong><br \/>\n                        <img loading=\"lazy\" decoding=\"async\" class=\"me-2 icon-paypal\" src=\"https:\/\/www.die-glocke.de\/fileadmin\/images\/demo\/paypal.svg\" width=\"65\" height=\"15\" alt=\"Paypal\"\/><br \/>\n                    <\/a><\/p>\n<p>                    <a data-upscore-conversion=\"1\" class=\"paywall_order_btn-668975\" href=\"https:\/\/shop.die-glocke.de\/gplus-jahresabo?upscore_object_id=22b756e7-7df4-4f3d-b9f1-d8b487779cec-Portal&amp;upscore_offer_id=&amp;upscore_click_id=&amp;upscore_object_url=https%3A%2F%2Fwww.die-glocke.de%2Fregionales%2Fartikel%2Fneue-filme-erzaehlen-erfolgsgeschichten-aus-westfalen-1787919604&amp;target=https%3A%2F%2Fwww.die-glocke.de%2Fregionales%2Fartikel%2Fneue-filme-erzaehlen-erfolgsgeschichten-aus-westfalen-1787919604\" rel=\"nofollow noopener\" target=\"_blank\"><br \/>\n                        Jahresabo bestellen<br \/>\n                    <\/a><\/p>\n<p>Texte und Fotos von die-glocke.de sind urheberrechtlich gesch\u00fctzt.<br \/>\n            Weiterverwendung nur mit Genehmigung der Chefredaktion.<\/p>\n","protected":false},"excerpt":{"rendered":"Wie wurden Claas, Melitta, Westfalen-Gas und Sinalco zu bekannten Marken? Die neue LWL-Reihe \u201eMade in Westfalen\u201c blickt hinter&hellip;\n","protected":false},"author":2,"featured_media":1269076,"comment_status":"","ping_status":"","sticky":false,"template":"","format":"standard","meta":{"footnotes":"","_share_on_mastodon":"0"},"categories":[1843],"tags":[56909,3847,175036,3364,16397,29,92,30,26859,262143,45161,262140,262142,187597,144223,262145,22055,8970,1209,262141,262144,12768,77283],"class_list":["post-1269075","post","type-post","status-publish","format-standard","has-post-thumbnail","category-muenster","tag-lwl","tag-bocholt","tag-claas","tag-de","tag-detmold","tag-deutschland","tag-film","tag-germany","tag-harsewinkel","tag-kirchhundem","tag-landschaftsverband-westfalen-lippe","tag-made-in-westfalen","tag-maria-anna-tappeiner","tag-medienzentrum","tag-melitta","tag-mennekes","tag-minden","tag-muenster","tag-nordrhein-westfalen","tag-prof-dr-markus-koester","tag-rose-bikes","tag-sinalco","tag-westfalen-ag"],"share_on_mastodon":{"url":"https:\/\/pubeurope.com\/@de\/117182747369855908","error":""},"_links":{"self":[{"href":"https:\/\/www.europesays.com\/de\/wp-json\/wp\/v2\/posts\/1269075","targetHints":{"allow":["GET"]}}],"collection":[{"href":"https:\/\/www.europesays.com\/de\/wp-json\/wp\/v2\/posts"}],"about":[{"href":"https:\/\/www.europesays.com\/de\/wp-json\/wp\/v2\/types\/post"}],"author":[{"embeddable":true,"href":"https:\/\/www.europesays.com\/de\/wp-json\/wp\/v2\/users\/2"}],"replies":[{"embeddable":true,"href":"https:\/\/www.europesays.com\/de\/wp-json\/wp\/v2\/comments?post=1269075"}],"version-history":[{"count":0,"href":"https:\/\/www.europesays.com\/de\/wp-json\/wp\/v2\/posts\/1269075\/revisions"}],"wp:featuredmedia":[{"embeddable":true,"href":"https:\/\/www.europesays.com\/de\/wp-json\/wp\/v2\/media\/1269076"}],"wp:attachment":[{"href":"https:\/\/www.europesays.com\/de\/wp-json\/wp\/v2\/media?parent=1269075"}],"wp:term":[{"taxonomy":"category","embeddable":true,"href":"https:\/\/www.europesays.com\/de\/wp-json\/wp\/v2\/categories?post=1269075"},{"taxonomy":"post_tag","embeddable":true,"href":"https:\/\/www.europesays.com\/de\/wp-json\/wp\/v2\/tags?post=1269075"}],"curies":[{"name":"wp","href":"https:\/\/api.w.org\/{rel}","templated":true}]}}