{"id":1269085,"date":"2026-08-30T05:21:29","date_gmt":"2026-08-30T05:21:29","guid":{"rendered":"https:\/\/www.europesays.com\/de\/1269085\/"},"modified":"2026-08-30T05:21:29","modified_gmt":"2026-08-30T05:21:29","slug":"bochum-verliert-erneut-hertha-bsc-stuermt-vollkommen-entfesselt-an-spitze-der-2-bundesliga","status":"publish","type":"post","link":"https:\/\/www.europesays.com\/de\/1269085\/","title":{"rendered":"Bochum verliert erneut: Hertha BSC st\u00fcrmt vollkommen entfesselt an Spitze der 2. Bundesliga"},"content":{"rendered":"<p>Bochum verliert erneutHertha BSC st\u00fcrmt vollkommen entfesselt an Spitze der 2. Bundesliga<\/p>\n<p>Artikel anh\u00f6ren (04:08 min)<\/p>\n<p>28.08.2026 | 20:30 Uhr <\/p>\n<p>Was ist blo\u00df mit Hertha BSC los? Der Klub aus dem Berliner Westend patzt fr\u00fch in Braunschweig. Dann drehen sie auf. Kapit\u00e4n Brekalo ist der Held, Hertha Tabellenf\u00fchrer, der Rest der Welt verbl\u00fcfft. In Bochum entt\u00e4uscht der Gastgeber gegen VfL Osnabr\u00fcck.<\/p>\n<p class=\"Typography_text-default__P3otY Typography_weight-normal__pqUbH StorylineParagraph_p__4mkZU\"><b class=\"bold\">Eintracht Braunschweig &#8211; Hertha BSC 3:5 (2:2)<\/b><\/p>\n<p class=\"Typography_text-default__P3otY Typography_weight-normal__pqUbH StorylineParagraph_p__4mkZU\">Hertha BSC hat seinen Traumstart in die neue Saison dank eines fulminanten Comebacks fortgesetzt. Die Berliner gewannen zum Auftakt des dritten Spieltags der 2. Fu\u00dfball-Bundesliga bei Eintracht Braunschweig nach einem 0:2-R\u00fcckstand noch mit 5:3 (2:2) &#8211; und setzten sich mit der vollen Punkteausbeute vor\u00fcbergehend an die Spitze. Auch im DFB-Pokal hatte die Mannschaft von Trainer Stefan Leitl zuletzt einen Erstrundenerfolg gefeiert.<\/p>\n<\/p>\n<p class=\"Typography_text-default__P3otY Typography_weight-normal__pqUbH StorylineParagraph_p__4mkZU\">Jon Dagur Thorsteinsson (44.), der \u00fcberragende Kapit\u00e4n Josip Brekalo (45.+4\/69., Foulelfmeter nach Videobeweis), ein Eigentor durch Kevin Ehlers (53.) und Oluwaseun Adewumi (87.) drehten die Partie. Die Niedersachsen waren zuvor durch Yann Sturm (9.) und dem sp\u00e4teren Ungl\u00fccksraben Ehlers (33.) in F\u00fchrung gegangen, Jan Urbich (88.) sorgte f\u00fcr den Endstand. Der 1. FC N\u00fcrnberg k\u00f6nnte dem Hauptstadtklub die Tabellenf\u00fchrung am Samstag aber wieder abnehmen.<\/p>\n<p class=\"Typography_text-default__P3otY Typography_weight-normal__pqUbH StorylineParagraph_p__4mkZU\">Die Hertha machte sich zun\u00e4chst selbst das Leben schwer. Ein missgl\u00fcckter R\u00fcckpass landete bei Sturm, der nur noch Marius Gersbeck vor sich hatte. Ehlers durfte nach einer Ecke freistehend eink\u00f6pfen. Dann bediente Brekalo Thorsteinsson, dessen abgef\u00e4lschter Schuss unter der Latte einschlug. Den Ausgleich besorgte Brekalo selbst, als er aus rund 40 Metern mit viel Gef\u00fchl um den herausgeeilten Braunschweiger Torh\u00fcter Ron-Thorben Hoffmann herum traf.<\/p>\n<p class=\"Typography_text-default__P3otY Typography_weight-normal__pqUbH StorylineParagraph_p__4mkZU\">Mit dem Doppelschlag im R\u00fccken starteten die Berliner zielstrebiger in die zweite Halbzeit. Brekalo schickte Thorsteinsson auf der rechten Seite, die Hereingabe des Isl\u00e4nders versenkte Ehlers im eigenen Tor. Die Hertha blieb dran. Lino Tempelmann riss Niklas Kolbe bei einer Ecke um, nach Ansicht der TV-Bilder entschied Schiedsrichter Richard Hempel auf Strafsto\u00df. Brekalo verwandelte sicher zur Entscheidung.<\/p>\n<p class=\"Typography_text-default__P3otY Typography_weight-normal__pqUbH StorylineParagraph_p__4mkZU\"><b class=\"bold\">VfL Bochum &#8211; VfL Osnabr\u00fcck 0:1 (0:1)<\/b><\/p>\n<p class=\"Typography_text-default__P3otY Typography_weight-normal__pqUbH StorylineParagraph_p__4mkZU\">Fu\u00dfball-Zweitligist VfL Bochum hat auch sein zweites Heimspiel im Ruhrstadion ohne eigenen Treffer verloren. Nach einem 0:1 zum Auftakt gegen Hertha BSC unterlagen die Bochumer auch dem VfL Osnabr\u00fcck mit 0:1 (0:1). Zwischenzeitlich hatte der Revierklub in Braunschweig 1:0 gewonnen. F\u00fcr den Aufsteiger Osnabr\u00fcck war es nach zwei Niederlagen der erste Sieg. Ismail Badjie erzielte den Siegtreffer schon in der 4. Minute. Nach sieben Gegentreffern binnen zwei Spielen hielt das Team sein Tor diesmal sauber.<\/p>\n<p class=\"Typography_text-default__P3otY Typography_weight-normal__pqUbH StorylineParagraph_p__4mkZU\">Bei Bochum starteten mit Mats Pannewig und Tom Meyer zwei junge Spieler auf der Doppel-Sechs. Bei Osnabr\u00fcck fehlte Angreifer David Kopacz. Der Kllub hatte gepostet: &#8222;David Kopacz befindet sich in Gespr\u00e4chen mit einem anderen Verein und ist deshalb nicht Teil des Spieltagskaders.&#8220; F\u00fcr ihn startete im offensiven Mittelfeld der aus Heidenheim gekommene Adrian Beck.<\/p>\n<p class=\"Typography_text-default__P3otY Typography_weight-normal__pqUbH StorylineParagraph_p__4mkZU\">Badjie (20) schockte die Gastgeber fr\u00fch mit einem 16-Meter-Schlenzer zum 1:0 (4.). Anschlie\u00dfend hatten die Bochumer Gl\u00fcck, dass Beck f\u00fcr die G\u00e4ste in der 34. Minute mit einem Schuss gleich beide Pfosten traf. Becks vermeintlicher Treffer zum 2:0 wurde wegen Abseits korrekterweise zur\u00fcckgenommen (41.).<\/p>\n<p class=\"Typography_text-default__P3otY Typography_weight-normal__pqUbH StorylineParagraph_p__4mkZU\">Auch in der zweiten Halbzeit blieben dominante Bochumer gegen gut stehende G\u00e4ste zu harmlos und verpassten trotz besser werdender Chancen den Ausgleich. In der 86. Minute traf Philipp Hofmann mit einem Kopfball die Latte .Am kommenden Mittwoch empfangen die Osnabr\u00fccker zum DFB-Pokal-Erstrundenspiel den FC Bayern an der Bremer Br\u00fccke (20.45 Uhr\/ARD, Sky und im Liveticker auf ntv.de).<\/p>\n<p>Verwendete Quellen: ntv.de, sue\/dpa\/sid<\/p>\n","protected":false},"excerpt":{"rendered":"Bochum verliert erneutHertha BSC st\u00fcrmt vollkommen entfesselt an Spitze der 2. Bundesliga Artikel anh\u00f6ren (04:08 min) 28.08.2026 |&hellip;\n","protected":false},"author":2,"featured_media":1269086,"comment_status":"","ping_status":"","sticky":false,"template":"","format":"standard","meta":{"footnotes":"","_share_on_mastodon":"0"},"categories":[1839],"tags":[8559,7507,3364,29,8704,347,30,1088,1209,8173,12777],"class_list":["post-1269085","post","type-post","status-publish","format-standard","has-post-thumbnail","category-bochum","tag-2-fussball-bundesliga","tag-bochum","tag-de","tag-deutschland","tag-eintracht-braunschweig","tag-fussball","tag-germany","tag-hertha-bsc","tag-nordrhein-westfalen","tag-vfl-bochum","tag-vfl-osnabrueck"],"share_on_mastodon":{"url":"","error":""},"_links":{"self":[{"href":"https:\/\/www.europesays.com\/de\/wp-json\/wp\/v2\/posts\/1269085","targetHints":{"allow":["GET"]}}],"collection":[{"href":"https:\/\/www.europesays.com\/de\/wp-json\/wp\/v2\/posts"}],"about":[{"href":"https:\/\/www.europesays.com\/de\/wp-json\/wp\/v2\/types\/post"}],"author":[{"embeddable":true,"href":"https:\/\/www.europesays.com\/de\/wp-json\/wp\/v2\/users\/2"}],"replies":[{"embeddable":true,"href":"https:\/\/www.europesays.com\/de\/wp-json\/wp\/v2\/comments?post=1269085"}],"version-history":[{"count":0,"href":"https:\/\/www.europesays.com\/de\/wp-json\/wp\/v2\/posts\/1269085\/revisions"}],"wp:featuredmedia":[{"embeddable":true,"href":"https:\/\/www.europesays.com\/de\/wp-json\/wp\/v2\/media\/1269086"}],"wp:attachment":[{"href":"https:\/\/www.europesays.com\/de\/wp-json\/wp\/v2\/media?parent=1269085"}],"wp:term":[{"taxonomy":"category","embeddable":true,"href":"https:\/\/www.europesays.com\/de\/wp-json\/wp\/v2\/categories?post=1269085"},{"taxonomy":"post_tag","embeddable":true,"href":"https:\/\/www.europesays.com\/de\/wp-json\/wp\/v2\/tags?post=1269085"}],"curies":[{"name":"wp","href":"https:\/\/api.w.org\/{rel}","templated":true}]}}