{"id":1269091,"date":"2026-08-30T05:25:14","date_gmt":"2026-08-30T05:25:14","guid":{"rendered":"https:\/\/www.europesays.com\/de\/1269091\/"},"modified":"2026-08-30T05:25:14","modified_gmt":"2026-08-30T05:25:14","slug":"sarah-ferguson-kehrt-nach-epstein-skandal-wieder-nach-england-zurueck","status":"publish","type":"post","link":"https:\/\/www.europesays.com\/de\/1269091\/","title":{"rendered":"Sarah Ferguson kehrt nach Epstein-Skandal wieder nach England zur\u00fcck"},"content":{"rendered":"<p>Nach Prinz Harry und Herzogin Meghan kehrt auch die ehemalige Herzogin von York wieder in ihre alte Heimat zur\u00fcck. Laut britischen Medien will sie sich in der N\u00e4he von London niederlassen.<\/p>\n<p class=\"klz-story-element-paragraph klz-text-copy\" data-testid=\"article-paragraph\">In den vergangenen Monaten war es still um Sarah \u201eFergie\u201c Ferguson. Die <a href=\"https:\/\/www.kleinezeitung.at\/artikel\/20229018\/sarah-ferguson-trennt-sich-von-herzogin-titel\" target=\"_blank\" rel=\"nofollow noopener\">ehemalige Herzogin<\/a> von York vermied \u00f6ffentliche Auftritte und zog sich nach dem Bekanntwerden <a href=\"https:\/\/www.kleinezeitung.at\/artikel\/20545036\/wegen-epstein-verbindungen-stiftung-von-sarah-ferguson-schliesst\" target=\"_blank\" rel=\"nofollow noopener\">ihrer Freundschaft zu dem verstorbenen Sexualstraft\u00e4ter Jeffrey Epstein<\/a> zur\u00fcck. Wie mehrere britische Medien berichten, kehrt die 66-J\u00e4hrige nun wieder nach Gro\u00dfbritannien zur\u00fcck.<\/p>\n<p class=\"klz-story-element-paragraph klz-text-copy\" data-testid=\"article-paragraph\">Laut \u201eThe Sun\u201c soll Fergie bereits in einigen Tagen wieder einreisen. Damit ist sie in guter Gesellschaft, auch Prinz Harry (41) und Herzogin Meghan (45) zogen in der vergangenen Woche wieder <a href=\"https:\/\/www.kleinezeitung.at\/artikel\/41187817\/prinz-harry-und-meghan-vor-rueckkehr-nach-grossbritannien\" target=\"_blank\" rel=\"nofollow noopener\">in ihre alte Heimat.<\/a> Die Familie l\u00e4sst Kalifornien hinter sich und m\u00f6chte sich f\u00fcr die kommenden Jahre mit ihren Kindern Prinz Archie (7) und Prinzessin Lilibet (5) in den Cotswolds ein neues Zuhause aufbauen. <\/p>\n<p>Sarah Ferguson kehrt in alte Heimat zur\u00fcck<\/p>\n<p class=\"klz-story-element-paragraph klz-text-copy\" data-testid=\"article-paragraph\">Die ehemalige Herzogin soll sich Berichten zufolge in der Gegend um London niederlassen und dort ein Anwesen mit sechs Schlafzimmern f\u00fcr 8000 Pfund pro Monat mieten. Diese Entscheidung traf Ferguson bestimmt auch, um n\u00e4her bei Tochter Prinzessin Eugenie zu sein. Die 36-J\u00e4hrige brachte vor einigen Wochen ihr drittes Kind, Tochter Adelaide, zur Welt. Die Prinzessin und Ehemann Jack Brooksbank haben bereits die gemeinsamen S\u00f6hne August (5) und Ernest (3).<\/p>\n<p class=\"klz-story-element-paragraph klz-text-copy\" data-testid=\"article-paragraph\">Fergie hatte immer eine sehr innige Beziehung zu ihren zwei T\u00f6chtern. Trotz Skandale und der Flucht aus der \u00d6ffentlichkeit soll die Ex-Herzogin stets den Kontakt zu ihren T\u00f6chtern gehalten haben. Auch f\u00fcr Prinzessin Beatrice (38) soll die Trennung von ihrer Mutter schwierig gewesen sein. Die \u00e4ltere Tochter von Ferguson und Andrew Mountbatten-Windsor hat zwei Kinder mit Ehemann Edoardo Mapelli Mozzi. Zudem brachte dieser Sohn Wolfe mit in die Ehe. Das Paar lebt einen Gro\u00dfteil des Jahres in Portugal.<\/p>\n<p>Fergie: Auszeit in den Alpen und Emiraten<\/p>\n<p class=\"klz-story-element-paragraph klz-text-copy\" data-testid=\"article-paragraph\">Das letzte Mal wurde die 66-J\u00e4hrige im April<a href=\"https:\/\/www.kleinezeitung.at\/artikel\/20776318\/sarah-fergie-ferguson-erstmals-seit-sieben-monaten-in-oesterreich\" target=\"_blank\" rel=\"nofollow noopener\"> in den \u00f6sterreichischen Alpen gesichtet<\/a>, wo sie sich eine Auszeit geg\u00f6nnt hat. Wie britische Medien berichteten, soll Fergie sich danach <a href=\"https:\/\/www.kleinezeitung.at\/artikel\/20621767\/nach-aufenthalt-in-schweizer-privatklinik-flucht-in-arabische-emirate\" target=\"_blank\" rel=\"nofollow noopener\">in den Emiraten aufgehalten haben.<\/a> <\/p>\n<p class=\"klz-story-element-paragraph klz-text-copy\" data-testid=\"article-paragraph\">Sie tauchte wohl auch wegen der anhaltenden Ermittlungen gegen Ex-Mann Andrew Mountbatten-Windsor ab. Gegen ihn gibt es aufgrund seiner Verbindungen zu Epstein schwere Anschuldigungen. Im Februar wurde er zudem <a href=\"https:\/\/www.kleinezeitung.at\/artikel\/20607629\/ex-prinz-andrew-mountbatten-windsor-wurde-verhaftet\" target=\"_blank\" rel=\"nofollow noopener\">kurzzeitig festgenommen.<\/a> Im Oktober 2025 entzog ihm Bruder K\u00f6nig Charles alle royalen Titel, auch sein royales Anwesen musste er r\u00e4umen.<\/p>\n<p>Jetzt zum Stargefl\u00fcster-Newsletter anmelden<\/p>\n<p class=\"klz-story-element-paragraph klz-text-copy\" data-testid=\"article-paragraph\">Promi-News aus \u00d6sterreich und der Welt: W\u00f6chentlich \u00fcber die wichtigsten Neuigkeiten Ihrer Stars informiert werden. Vom Blick in die europ\u00e4ischen K\u00f6nigsh\u00e4user, aktuellen Skandalen aus dem Netz bis hin zum neuesten Klatsch und Tratsch aus Hollywood. Wir blicken f\u00fcr Sie hinter die Kulissen &#8211; kostenlos jeden Sonntag in Ihrer Mailbox. <a href=\"https:\/\/www.kleinezeitung.at\/service\/newsletter\/18485250\/stargefluester-vom-woerthersee-bis-nach-hollywood\" target=\"_blank\" rel=\"nofollow noopener\">Hier geht\u2018s zur Anmeldung.<\/a><\/p><\/p>\n","protected":false},"excerpt":{"rendered":"Nach Prinz Harry und Herzogin Meghan kehrt auch die ehemalige Herzogin von York wieder in ihre alte Heimat&hellip;\n","protected":false},"author":2,"featured_media":1269092,"comment_status":"","ping_status":"","sticky":false,"template":"","format":"standard","meta":{"footnotes":"","_share_on_mastodon":"0"},"categories":[3976],"tags":[331,332,96827,81660,118970,13,14,15,67877,23545,12,3992,3993,3994,3995,3996,3997],"class_list":["post-1269091","post","type-post","status-publish","format-standard","has-post-thumbnail","category-vereinigtes-koenigreich","tag-aktuelle-nachrichten","tag-aktuelle-news","tag-andrew","tag-epstein","tag-fergie","tag-headlines","tag-nachrichten","tag-news","tag-prinzessin-eugenie","tag-sarah-ferguson","tag-schlagzeilen","tag-uk","tag-united-kingdom","tag-united-kingdom-of-great-britain-and-northern-ireland","tag-vereinigtes-koenigreich","tag-vereinigtes-koenigreich-grossbritannien-und-nordirland","tag-vereinigtes-koenigreich-von-grossbritannien-und-nordirland"],"share_on_mastodon":{"url":"https:\/\/pubeurope.com\/@de\/117182799781806724","error":""},"_links":{"self":[{"href":"https:\/\/www.europesays.com\/de\/wp-json\/wp\/v2\/posts\/1269091","targetHints":{"allow":["GET"]}}],"collection":[{"href":"https:\/\/www.europesays.com\/de\/wp-json\/wp\/v2\/posts"}],"about":[{"href":"https:\/\/www.europesays.com\/de\/wp-json\/wp\/v2\/types\/post"}],"author":[{"embeddable":true,"href":"https:\/\/www.europesays.com\/de\/wp-json\/wp\/v2\/users\/2"}],"replies":[{"embeddable":true,"href":"https:\/\/www.europesays.com\/de\/wp-json\/wp\/v2\/comments?post=1269091"}],"version-history":[{"count":0,"href":"https:\/\/www.europesays.com\/de\/wp-json\/wp\/v2\/posts\/1269091\/revisions"}],"wp:featuredmedia":[{"embeddable":true,"href":"https:\/\/www.europesays.com\/de\/wp-json\/wp\/v2\/media\/1269092"}],"wp:attachment":[{"href":"https:\/\/www.europesays.com\/de\/wp-json\/wp\/v2\/media?parent=1269091"}],"wp:term":[{"taxonomy":"category","embeddable":true,"href":"https:\/\/www.europesays.com\/de\/wp-json\/wp\/v2\/categories?post=1269091"},{"taxonomy":"post_tag","embeddable":true,"href":"https:\/\/www.europesays.com\/de\/wp-json\/wp\/v2\/tags?post=1269091"}],"curies":[{"name":"wp","href":"https:\/\/api.w.org\/{rel}","templated":true}]}}