{"id":1269124,"date":"2026-08-30T05:48:29","date_gmt":"2026-08-30T05:48:29","guid":{"rendered":"https:\/\/www.europesays.com\/de\/1269124\/"},"modified":"2026-08-30T05:48:29","modified_gmt":"2026-08-30T05:48:29","slug":"so-sehen-sie-fussball-heute-im-tv-mit-bremen-schalke-und-real-fussball","status":"publish","type":"post","link":"https:\/\/www.europesays.com\/de\/1269124\/","title":{"rendered":"So sehen Sie Fu\u00dfball heute im TV: Mit Bremen, Schalke und Real | Fu\u00dfball"},"content":{"rendered":"<p><b>Seit diesem Wochenende laufen wieder alle f\u00fcnf europ\u00e4ischen Top-Ligen. Auch am heutigen Sonntag gibt es spannende Duelle im deutschen Unter- sowie Oberhaus, Premier League und La Liga. So sind Sie live im TV mit dabei. <\/b><\/p>\n<p><b>Die wichtigsten Partien im \u00dcberblick: <\/b><\/p>\n<p><a href=\"https:\/\/sportbild.bild.de\/bundesliga\/startseite\/1-bundesliga\/home-33207854.sport.html\" class=\"text-link\" rel=\"nofollow noopener\" target=\"_blank\"><b>Bundesliga<\/b><\/a><b>:<\/b><\/p>\n<p>SC Freiburg \u2013\u00a0Werder Bremen (15.30 Uhr\/DAZN) <\/p>\n<p>FC Augsburg \u2013\u00a0Schalke 04 (17.30 Uhr\/DAZN) <\/p>\n<p><b>2. Bundesliga: <\/b><\/p>\n<p>FC St. Pauli \u2013\u00a01. FC Kaiserslautern (13.30 Uhr\/WOW)<\/p>\n<p>Darmstadt 98 \u2013\u00a0Hannover 96 (13.30 Uhr\/WOW)<\/p>\n<p>1. FC Magdeburg \u2013\u00a0Holstein Kiel (13.30 Uhr\/WOW)<\/p>\n<p><b>3. Liga:<\/b><\/p>\n<p>1. FC Saarbr\u00fccken \u2013\u00a0Hansa Rostock (13.30 Uhr\/MagentaSport)<\/p>\n<p>TSV Havelse \u2013\u00a0Waldhof Mannheim (16.30 Uhr\/MagentaSport)<\/p>\n<p><a href=\"https:\/\/sportbild.bild.de\/fussball\/premier-league\/premierleague\/home-44103642.sport.html\" class=\"text-link\" rel=\"nofollow noopener\" target=\"_blank\"><b>Premier League<\/b><\/a><b>: <\/b><\/p>\n<p>FC Chelsea \u2013\u00a0Brighton &amp; Hove Albion (15 Uhr\/WOW)<\/p>\n<p>Manchester United\u00a0\u2013 Ipswich Town (17.30 Uhr\/WOW)<\/p>\n<p><b>La Liga: <\/b><\/p>\n<p>Real Madrid \u2013\u00a0Malaga CF (17 Uhr\/DAZN)<\/p>\n<p><b>Serie A: <\/b><\/p>\n<p>SSC Neapel \u2013\u00a0Como 1907 (18.30 Uhr\/DAZN)<\/p>\n<p><b>Ligue 1:<\/b><\/p>\n<p>AS Monaco \u2013\u00a0Olympique Marseille (20.45 Uhr\/DAZN)<\/p>\n<p>So sehen Sie Fu\u00dfball heute im TV<\/p>\n<p>Fu\u00dfball-Fans aufgepasst: Den ersten Bundesliga-Sonntag der neuen Saison mit der Bundesliga-R\u00fcckkehr des FC Schalke 04 sehen Sie live und exklusiv beim <a href=\"https:\/\/tidd.ly\/4eQ11HF\" target=\"_blank\" rel=\"nofollow noopener\" class=\"text-link\">kostenpflichtigen Streaminganbieter DAZN<\/a> (Anzeige). <\/p>\n<p>DAZN \u00fcbertr\u00e4gt zudem die Serie A, La Liga und die Ligue\u00a01. Die Partien des deutschen Unterhauses sehen Sie heute live bei Pay-TV-Sender Sky und <a href=\"https:\/\/ib.adnxs-simple.com\/clktrb?id=830256&amp;gdpr=1&amp;gdpr_consent=0&amp;cachebuster=$%7BCACHEBUSTER%7D&amp;t=2\" target=\"_blank\" rel=\"nofollow noopener\" class=\"text-link\">Streamingdienst WOW<\/a> (Anzeige). Des Weiteren werden die Premier-League-Spiele heute bei WOW \u00fcbertragen. Die 3. Liga hat MagentaSport im Angebot. <\/p>\n<p><a href=\"https:\/\/sportdaten.sportbild.bild.de\/dn2026-08-30\/#hs-filter=sport-1;\" target=\"_blank\" rel=\"nofollow noopener\" class=\"text-link\">Kein TV? Kein Problem! Im SPORT BILD-Live-Ticker verpassen Sie nichts. <\/a><\/p>\n<p>Bundesliga: R\u00fcckkehr eines Giganten<\/p>\n<p>1191 Tage nach dem dramatischen Abstieg in die 2. Bundesliga feiert <a href=\"https:\/\/sportbild.bild.de\/bundesliga\/vereine\/schalke\/home-33283904.sport.html\" class=\"text-link\" rel=\"nofollow noopener\" target=\"_blank\">Schalke 04<\/a> seine R\u00fcckkehr. F\u00fcr Trainer Miron Muslic (43) ist es sogar die Premiere im deutschen Oberhaus. Nach dem m\u00fchseligen Sieg gegen Halle in der ersten DFB-Pokalrunde (5:2 n.V.) soll nun der zweite Pflichtspielsieg in Augsburg dazukommen. <\/p>\n","protected":false},"excerpt":{"rendered":"Seit diesem Wochenende laufen wieder alle f\u00fcnf europ\u00e4ischen Top-Ligen. Auch am heutigen Sonntag gibt es spannende Duelle im&hellip;\n","protected":false},"author":2,"featured_media":1269125,"comment_status":"","ping_status":"","sticky":false,"template":"","format":"standard","meta":{"footnotes":"","_share_on_mastodon":"0"},"categories":[1824],"tags":[2420,1931,3364,29,49571,4771,997,18391,30,4445,5639,18531,88072,25275,3349,804,4222,877,19292,126193,62906,185552,245441,1927,16438,537],"class_list":["post-1269124","post","type-post","status-publish","format-standard","has-post-thumbnail","category-bremen","tag-bremen","tag-dazn","tag-de","tag-deutschland","tag-fc-augsburg-1907","tag-fc-chelsea","tag-fc-hansa-rostock","tag-fc-schalke","tag-germany","tag-ligue-1","tag-magenta-sport","tag-manchester-united","tag-olympique-marseille","tag-primera-division-la-liga","tag-real-madrid","tag-serie-a","tag-sky","tag-spobi-2-liga","tag-spobi-3-liga","tag-spobi-bundesliga","tag-spobi-fussball","tag-spobi-international","tag-spobi-premier-league","tag-sport-standard","tag-sv-waldhof-mannheim","tag-werder-bremen"],"share_on_mastodon":{"url":"https:\/\/pubeurope.com\/@de\/117182890224831241","error":""},"_links":{"self":[{"href":"https:\/\/www.europesays.com\/de\/wp-json\/wp\/v2\/posts\/1269124","targetHints":{"allow":["GET"]}}],"collection":[{"href":"https:\/\/www.europesays.com\/de\/wp-json\/wp\/v2\/posts"}],"about":[{"href":"https:\/\/www.europesays.com\/de\/wp-json\/wp\/v2\/types\/post"}],"author":[{"embeddable":true,"href":"https:\/\/www.europesays.com\/de\/wp-json\/wp\/v2\/users\/2"}],"replies":[{"embeddable":true,"href":"https:\/\/www.europesays.com\/de\/wp-json\/wp\/v2\/comments?post=1269124"}],"version-history":[{"count":0,"href":"https:\/\/www.europesays.com\/de\/wp-json\/wp\/v2\/posts\/1269124\/revisions"}],"wp:featuredmedia":[{"embeddable":true,"href":"https:\/\/www.europesays.com\/de\/wp-json\/wp\/v2\/media\/1269125"}],"wp:attachment":[{"href":"https:\/\/www.europesays.com\/de\/wp-json\/wp\/v2\/media?parent=1269124"}],"wp:term":[{"taxonomy":"category","embeddable":true,"href":"https:\/\/www.europesays.com\/de\/wp-json\/wp\/v2\/categories?post=1269124"},{"taxonomy":"post_tag","embeddable":true,"href":"https:\/\/www.europesays.com\/de\/wp-json\/wp\/v2\/tags?post=1269124"}],"curies":[{"name":"wp","href":"https:\/\/api.w.org\/{rel}","templated":true}]}}