{"id":1269130,"date":"2026-08-30T05:54:21","date_gmt":"2026-08-30T05:54:21","guid":{"rendered":"https:\/\/www.europesays.com\/de\/1269130\/"},"modified":"2026-08-30T05:54:21","modified_gmt":"2026-08-30T05:54:21","slug":"warten-auf-nachfolge-fuer-postfiliale-in-brackel","status":"publish","type":"post","link":"https:\/\/www.europesays.com\/de\/1269130\/","title":{"rendered":"Warten auf Nachfolge f\u00fcr Postfiliale in Brackel"},"content":{"rendered":"<p>\t\tWarten auf Nachfolge f\u00fcr Postfiliale in Brackel<br \/>\n\t\t\t\t\tInteressenten soll es aber schon geben<\/p>\n<p>\t\t\t\t<a class=\"article-author__name\" href=\"https:\/\/www.ruhrnachrichten.de\/author\/melina-arntzen\/\" rel=\"author nofollow noopener\" target=\"_blank\">Melina Arntzen<\/a><br \/>\n\t\tVolont\u00e4rin<\/p>\n<p>    <a href=\"https:\/\/www.ruhrnachrichten.de\/wp-content\/uploads\/2026\/08\/27\/15\/630_0900_6734445_-1648x824.jpg\" rel=\"nofollow noopener\" target=\"_blank\"><\/p>\n<p>            <img loading=\"lazy\" decoding=\"async\" src=\"https:\/\/www.europesays.com\/de\/wp-content\/uploads\/2026\/08\/630_0900_6734419_-640x428.jpg\" width=\"640\" height=\"428\"  alt=\"Die ehemalige Postfiliale am Brackeler Hellweg 103 \"\/><\/p>\n<p>    <\/a><br \/>\n    Die ehemalige Postfiliale am Brackeler Hellweg 103 steht leer. F\u00fcr die rund 200 Quadratmeter gro\u00dfe Verkaufsfl\u00e4che wird ein neuer Mieter gesucht. \u00a9 Andreas Schr\u00f6ter (A)<\/p>\n<p class=\"article__teaser-text\">Die ehemalige Postfiliale am Brackeler Hellweg 103 wird auf einem Immobilien-Portal zur Miete angeboten. Interessenten soll es bereits geben.<\/p>\n<p>2 Min Lesezeit<\/p>\n<p>Spekulationen um Nachfolge<\/p>\n","protected":false},"excerpt":{"rendered":"Warten auf Nachfolge f\u00fcr Postfiliale in Brackel Interessenten soll es aber schon geben Melina Arntzen Volont\u00e4rin Die ehemalige&hellip;\n","protected":false},"author":2,"featured_media":1269131,"comment_status":"","ping_status":"","sticky":false,"template":"","format":"standard","meta":{"footnotes":"","_share_on_mastodon":"0"},"categories":[1833],"tags":[3364,29,217,30,8677,1209,625],"class_list":["post-1269130","post","type-post","status-publish","format-standard","has-post-thumbnail","category-dortmund","tag-de","tag-deutschland","tag-dortmund","tag-germany","tag-leerstand","tag-nordrhein-westfalen","tag-verbraucher"],"share_on_mastodon":{"url":"https:\/\/pubeurope.com\/@de\/117182916320386674","error":""},"_links":{"self":[{"href":"https:\/\/www.europesays.com\/de\/wp-json\/wp\/v2\/posts\/1269130","targetHints":{"allow":["GET"]}}],"collection":[{"href":"https:\/\/www.europesays.com\/de\/wp-json\/wp\/v2\/posts"}],"about":[{"href":"https:\/\/www.europesays.com\/de\/wp-json\/wp\/v2\/types\/post"}],"author":[{"embeddable":true,"href":"https:\/\/www.europesays.com\/de\/wp-json\/wp\/v2\/users\/2"}],"replies":[{"embeddable":true,"href":"https:\/\/www.europesays.com\/de\/wp-json\/wp\/v2\/comments?post=1269130"}],"version-history":[{"count":0,"href":"https:\/\/www.europesays.com\/de\/wp-json\/wp\/v2\/posts\/1269130\/revisions"}],"wp:featuredmedia":[{"embeddable":true,"href":"https:\/\/www.europesays.com\/de\/wp-json\/wp\/v2\/media\/1269131"}],"wp:attachment":[{"href":"https:\/\/www.europesays.com\/de\/wp-json\/wp\/v2\/media?parent=1269130"}],"wp:term":[{"taxonomy":"category","embeddable":true,"href":"https:\/\/www.europesays.com\/de\/wp-json\/wp\/v2\/categories?post=1269130"},{"taxonomy":"post_tag","embeddable":true,"href":"https:\/\/www.europesays.com\/de\/wp-json\/wp\/v2\/tags?post=1269130"}],"curies":[{"name":"wp","href":"https:\/\/api.w.org\/{rel}","templated":true}]}}