{"id":1269160,"date":"2026-08-30T06:16:19","date_gmt":"2026-08-30T06:16:19","guid":{"rendered":"https:\/\/www.europesays.com\/de\/1269160\/"},"modified":"2026-08-30T06:16:19","modified_gmt":"2026-08-30T06:16:19","slug":"brandenburg-verliert-wieder-einwohner","status":"publish","type":"post","link":"https:\/\/www.europesays.com\/de\/1269160\/","title":{"rendered":"Brandenburg verliert wieder Einwohner"},"content":{"rendered":"<p><strong>Brandenburg hat wieder Einwohner verloren, Berlin leicht zugelegt. Zum 31. Mai lebten im Land 2.545.779 Menschen \u2013 1.209 weniger als zuvor.<\/strong><\/p>\n<p><img decoding=\"async\" class=\"aligncenter size-large\" src=\"https:\/\/www.europesays.com\/de\/wp-content\/uploads\/2026\/08\/2026-08-30_bevoelkerungsstand-brandenburg-berlin.jpg\" alt=\"Grafik zum Bev\u00f6lkerungsstand in Brandenburg und Berlin\" width=\"1000\"\/>Bev\u00f6lkerungsstand zum 31. Mai 2026. Grafik: NIEDERLAUSITZ aktuell<strong>Die Zahlen im Vergleich<\/strong><\/p>\n<p><strong>Brandenburg:<\/strong> 2.545.779 Einwohner, ein R\u00fcckgang um 1.209<\/p>\n<p><strong>Berlin:<\/strong> 3.700.245 Einwohner, ein Zuwachs um 273<\/p>\n<p>Das teilt das Amt f\u00fcr Statistik Berlin-Brandenburg mit. Bemerkenswert ist die Berliner Zahl vor allem deshalb, weil der Zuwachs zustande kam, obwohl die ausl\u00e4ndische Bev\u00f6lkerung dort zur\u00fcckging.<\/p>\n<p><strong>Warum 1.209 mehr sind als eine Zahl<\/strong><\/p>\n<p>Ein Minus von 1.209 Menschen klingt bei zweieinhalb Millionen Einwohnern nach wenig \u2013 es sind 0,05 Prozent. Entscheidend ist aber nicht die Gr\u00f6\u00dfenordnung, sondern die Richtung: Brandenburg schrumpft, Berlin w\u00e4chst weiter, wenn auch nur noch minimal.<\/p>\n<p>Und der Landesdurchschnitt verdeckt, was in den Regionen passiert. Das Umland von Berlin gewinnt seit Jahren Einwohner, w\u00e4hrend die berlinfernen Kreise verlieren. F\u00fcr S\u00fcdbrandenburg hei\u00dft das: Der tats\u00e4chliche R\u00fcckgang vor Ort d\u00fcrfte deutlich \u00fcber dem Landeswert liegen.<\/p>\n<p><strong>Was die Zahl nicht sagt<\/strong><\/p>\n<p>Die Meldung nennt keine Aufschl\u00fcsselung nach Landkreisen. Wie sich Cottbus, Spree-Nei\u00dfe, Oberspreewald-Lausitz oder Elbe-Elster entwickelt haben, l\u00e4sst sich daraus nicht ablesen. Die vollst\u00e4ndigen Angaben stehen im Statistischen Bericht zum Bev\u00f6lkerungsstand.<\/p>\n<p class=\"nla-nl__kicker\">Newsletter<\/p>\n<p>Die Lausitz am Abend \u2013 in zwei Minuten<\/p>\n<p class=\"nla-nl__sub\">Jeden Abend das Wichtigste aus der Region \u2013 und donnerstags die Veranstaltungstipps f\u00fcrs Wochenende. Kostenlos und jederzeit abbestellbar.<\/p>\n<p class=\"nla-nl__row\"><a class=\"nla-nl__btn\" href=\"https:\/\/www.niederlausitz-aktuell.de\/newsletter\" rel=\"nofollow noopener\" target=\"_blank\">Jetzt kostenlos abonnieren<\/a><\/p>\n<p>Datenquelle: Amt f\u00fcr Statistik Berlin-Brandenburg<\/p>\n<p>Titelbild: Grafik \u00a9 NIEDERLAUSITZ aktuell<\/p>\n<p><strong>Weitere aktuelle Meldungen aus der Region<\/strong>Heute in der Lausitz \u2013 Unser t\u00e4glicher News\u00fcberblick<\/p>\n<p>Mehr Infos und News aus der Lausitzer und S\u00fcdbrandenburger Region sowie Videos und Social-Media-Content von heute findet ihr in unserer Tages\u00fcbersicht \u2013&gt;&gt; <a href=\"https:\/\/www.niederlausitz-aktuell.de\/main-artikel\/230749\/heute-in-der-lausitz-unser-taeglicher-news-und-contentueberblick-56.html\" target=\"_blank\" rel=\"noopener nofollow\"><strong>Hier zur \u00dcbersicht<\/strong><\/a><\/p>\n<p style=\"margin:0 0 10px 0;font-size:15px;line-height:1.5;\"> <strong>Uns bei Google als bevorzugte Quelle festlegen<\/strong><br \/>Wer etwas googelt, bekommt neben den normalen Treffern eine Box mit aktuellen<br \/>\n Nachrichten. Legen Sie NIEDERLAUSITZ aktuell als bevorzugte Quelle fest,<br \/>\n erscheinen unsere Beitr\u00e4ge dort h\u00e4ufiger f\u00fcr Sie \u2013 und in den KI-\u00dcbersichten<br \/>\n von Google. Ein Klick gen\u00fcgt, danach sind Sie sofort wieder hier.<\/p>\n<p style=\"margin:10px 0 0 0;font-size:13px;line-height:1.5;\"> Falls der Knopf nicht angezeigt wird: <a href=\"https:\/\/www.google.com\/preferences\/source?q=niederlausitz-aktuell.de\" target=\"_blank\" rel=\"noopener nofollow\">niederlausitz-aktuell.de bei Google<br \/>\n als bevorzugte Quelle hinzuf\u00fcgen<\/a><\/p>\n<p>Red. \/ Presseinformation<\/p>\n","protected":false},"excerpt":{"rendered":"Brandenburg hat wieder Einwohner verloren, Berlin leicht zugelegt. Zum 31. Mai lebten im Land 2.545.779 Menschen \u2013 1.209&hellip;\n","protected":false},"author":2,"featured_media":1269161,"comment_status":"","ping_status":"","sticky":false,"template":"","format":"standard","meta":{"footnotes":"","_share_on_mastodon":"0"},"categories":[1816],"tags":[1960,1958,1959,1957,46629,296,1956,262156,1890,46540,29,30,924],"class_list":["post-1269160","post","type-post","status-publish","format-standard","has-post-thumbnail","category-brandenburg","tag-aktuelle-nachrichten-aus-berlin-und-brandenburg","tag-aktuelle-nachrichten-aus-brandenburg","tag-aktuelle-news-aus-berlin-und-brandenburg","tag-aktuelle-news-aus-brandenburg","tag-amt-fuer-statistik-berlin-brandenburg","tag-berlin","tag-berlin-und-brandenburg","tag-bevoelkerungsstand","tag-brandenburg","tag-demografie","tag-deutschland","tag-germany","tag-statistik"],"share_on_mastodon":{"url":"","error":""},"_links":{"self":[{"href":"https:\/\/www.europesays.com\/de\/wp-json\/wp\/v2\/posts\/1269160","targetHints":{"allow":["GET"]}}],"collection":[{"href":"https:\/\/www.europesays.com\/de\/wp-json\/wp\/v2\/posts"}],"about":[{"href":"https:\/\/www.europesays.com\/de\/wp-json\/wp\/v2\/types\/post"}],"author":[{"embeddable":true,"href":"https:\/\/www.europesays.com\/de\/wp-json\/wp\/v2\/users\/2"}],"replies":[{"embeddable":true,"href":"https:\/\/www.europesays.com\/de\/wp-json\/wp\/v2\/comments?post=1269160"}],"version-history":[{"count":0,"href":"https:\/\/www.europesays.com\/de\/wp-json\/wp\/v2\/posts\/1269160\/revisions"}],"wp:featuredmedia":[{"embeddable":true,"href":"https:\/\/www.europesays.com\/de\/wp-json\/wp\/v2\/media\/1269161"}],"wp:attachment":[{"href":"https:\/\/www.europesays.com\/de\/wp-json\/wp\/v2\/media?parent=1269160"}],"wp:term":[{"taxonomy":"category","embeddable":true,"href":"https:\/\/www.europesays.com\/de\/wp-json\/wp\/v2\/categories?post=1269160"},{"taxonomy":"post_tag","embeddable":true,"href":"https:\/\/www.europesays.com\/de\/wp-json\/wp\/v2\/tags?post=1269160"}],"curies":[{"name":"wp","href":"https:\/\/api.w.org\/{rel}","templated":true}]}}