{"id":1269168,"date":"2026-08-30T06:22:21","date_gmt":"2026-08-30T06:22:21","guid":{"rendered":"https:\/\/www.europesays.com\/de\/1269168\/"},"modified":"2026-08-30T06:22:21","modified_gmt":"2026-08-30T06:22:21","slug":"babylon-berlin-und-mehr-die-serien-highlights-im-september-3","status":"publish","type":"post","link":"https:\/\/www.europesays.com\/de\/1269168\/","title":{"rendered":"&#8222;Babylon Berlin&#8220; und mehr: Die Serien-Highlights im September"},"content":{"rendered":"<p>\nFilme und Serien\n<\/p>\n<p>Aktualisiert am 30.08.2026, 08:14 Uhr\n<\/p>\n<p><a href=\"https:\/\/i0.web.de\/image\/216\/42667216,pd=1\/babylon-berlin-charlotte-ritter-gereon-rath-tanzen.jpg\" data-brain-zone=\".42667214.content.lead.1\" data-component-path=\"content.lead.1\" data-component-name=\"article-image\" rel=\"nofollow noopener\" target=\"_blank\"> <\/p>\n<p><img loading=\"lazy\" decoding=\"async\" src=\"https:\/\/www.europesays.com\/de\/wp-content\/uploads\/2026\/08\/1788070941_127_babylon-berlin-charlotte-ritter-gereon-rath-tanzen.jpg\" alt=\"&quot;Babylon Berlin&quot;: Charlotte Ritter und Gereon Rath tanzen wieder durch das Berlin der Vorkriegszeit.\" width=\"950\" height=\"534\"\/><\/p>\n<p><\/a> <\/p>\n<p>\n&#8222;Babylon Berlin&#8220;: Charlotte Ritter und Gereon Rath tanzen wieder durch das Berlin der Vorkriegszeit.<br \/>\n\u00a9\u00a0Christine Schroeder\/X Filme Creative Pool\/ARD Degeto Film\/WDR\/SWR\/HR\/Radio Bremen\/Beta Film\n<\/p>\n<p class=\"content__description\" data-speakable=\"\">Die R\u00fcckkehr zweier beliebter Netflix-Serien sowie das fulminante Finale von &#8222;Babylon Berlin&#8220; gibt es im September zu streamen.<\/p>\n<p data-speakable=\"\">Das Ende der Weimarer Republik in der finalen Staffel von <a data-component-name=\"link.semantic\" data-brain-zone=\".42667214.content.textlink_2\" data-component-path=\"content.textlink_2\" href=\"https:\/\/web.de\/magazine\/unterhaltung\/thema\/babylon-berlin\" rel=\"nofollow noopener\" target=\"_blank\">&#8222;Babylon Berlin&#8220;<\/a> sowie mordende britische Aristokraten h\u00e4lt der Serienmonat September parat. Und auch der Herbstbeginn rund um Halloween und die Zeit des Gruselns r\u00fcckt mit der neuen &#8222;Monster&#8220;-Staffel allm\u00e4hlich n\u00e4her.<\/p>\n<p>&#8222;The Gentlemen&#8220;: Ab 3. September auf Netflix<\/p>\n<p data-speakable=\"\">Inspiriert vom gleichnamigen Kult-Gangsterfilm mit <a data-component-name=\"link.semantic\" data-brain-zone=\".42667214.content.textlink_3\" data-component-path=\"content.textlink_3\" href=\"https:\/\/web.de\/magazine\/unterhaltung\/thema\/matthew-mcconaughey\" rel=\"nofollow noopener\" target=\"_blank\">Matthew McConaughey<\/a> (56) von 2019 erwies sich &#8222;The Gentlemen&#8220; auf <a data-component-name=\"link.semantic\" data-brain-zone=\".42667214.content.textlink_4\" data-component-path=\"content.textlink_4\" href=\"https:\/\/web.de\/magazine\/wirtschaft\/thema\/netflix\" rel=\"nofollow noopener\" target=\"_blank\">Netflix<\/a> als gro\u00dfer Erfolg. 100 Millionen Aufrufe erzielte die Serienpremiere nach Angaben des Streamingdienstes zwischen 2024 und 2025. Da war eine Fortsetzung nur folgerichtig.<\/p>\n<p data-speakable=\"\">In Season zwei f\u00e4llt alles eine Nummer gr\u00f6\u00dfer aus. Eddie (<a data-component-name=\"link.semantic\" data-brain-zone=\".42667214.content.textlink_5\" data-component-path=\"content.textlink_5\" href=\"https:\/\/web.de\/magazine\/unterhaltung\/thema\/theo-james\" rel=\"nofollow noopener\" target=\"_blank\">Theo James<\/a>, 41), vom Duke zum Gangsterboss mutiert, sowie seine kongeniale Partnerin Susie (Kaya Scodelario, 34) weiten ihr Grasanbau-Imperium geh\u00f6rig aus. Auch in Italien sind jetzt Aristokraten f\u00fcr sie t\u00e4tig. Doch das ruft auch die lokale Mafia auf den Plan &#8211; mit m\u00f6rderischen Folgen.<\/p>\n<p data-speakable=\"\">Eine dritte Staffel von &#8222;The Gentlemen&#8220; hat Netflix bereits best\u00e4tigt. Die Aristokraten-Gangster-Serie wird also weitergehen.<\/p>\n<p>&#8222;Babylon Berlin&#8220;: Ab 10. September in der ARD Mediathek<\/p>\n<p data-speakable=\"\">Es ist das wohl bislang beeindruckendste Serienprojekt aus Deutschland. Im September geht die fesselnde Historienserie &#8222;Babylon Berlin&#8220;, hinter der unter anderem &#8222;Lola rennt&#8220;-Regisseur Tom Tykwer (61) steckt, mit Staffel f\u00fcnf zu Ende.<\/p>\n<p data-speakable=\"\">Charlotte Ritter (Liv Lisa Fries, 35), Gereon Rath (Volker Bruch, 46) und Co. verschl\u00e4gt es darin in die Zeit des Beginns des Nazi-Regimes Anfang 1933. Gleich zum Staffelauftakt wird Adolf Hitler (Clemens Schick, 54) zum Reichskanzler ernannt &#8211; und in der fragilen Weimarer Republik bricht der Terror los. Ein stellenweise bedr\u00fcckendes, doch gleichzeitig unvermeidliches Ende der grandiosen Prestige-Serie aus deutschen Landen, die auch weltweit ein riesiges Publikum gefunden hat.<\/p>\n<p data-speakable=\"\">In der <a data-component-name=\"link.semantic\" data-brain-zone=\".42667214.content.textlink_6\" data-component-path=\"content.textlink_6\" href=\"https:\/\/web.de\/magazine\/wirtschaft\/thema\/ard\" rel=\"nofollow noopener\" target=\"_blank\">ARD<\/a> Mediathek stehen alle acht Episoden der finalen Staffel ab 10. September auf einen Schlag zum Abruf zur Verf\u00fcgung. Im Ersten gibt es die neuen Folgen ab dem 19. September um 20:15 Uhr zu sehen.<\/p>\n<p>\nAktualisiert am 30.08.2026, 08:14 Uhr\n<\/p>\n<p>\nMonster: Die Geschichte von Lizzie Borden | Offizieller Trailer | Netflix \u00a9 YouTube\n<\/p>\n<p>&#8222;Monster: Die Geschichte von Lizzie Borden&#8220;: Ab 17. September auf Netflix<\/p>\n<p data-speakable=\"\">Die Anthologie-Serie &#8222;Monster&#8220; von Netflix geht schon in die vierte Staffel. Diesmal widmen sich Horror-Mastermind Ryan Murphy (60) und sein Team der wahren Geschichte von Lizzie Borden (1860-1927), die vor Gericht beschuldigt wurde, ihre grausamen Eltern mit einer Axt umgebracht zu haben.<\/p>\n<p><strong>Empfehlungen der Redaktion<\/strong><\/p>\n<p data-speakable=\"\">Erz\u00e4hlt wird hier eine feministische Geschichte \u00fcber &#8222;Sex, Macht und Rache&#8220;, <a target=\"_blank\" data-brain-zone=\".42667214.content.textlink_7\" data-component-path=\"content.textlink_7\" data-component-name=\"link.external\" rel=\"noopener nofollow\" href=\"https:\/\/www.netflix.com\/tudum\/articles\/monster-season-4-lizzie-borden-release-date-cast-news\">wie Netflix zuvor mitteilte<\/a>. Spannend besetzt mit den Ryan-Murphy-Veteranen Charlie Hunnam (&#8222;Monster: Die Geschichte von Ed Gein&#8220;, 46) und Sarah Paulson (&#8222;American Horror Story&#8220;, 51) sowie unter anderem Ella Beatty in der Hauptrolle der Lizzie Borden. Sie ist die Tochter der Hollywood-Legenden Warren Beatty (89) und Annette Bening (68). (lau\/spot)\u00a0<br \/>\n\u00a9 spot on news<\/p>\n","protected":false},"excerpt":{"rendered":"Filme und Serien Aktualisiert am 30.08.2026, 08:14 Uhr &#8222;Babylon Berlin&#8220;: Charlotte Ritter und Gereon Rath tanzen wieder durch&hellip;\n","protected":false},"author":2,"featured_media":1269166,"comment_status":"","ping_status":"","sticky":false,"template":"","format":"standard","meta":{"footnotes":"","_share_on_mastodon":"0"},"categories":[1825],"tags":[223,62824,296,29,30,262157,2846,19571],"class_list":["post-1269168","post","type-post","status-publish","format-standard","has-post-thumbnail","category-berlin","tag-ard","tag-babylon-berlin","tag-berlin","tag-deutschland","tag-germany","tag-lizzie-borden","tag-netflix","tag-weimarer-republik"],"share_on_mastodon":{"url":"https:\/\/pubeurope.com\/@de\/117183026404387157","error":""},"_links":{"self":[{"href":"https:\/\/www.europesays.com\/de\/wp-json\/wp\/v2\/posts\/1269168","targetHints":{"allow":["GET"]}}],"collection":[{"href":"https:\/\/www.europesays.com\/de\/wp-json\/wp\/v2\/posts"}],"about":[{"href":"https:\/\/www.europesays.com\/de\/wp-json\/wp\/v2\/types\/post"}],"author":[{"embeddable":true,"href":"https:\/\/www.europesays.com\/de\/wp-json\/wp\/v2\/users\/2"}],"replies":[{"embeddable":true,"href":"https:\/\/www.europesays.com\/de\/wp-json\/wp\/v2\/comments?post=1269168"}],"version-history":[{"count":0,"href":"https:\/\/www.europesays.com\/de\/wp-json\/wp\/v2\/posts\/1269168\/revisions"}],"wp:featuredmedia":[{"embeddable":true,"href":"https:\/\/www.europesays.com\/de\/wp-json\/wp\/v2\/media\/1269166"}],"wp:attachment":[{"href":"https:\/\/www.europesays.com\/de\/wp-json\/wp\/v2\/media?parent=1269168"}],"wp:term":[{"taxonomy":"category","embeddable":true,"href":"https:\/\/www.europesays.com\/de\/wp-json\/wp\/v2\/categories?post=1269168"},{"taxonomy":"post_tag","embeddable":true,"href":"https:\/\/www.europesays.com\/de\/wp-json\/wp\/v2\/tags?post=1269168"}],"curies":[{"name":"wp","href":"https:\/\/api.w.org\/{rel}","templated":true}]}}