{"id":1269171,"date":"2026-08-30T06:24:17","date_gmt":"2026-08-30T06:24:17","guid":{"rendered":"https:\/\/www.europesays.com\/de\/1269171\/"},"modified":"2026-08-30T06:24:17","modified_gmt":"2026-08-30T06:24:17","slug":"korschenbroich-ausstellung-mit-fotos-von-klaus-stevens-im-seniorenhaus","status":"publish","type":"post","link":"https:\/\/www.europesays.com\/de\/1269171\/","title":{"rendered":"Korschenbroich: Ausstellung mit Fotos von Klaus Stevens im Seniorenhaus"},"content":{"rendered":"<p class=\"text_ohne_einzug richtext text-em-55 !leading-serif mx-6 desktop:mx-0\"> Ein heller Graureiher mit gespreizten Fl\u00fcgeln, eine schwimmende Entenfamilie, bunte Blumen und der <a href=\"https:\/\/rp-online.de\/thema\/kaarster-see\/\" rel=\"nofollow noopener\" target=\"_blank\">Kaarster See<\/a> im Abendrot geh\u00f6ren zu den Bildmotiven, die Klaus Stevens mit seiner Kamera eingefangen hat. Weit ist der ehemalige Zeitungsfotograf daf\u00fcr nicht gereist, wie der Titel seiner Werkschau verdeutlicht: \u201eFokus Natur \u2013 Flora und Fauna in der Region\u201c. Zu sehen ist die <a href=\"https:\/\/rp-online.de\/nrw\/staedte\/korschenbroich\/foto-kuenstler-klaus-stevens-stellt-im-seniorenhaus-korschenbroich-aus_aid-150921507\" rel=\"nofollow noopener\" target=\"_blank\">Ausstellung<\/a> noch bis zum 30. September in der Cafeteria des Seniorenhauses an der Freiheitsstra\u00dfe 14.<\/p>\n<p class=\"richtext text-em-55 !leading-serif mx-6 desktop:mx-0\">Zu den Besonderheiten der Bilder geh\u00f6rt ihre Leuchtkraft. Stevens hat seine Fotos digital \u00fcberarbeitet und mit dieser Technik die Farben verst\u00e4rkt. Dadurch sind manche Blumen knallbunt, was sie teilweise k\u00fcnstlich erscheinen l\u00e4sst. Dass die Natur oft gnadenlos ist, zeigt zum Beispiel das Bild \u201eBienenfresser\u201c mit farbenfrohen V\u00f6geln, die dabei sind, die Insekten mit ihren Schn\u00e4beln zu vertilgen.<\/p>\n<p class=\"richtext text-em-55 !leading-serif mx-6 desktop:mx-0\">Manche Bilder wirken kurios, vor allem das mit einer Kuh, die bis zum Fesselgelenk im Wasser steht und den Kopf zur Kamera dreht, w\u00e4hrend eine Ente gem\u00e4chlich gleitend an ihr vorbeischwimmt. Dem Fotografen ist es gelungen, die verschiedenen Gesichtsausdr\u00fccke der Tiere einzufangen, was den Bildern etwas \u201eSprechendes\u201c verleiht.<\/p>\n<p class=\"richtext text-em-55 !leading-serif mx-6 desktop:mx-0\">Stevens ist schon seit einem halben Jahrhundert mit der Kamera unterwegs: 1977 nahm er am Wettbewerb \u201eJugend hinter der Kamera\u201c teil und konnte im Bereich Schwarz-Wei\u00df-Fotografie Sport den 1. Preis und einen Sonderpreis im Bereich Reportage gewinnen. Er arbeitete zun\u00e4chst freiberuflich f\u00fcr eine D\u00fcsseldorfer Tageszeitung, sp\u00e4ter fest bei der Stadt Kaarst (Pressestelle und Kulturamt).<\/p>\n<p class=\"richtext text-em-55 !leading-serif mx-6 desktop:mx-0\">\u201eDa ich meine Aufnahmen fast immer digital bearbeitet und dabei Landschaften nicht unbedingt in ihrem tats\u00e4chlichen Erscheinungsbild und auch Tiere nicht ohne ihre spezifischen Wesensz\u00fcge abbilde, w\u00fcrde ich meine Fotografie durchaus als Lichtbildkunst einordnen\u201c, sagt Stevens.<\/p>\n<p class=\"richtext text-em-55 !leading-serif mx-6 desktop:mx-0\">Erm\u00f6glicht wurde die Ausstellung durch die Mithilfe des F\u00f6rdervereins des Seniorenhauses. \u201eUns ist es wichtig, nicht hinter verschlossenen T\u00fcren zu agieren, sondern den Bewohnern immer wieder Begegnungen mit der \u00d6ffentlichkeit zu erm\u00f6glichen\u201c, teilt der F\u00f6rderverein mit. Daher gab es keine Vernissage mit geladenem Publikum, sondern eine \u00f6ffentliche Veranstaltung im laufenden Cafeteriabetrieb.<\/p>\n<p class=\"italic richtext text-em-55 !leading-serif mx-6 desktop:mx-0\"><strong class=\"font-bold dark:text-white-solid\">Hinweis<\/strong> Ab dem 22. November stellt Stevens im Kulturbahnhof Korschenbroich eine weitere Werkgruppe seiner Fotoarbeiten aus. Das Thema soll dann lauten: \u201eElemente des Augenblicks \u2013 Eine Reise durch Natur, Tierwelt und Architektur\u201c.<\/p>\n","protected":false},"excerpt":{"rendered":"Ein heller Graureiher mit gespreizten Fl\u00fcgeln, eine schwimmende Entenfamilie, bunte Blumen und der Kaarster See im Abendrot geh\u00f6ren&hellip;\n","protected":false},"author":2,"featured_media":1269172,"comment_status":"","ping_status":"","sticky":false,"template":"","format":"standard","meta":{"footnotes":"","_share_on_mastodon":"0"},"categories":[1775],"tags":[1793,29,214,81538,114077,30,6315,24741,1794,142731,215],"class_list":["post-1269171","post","type-post","status-publish","format-standard","has-post-thumbnail","category-kunst-und-design","tag-art-and-design","tag-deutschland","tag-entertainment","tag-fauna","tag-flora","tag-germany","tag-klaus","tag-korschenbroich","tag-kunst-und-design","tag-stevens","tag-unterhaltung"],"share_on_mastodon":{"url":"https:\/\/pubeurope.com\/@de\/117183031779533795","error":""},"_links":{"self":[{"href":"https:\/\/www.europesays.com\/de\/wp-json\/wp\/v2\/posts\/1269171","targetHints":{"allow":["GET"]}}],"collection":[{"href":"https:\/\/www.europesays.com\/de\/wp-json\/wp\/v2\/posts"}],"about":[{"href":"https:\/\/www.europesays.com\/de\/wp-json\/wp\/v2\/types\/post"}],"author":[{"embeddable":true,"href":"https:\/\/www.europesays.com\/de\/wp-json\/wp\/v2\/users\/2"}],"replies":[{"embeddable":true,"href":"https:\/\/www.europesays.com\/de\/wp-json\/wp\/v2\/comments?post=1269171"}],"version-history":[{"count":0,"href":"https:\/\/www.europesays.com\/de\/wp-json\/wp\/v2\/posts\/1269171\/revisions"}],"wp:featuredmedia":[{"embeddable":true,"href":"https:\/\/www.europesays.com\/de\/wp-json\/wp\/v2\/media\/1269172"}],"wp:attachment":[{"href":"https:\/\/www.europesays.com\/de\/wp-json\/wp\/v2\/media?parent=1269171"}],"wp:term":[{"taxonomy":"category","embeddable":true,"href":"https:\/\/www.europesays.com\/de\/wp-json\/wp\/v2\/categories?post=1269171"},{"taxonomy":"post_tag","embeddable":true,"href":"https:\/\/www.europesays.com\/de\/wp-json\/wp\/v2\/tags?post=1269171"}],"curies":[{"name":"wp","href":"https:\/\/api.w.org\/{rel}","templated":true}]}}