{"id":1269202,"date":"2026-08-30T06:49:17","date_gmt":"2026-08-30T06:49:17","guid":{"rendered":"https:\/\/www.europesays.com\/de\/1269202\/"},"modified":"2026-08-30T06:49:17","modified_gmt":"2026-08-30T06:49:17","slug":"kein-jubel-gegen-ex-klub-gladbach-rocco-reitz-spricht-ueber-brisantes-spiel","status":"publish","type":"post","link":"https:\/\/www.europesays.com\/de\/1269202\/","title":{"rendered":"Kein Jubel gegen Ex-Klub Gladbach: Rocco Reitz spricht \u00fcber brisantes Spiel"},"content":{"rendered":"<p>Den Torjubel gegen seinen Ex-Verein sparte sich Rocco Reitz.<\/p>\n<p style=\"text-align:start\">&#8222;Das geh\u00f6rt sich so, wenn man gegen seinen alten Arbeitgeber spielt, f\u00fcr mich dann auch gegen meinen Heimatverein. Da habe ich so viele Jahre verbracht, viele Freunde gewonnen. Da ist immer noch sehr viel Respekt von meiner Seite&#8220;, sagte der Profi von RB Leipzig der ARD-Sportschau nach dem 3:0 (1:0) gegen Borussia M\u00f6nchengladbach.<\/p>\n<p style=\"text-align:start\">Gleich am ersten Bundesliga-Spieltag, im ersten Liga-Einsatz f\u00fcr seinen neuen Klub, traf Reitz auf seine alte Liebe &#8211; und machte in der 66. Minute nach Vorlage von RB-R\u00fcckkehrer Christopher Nkunku den Treffer zum 3:0-Endstand. Frech schob er den Ball durch die Beine von Gladbachs Torwart Moritz Nicolas: &#8222;Der Ball von Christopher war top. Genau so muss er kommen, damit ich direkt abschlie\u00dfen kann.&#8220;<\/p>\n<p style=\"text-align:start\">Den Wirbel um seine Person, es gab Pfiffe und teilweise auch beleidigende Sprechch\u00f6re der Gladbach-Fans, steckte der 24-J\u00e4hrige derweil gut weg. <\/p>\n<p><img class=\"fco-image__image\" alt=\"FBL-GER-BUNDESLIGA-LEIPZIG-MOENCHENGLADBACH\"   loading=\"lazy\" decoding=\"async\" fetchpriority=\"auto\" width=\"2680\" height=\"1787\" src=\"https:\/\/www.europesays.com\/de\/wp-content\/uploads\/2026\/08\/GettyImages-2292033093.jpg\" style=\"aspect-ratio:2680 \/ 1787;width:100%;height:100%\"\/>Getty ImagesWelche Abl\u00f6se zahlte RB Leipzig f\u00fcr Rocco Reitz?<\/p>\n<p style=\"text-align:start\">&#8222;Ich habe da ein sehr dickes Fell. Jeder hat ein Recht auf seine Meinung, ich kann es sowieso nicht \u00e4ndern. Ich versuche, das so gut es geht zu ignorieren, und ich glaube, das hat gut funktioniert&#8220;, sagte er bei DAZN.<\/p>\n<p style=\"text-align:start\">Reitz ist seit seiner Geburt Borussia-Mitglied, im Sommer hatte er den Klub nach 17 Jahren verlassen. F\u00fcr 20 Millionen Euro holte ihn RB nach Leipzig. Dass es nun bei seinem ersten Ligaspiel direkt f\u00fcr die Startelf reichte, \u00fcberraschte Reitz selbst. <\/p>\n<p style=\"text-align:start\">Lange hatte er sich mit den Folgen eines schweren Infekts herumgequ\u00e4lt, nun ist er aber wieder fit. &#8222;Das war eine Punktlandung. Es war sehr anstrengend. Aber der K\u00f6rper hat gehalten. Das ist das Wichtigste&#8220;, so Reitz.<\/p>\n","protected":false},"excerpt":{"rendered":"Den Torjubel gegen seinen Ex-Verein sparte sich Rocco Reitz. &#8222;Das geh\u00f6rt sich so, wenn man gegen seinen alten&hellip;\n","protected":false},"author":2,"featured_media":1269203,"comment_status":"","ping_status":"","sticky":false,"template":"","format":"standard","meta":{"footnotes":"","_share_on_mastodon":"0"},"categories":[1849],"tags":[815,299,3364,29,548,663,3934,347,30,14337,13,4455,14,15,1209,188963,1655,204921,262158,12,4604],"class_list":["post-1269202","post","type-post","status-publish","format-standard","has-post-thumbnail","category-moenchengladbach","tag-borussia-moenchengladbach","tag-bundesliga","tag-de","tag-deutschland","tag-eu","tag-europa","tag-europe","tag-fussball","tag-germany","tag-gladbach","tag-headlines","tag-moenchengladbach","tag-nachrichten","tag-news","tag-nordrhein-westfalen","tag-r-reitz","tag-rb-leipzig","tag-rb-leipzig-vs-borussia-moenchengladbach","tag-rb-leipzig-vs-gladbach","tag-schlagzeilen","tag-soccer"],"share_on_mastodon":{"url":"https:\/\/pubeurope.com\/@de\/117183132112600186","error":""},"_links":{"self":[{"href":"https:\/\/www.europesays.com\/de\/wp-json\/wp\/v2\/posts\/1269202","targetHints":{"allow":["GET"]}}],"collection":[{"href":"https:\/\/www.europesays.com\/de\/wp-json\/wp\/v2\/posts"}],"about":[{"href":"https:\/\/www.europesays.com\/de\/wp-json\/wp\/v2\/types\/post"}],"author":[{"embeddable":true,"href":"https:\/\/www.europesays.com\/de\/wp-json\/wp\/v2\/users\/2"}],"replies":[{"embeddable":true,"href":"https:\/\/www.europesays.com\/de\/wp-json\/wp\/v2\/comments?post=1269202"}],"version-history":[{"count":0,"href":"https:\/\/www.europesays.com\/de\/wp-json\/wp\/v2\/posts\/1269202\/revisions"}],"wp:featuredmedia":[{"embeddable":true,"href":"https:\/\/www.europesays.com\/de\/wp-json\/wp\/v2\/media\/1269203"}],"wp:attachment":[{"href":"https:\/\/www.europesays.com\/de\/wp-json\/wp\/v2\/media?parent=1269202"}],"wp:term":[{"taxonomy":"category","embeddable":true,"href":"https:\/\/www.europesays.com\/de\/wp-json\/wp\/v2\/categories?post=1269202"},{"taxonomy":"post_tag","embeddable":true,"href":"https:\/\/www.europesays.com\/de\/wp-json\/wp\/v2\/tags?post=1269202"}],"curies":[{"name":"wp","href":"https:\/\/api.w.org\/{rel}","templated":true}]}}