{"id":1269204,"date":"2026-08-30T06:51:17","date_gmt":"2026-08-30T06:51:17","guid":{"rendered":"https:\/\/www.europesays.com\/de\/1269204\/"},"modified":"2026-08-30T06:51:17","modified_gmt":"2026-08-30T06:51:17","slug":"vhs-bottrop-ueber-400-kurse-und-neue-formate-fuer-persoenliche-und-berufliche-entwicklung","status":"publish","type":"post","link":"https:\/\/www.europesays.com\/de\/1269204\/","title":{"rendered":"VHS Bottrop: \u00dcber 400 Kurse und neue Formate f\u00fcr pers\u00f6nliche und berufliche Entwicklung"},"content":{"rendered":"<p>    <a href=\"https:\/\/www.dorstenerzeitung.de\/wp-content\/uploads\/2026\/08\/25\/12\/630_0900_6735052_-1648x824.jpg\" rel=\"nofollow noopener\" target=\"_blank\"><\/p>\n<p>            <img loading=\"lazy\" decoding=\"async\" src=\"https:\/\/www.europesays.com\/de\/wp-content\/uploads\/2026\/08\/630_0900_6735051_-640x428.jpg\" width=\"640\" height=\"428\"  alt=\"VHS-Direktor Holger Gruner und Fachbereichsleiterin Katja Hesmer zeigen das neue Programm f\u00fcr das Herbst-\/Winter-Semester.\"\/><\/p>\n<p>    <\/a><br \/>\n    VHS-Direktor Holger Gruner und Fachbereichsleiterin Katja Hesmer zeigen das neue Programm f\u00fcr das Herbst-\/Winter-Semester. \u00a9 Valerie Misz<\/p>\n<p class=\"article__teaser-text\">Die VHS Bottrop startet mit \u00fcber 400 Kursen ins neue Semester. Von KI bis Ukulele: Das Programm bietet Vielfalt und neue Formate f\u00fcr alle Interessen.<\/p>\n<p>2 Min Lesezeit<\/p>\n<p class=\"wp-block-paragraph\">Von Erziehung und Psychologie \u00fcber R\u00fcckenfitness und Kochen bis hin zu Digitalisierung und K\u00fcnstlicher Intelligenz: Die Volkshochschule (VHS) <a href=\"https:\/\/www.dorstenerzeitung.de\/kirchhellen\/\" rel=\"nofollow noopener\" target=\"_blank\">Bottrop<\/a> startet mit einem vielseitigen Programm in das neue Semester. Auf 80 Seiten finden sich mehr als 400 Kurse, Veranstaltungen und Workshops aus den Bereichen Gesellschaft, Kultur, Gesundheit, Sprachen, Beruf und Grundbildung.<\/p>\n<p class=\"wp-block-paragraph\">VHS-Leiter Holger Gruner ist stolz auf das Programm und sein Team. Neben bew\u00e4hrten Klassikern gebe es zahlreiche neue Angebote, die Menschen zusammenbringen und sie pers\u00f6nlich wie beruflich weiterbringen sollen. Zugleich will die VHS st\u00e4rker auf die Menschen in den Stadtteilen zugehen.<\/p>\n<p>Gesellige Austauschformate<\/p>\n<p class=\"wp-block-paragraph\">Ein Beispiel daf\u00fcr ist die \u201eSchnackBar\u201c, die inzwischen auch in <a href=\"https:\/\/www.dorstenerzeitung.de\/kirchhellen\/\" rel=\"nofollow noopener\" target=\"_blank\">Kirchhellen<\/a> Station gemacht hat. In gem\u00fctlicher Runde bei Snacks und Getr\u00e4nken geht es um Austausch und offene Diskussionen zu aktuellen Themen. Im kommenden Semester findet das Format in der Stadtmitte und Vonderort statt.<\/p>\n<p>\t\t<a href=\"https:\/\/www.dorstenerzeitung.de\/kirchhellen\/schulstart-kirchhellen-container-erweiterungen-platzbedarf-vestisches-sekundarschu-w1237156-4002186193\/\" rel=\"nofollow noopener\" aria-hidden=\"true\" tabindex=\"-1\" title=\"Alles bereit f\u00fcr den Schulanfang Kirchhellener Schulerweiterungen werden finalisiert\" aria-label=\"Alles bereit f\u00fcr den Schulanfang Kirchhellener Schulerweiterungen werden finalisiert\" target=\"_blank\"><\/p>\n<p>                <img decoding=\"async\" src=\"https:\/\/www.europesays.com\/de\/wp-content\/uploads\/2026\/08\/630_0900_6712226_-160x160.jpg\"  width=\"160\" height=\"160\" alt=\"Die Container auf dem VGK-Schulhof\" loading=\"lazy\"\/><\/p>\n<p>\t\t<\/a><\/p>\n<p class=\"wp-block-paragraph\">Neu ist das \u201eCaf\u00e9 Denkmal\u201c unter der Leitung von Thomas Holtbernd. Dort wird gemeinsam gesprochen und philosophiert. Die Themen bringen die Teilnehmer selbst mit. \u201ePhilosophieren lohnt sich nach wie vor \u2013 gerade, weil daf\u00fcr nicht unbedingt philosophische Fachkenntnisse erforderlich sind\u201c, hei\u00dft es von der VHS. Das Caf\u00e9 startet am 21. September (Montag) und findet anschlie\u00dfend einmal monatlich in der Weinbar an der Gladbecker Stra\u00dfe statt.<\/p>\n<p class=\"wp-block-paragraph\">Auch das Format \u201eTresenthesen\u201c kehrt zur\u00fcck. Daf\u00fcr geht die VHS wieder in die Rathaussch\u00e4nke. Am 11. November ist die renommierte Psychologin Eva Asselmann zu Gast. Sie stellt ihr Buch \u201eToo much. Warum wir Kontrolle suchen \u2013 und Kraft im Loslassen finden\u201c vor und besch\u00e4ftigt sich mit Themen wie Beschleunigung, Unsicherheit, Selbstoptimierung und Einsamkeit. Anschlie\u00dfend ist Raum f\u00fcr Diskussion und Austausch in Kneipenatmosph\u00e4re.<\/p>\n<p>Digitalisierung und Ukulele<\/p>\n<p class=\"wp-block-paragraph\">Ein Schwerpunkt liegt zudem auf digitalen Themen. Dazu geh\u00f6rt insbesondere der Umgang mit K\u00fcnstlicher Intelligenz im Alltag und im Beruf. Neben Kursen zu Programmen wie ChatGPT und Microsoft Copilot k\u00f6nnen Interessierte auch lernen, wie sich mit KI Bilder erstellen lassen \u2013 von der ersten Idee bis zum fertigen Motiv.<\/p>\n<p>\t\t<a href=\"https:\/\/www.dorstenerzeitung.de\/kirchhellen\/benefizkonzert-kirchhellen-zwei-choere-sammeln-spenden-fuer-wuenschewagen-w1237042-4002186184\/\" rel=\"nofollow noopener\" aria-hidden=\"true\" tabindex=\"-1\" title=\"Musik f\u00fcr einen letzten gro\u00dfen Wunsch Benefizkonzert mit zwei Ch\u00f6ren in Kirchhellen\" aria-label=\"Musik f\u00fcr einen letzten gro\u00dfen Wunsch Benefizkonzert mit zwei Ch\u00f6ren in Kirchhellen\" target=\"_blank\"><\/p>\n<p>                <img decoding=\"async\" src=\"https:\/\/www.europesays.com\/de\/wp-content\/uploads\/2026\/08\/630_0900_6711321_-160x160.jpg\"  width=\"160\" height=\"160\" alt=\"Andrea Jandewerth vom Chor Wellness Voices und Sabine T\u00f6nnes vom Chor Swinging Church vor einer Fahne des Rotary Clubs.\" loading=\"lazy\"\/><\/p>\n<p>\t\t<\/a><\/p>\n<p class=\"wp-block-paragraph\">Erstmals bietet die VHS au\u00dferdem Kurse f\u00fcr Ukulele und Blues Harp an. Auch in Kirchhellen gibt es wieder verschiedene Angebote, darunter Sport- und Gesundheitskurse im Hof J\u00fcnger.<\/p>\n<p class=\"wp-block-paragraph\">Das Programmheft wird im Laufe dieser Woche an den bekannten Auslagestellen im Stadtgebiet verteilt. Informationen zu Kursen, Preisen und Anmeldung sowie die digitale Ausgabe gibt es unter <a href=\"https:\/\/www.vhs-bottrop.de\" rel=\"nofollow noopener\" target=\"_blank\">www.vhs-bottrop.de<\/a>.<\/p>\n<p class=\"wp-block-paragraph\">Wer sich pers\u00f6nlich informieren m\u00f6chte, kann das VHS-Team zudem am Freitag (28. August) beim Feierabendmarkt in Kirchhellen treffen.<\/p>\n","protected":false},"excerpt":{"rendered":"VHS-Direktor Holger Gruner und Fachbereichsleiterin Katja Hesmer zeigen das neue Programm f\u00fcr das Herbst-\/Winter-Semester. \u00a9 Valerie Misz Die&hellip;\n","protected":false},"author":2,"featured_media":1269205,"comment_status":"","ping_status":"","sticky":false,"template":"","format":"standard","meta":{"footnotes":"","_share_on_mastodon":"0"},"categories":[1848],"tags":[752,3364,29,548,663,3934,2507,3658,30,13,14,15,1209,12],"class_list":["post-1269204","post","type-post","status-publish","format-standard","has-post-thumbnail","category-gelsenkirchen","tag-bildung","tag-de","tag-deutschland","tag-eu","tag-europa","tag-europe","tag-freizeit","tag-gelsenkirchen","tag-germany","tag-headlines","tag-nachrichten","tag-news","tag-nordrhein-westfalen","tag-schlagzeilen"],"share_on_mastodon":{"url":"","error":""},"_links":{"self":[{"href":"https:\/\/www.europesays.com\/de\/wp-json\/wp\/v2\/posts\/1269204","targetHints":{"allow":["GET"]}}],"collection":[{"href":"https:\/\/www.europesays.com\/de\/wp-json\/wp\/v2\/posts"}],"about":[{"href":"https:\/\/www.europesays.com\/de\/wp-json\/wp\/v2\/types\/post"}],"author":[{"embeddable":true,"href":"https:\/\/www.europesays.com\/de\/wp-json\/wp\/v2\/users\/2"}],"replies":[{"embeddable":true,"href":"https:\/\/www.europesays.com\/de\/wp-json\/wp\/v2\/comments?post=1269204"}],"version-history":[{"count":0,"href":"https:\/\/www.europesays.com\/de\/wp-json\/wp\/v2\/posts\/1269204\/revisions"}],"wp:featuredmedia":[{"embeddable":true,"href":"https:\/\/www.europesays.com\/de\/wp-json\/wp\/v2\/media\/1269205"}],"wp:attachment":[{"href":"https:\/\/www.europesays.com\/de\/wp-json\/wp\/v2\/media?parent=1269204"}],"wp:term":[{"taxonomy":"category","embeddable":true,"href":"https:\/\/www.europesays.com\/de\/wp-json\/wp\/v2\/categories?post=1269204"},{"taxonomy":"post_tag","embeddable":true,"href":"https:\/\/www.europesays.com\/de\/wp-json\/wp\/v2\/tags?post=1269204"}],"curies":[{"name":"wp","href":"https:\/\/api.w.org\/{rel}","templated":true}]}}