{"id":1269208,"date":"2026-08-30T06:55:24","date_gmt":"2026-08-30T06:55:24","guid":{"rendered":"https:\/\/www.europesays.com\/de\/1269208\/"},"modified":"2026-08-30T06:55:24","modified_gmt":"2026-08-30T06:55:24","slug":"freie-waehler-augsburg-nach-skandalen-und-streit-tritt-raluca-sandner-als-parteichefin-ab","status":"publish","type":"post","link":"https:\/\/www.europesays.com\/de\/1269208\/","title":{"rendered":"Freie W\u00e4hler Augsburg: Nach Skandalen und Streit tritt Raluca Sandner als Parteichefin ab"},"content":{"rendered":"<p class=\"mb-6 text-xs-varying md:text-m lg:text-l font-serif group-[.font-sans]:font-sans \">\n    Ruhig ging es bei den Freien W\u00e4hlern in <a href=\"https:\/\/www.augsburger-allgemeine.de\/augsburg\/\" target=\"_self\" class=\"underline \" rel=\"nofollow noopener\">Augsburg<\/a> selten zu. Allein innerhalb des vergangenen Jahres gab es eine <a href=\"https:\/\/www.augsburger-allgemeine.de\/augsburg\/augsburg-freie-waehler-lager-der-erneuerer-setzt-sich-durch-112872227\" target=\"_self\" class=\"underline \" rel=\"nofollow noopener\">aufreibende Listenaufstellung<\/a>, <a href=\"https:\/\/www.augsburger-allgemeine.de\/augsburg\/augsburg-freie-waehler-augsburger-ein-weiteres-mitglied-wirft-hin-113452729\" target=\"_self\" class=\"underline \" rel=\"nofollow noopener\">Austritte<\/a>, <a href=\"https:\/\/www.augsburger-allgemeine.de\/augsburg\/freie-waehler-augsburg-streit-um-badehosenkontrollen-nach-facebook-post-114567675\" target=\"_self\" class=\"underline \" rel=\"nofollow noopener\">pers\u00f6nliche Skandale<\/a>. Nun platzt die n\u00e4chste Bombe. Parteichefin Raluca Sandner wird vorzeitig ihr Amt aufgeben. Am 20. September ist eine Mitgliederversammlung anberaumt. Entsprechende Informationen best\u00e4tigt Sandner unserer Redaktion. Sie nennt vor allem berufliche Gr\u00fcnde. Doch im Hintergrund spielen sich seit Monaten heftige Auseinandersetzungen ab. Es geht um Macht, Intrigen und verletzte Eitelkeiten.\n  <\/p>\n<p>      <a href=\"https:\/\/www.augsburger-allgemeine.de\/augsburg\/augsburgerin-raluca-sandner-war-einst-illegale-migrantin-aengste-kommen-wieder-hoch-105463260\" class=\"hidden  &#010;                md:block md:mr-5 md:min-w-[140px]  aspect-photo md:aspect-tv lg:aspect-tv w-fullXXX relative self-start inline overflow-hidden\" rel=\"nofollow noopener\" target=\"_blank\"><\/p>\n<p>    <img decoding=\"async\" src=\"\" alt=\"\u201eUnter den jetzigen illegalen Migranten sind viele Ralucas, die man in 35 Jahren als wertvollen Teil der Gesellschaft wertsch\u00e4tzen wird\u201c: Die Augsburgerin Raluca Sandner kam im Kindesalter als illegale Migrantin mit ihren Eltern und der Schwester nach Deutschland.\" title=\"\u201eUnter den jetzigen illegalen Migranten sind viele Ralucas, die man in 35 Jahren als wertvollen Teil der Gesellschaft wertsch\u00e4tzen wird\u201c: Die Augsburgerin Raluca Sandner kam im Kindesalter als illegale Migrantin mit ihren Eltern und der Schwester nach Deutschland.\" loading=\"lazy\" class=\"h-full w-full object-cover\"\/><br \/>\n   <\/a><\/p>\n<p class=\"mb-6 text-xs-varying md:text-m lg:text-l font-serif group-[.font-sans]:font-sans \">\n    Ein Blick zur\u00fcck: Sandner galt als Gesicht des Neuaufbruchs der Partei. <a href=\"https:\/\/www.augsburger-allgemeine.de\/augsburg\/fuehrungswechsel-bei-den-freien-waehlern-in-augsburg-raluca-sandner-ist-neue-vorsitzende-111761212\" target=\"_self\" class=\"underline \" rel=\"nofollow noopener\">Im Oktober 2025, Sandner war gerade drei Wochen Mitglied der Freien W\u00e4hler, wurde sie als Nachfolgerin von Angelika Lippert gew\u00e4hlt.<\/a> Sander, so wurde damals kolportiert, passte gut in die Strategie des schw\u00e4bischen Bezirkschefs und Digitalministers Fabian Mehring, die Freien W\u00e4hler in der Gro\u00dfstadt attraktiv zu machen: jung, intelligent, weiblich, mit Migrationshintergrund. Der Start verlief suboptimal \u2013 bei der Listenaufstellung kam es zum Showdown zwischen der Partei und dem dahinter stehenden Verein. Die Personalie Peter Hummel, der damals noch f\u00fcr die Freien W\u00e4hler im Stadtrat sa\u00df, den das Lager der \u201eErneuerer\u201c aber wegen seiner Vorgeschichte \u2013 Hummel wurde 2021 wegen Verleumdung und Beleidigung verurteilt \u2013 loswerden wollte, vervollst\u00e4ndigte die Misere.\n  <\/p>\n<p>            Aktuelle Chefin der Augsburger Freien W\u00e4hler war zuvor bei der CSU in G\u00f6ggingen aktiv<\/p>\n<p class=\"mb-6 text-xs-varying md:text-m lg:text-l font-serif group-[.font-sans]:font-sans \">\n    Dennoch, man schien sich zusammenzuraufen. Sandner war Parteichefin, <a href=\"https:\/\/www.augsburger-allgemeine.de\/augsburg\/hannes-aigner-sein-naechstes-rennen-ist-das-ums-augsburger-rathaus-113429750\" target=\"_self\" class=\"underline \" rel=\"nofollow noopener\">der fr\u00fchere Kanu-Weltmeister Hannes Aigner wurde OB-Kandidat<\/a>. Bei der Kommunalwahl holten die Freien W\u00e4hler starke 6,2 Prozent und zogen als Fraktion in den Stadtrat ein. In der neuen Regierungskooperation st\u00fctzen sie Oberb\u00fcrgermeister Florian Freund (SPD). Recherchen unserer Redaktion legen nun nahe, dass es schon lange zuvor br\u00f6ckelte. Aus gut informierten Kreisen hei\u00dft es, dass sich bereits im Wahlkampf ein tiefer Graben zwischen Sandner auf der einen Seite und Aigner sowie dem langj\u00e4hrigen Stadtrat Hans Wengenmeir auf der anderen Seite aufgetan habe. Sandner sagt: \u201eHannes Aigner hat mich im Wahlkampf isoliert, weil er die Macht wollte.\u201c Fraktionschef Aigner formuliert seine Kritik an Sandner diplomatischer: \u201eDie Zusammenarbeit zwischen Fraktion und Parteif\u00fchrung ist nicht auf dem Niveau erfolgt, wie wir uns das gew\u00fcnscht haben\u201c, sagt er.\n  <\/p>\n<p>      <a href=\"https:\/\/www.augsburger-allgemeine.de\/augsburg\/freie-waehler-augsburg-raluca-sandner-florian-freund-hannes-aigner-kandidaten-liste-115092750\" class=\"hidden  &#010;                md:block md:mr-5 md:min-w-[140px]  aspect-photo md:aspect-tv lg:aspect-tv w-fullXXX relative self-start inline overflow-hidden\" rel=\"nofollow noopener\" target=\"_blank\"><\/p>\n<p>    <img decoding=\"async\" src=\"\" alt=\"Unsicherheit hat an der Spitze der Freien W\u00e4hler k\u00f6nnte auch das Regierungsb\u00fcndnis von OB Florian Freund beeintr\u00e4chtigen (links: FW-Chefin Raluca Sandner, rechts: OB Florian Freund).\" title=\"Unsicherheit hat an der Spitze der Freien W\u00e4hler k\u00f6nnte auch das Regierungsb\u00fcndnis von OB Florian Freund beeintr\u00e4chtigen (links: FW-Chefin Raluca Sandner, rechts: OB Florian Freund).\" loading=\"lazy\" class=\"h-full w-full object-cover\"\/><br \/>\n   <\/a><\/p>\n<p class=\"mb-6 text-xs-varying md:text-m lg:text-l font-serif group-[.font-sans]:font-sans \">\n    Sandner war vor ihrem Eintritt bei den Freien W\u00e4hlern im CSU-Ortsverband in <a href=\"https:\/\/www.augsburger-allgemeine.de\/augsburg\/ort\/goeggingen\" target=\"_self\" class=\"underline \" rel=\"nofollow noopener\">G\u00f6ggingen<\/a> aktiv. Dort habe sie, berichten CSU-nahe Kreise, mit Diffamierungen versucht, den Ortsverband zu \u00fcbernehmen. Als sie gemerkt habe, dass sie gescheitert war, sei sie ausgetreten. \u201eEgal, wo sie hingeht. Sie hinterl\u00e4sst eine Spur der Verw\u00fcstung\u201c, sagt ein CSU-Insider. Sandner sei eine \u201eNarzisstin\u201c. \u00c4hnlich harsch sei sie schlie\u00dflich auch bei den Freien W\u00e4hlern vorgegangen. Von einem Mitglied hei\u00dft es: \u201eDie Frau ist herrschs\u00fcchtig. So etwas habe ich noch nie erlebt.\u201c\n  <\/p>\n<p>            Sie will neue Parteichefin der Freien W\u00e4hler in Augsburg werden<\/p>\n<p class=\"mb-6 text-xs-varying md:text-m lg:text-l font-serif group-[.font-sans]:font-sans \">\n    Sandner weist die Vorw\u00fcrfe zur\u00fcck. \u201eIch habe von Beginn an aufrichtig versucht, den Freien W\u00e4hlern zu helfen, sie zu professionalisieren\u201c, sagt sie. Sandner sieht die scharfen Attacken auf sie in dem Unverm\u00f6gen begr\u00fcndet, \u201eeine selbstbewusste Frau an der Spitze der Partei auszuhalten\u201c. Es sei schlichtweg Frauenfeindlichkeit. Dem Vernehmen nach besteht zwischen Sandner und der Fraktion kaum noch Kontakt. Auch die Parteispitze ist demnach gespalten. Da ist auf der einen Seite Sandner, ihr Ehemann Florian Sandner sowie Fritz St\u00fctz als Schatzmeister, auf der anderen Seite die langj\u00e4hrigen Stadtr\u00e4te Hans Wengenmeir und Regina Stuber-Schneider.\n  <\/p>\n<p>      <a href=\"https:\/\/www.augsburger-allgemeine.de\/augsburg\/freie-waehler-augsburg-streit-um-badehosenkontrollen-nach-facebook-post-114567675\" class=\"hidden  &#010;                md:block md:mr-5 md:min-w-[140px]  aspect-photo md:aspect-tv lg:aspect-tv w-fullXXX relative self-start inline overflow-hidden\" rel=\"nofollow noopener\" target=\"_blank\"><\/p>\n<p>    <img decoding=\"async\" src=\"\" alt=\"Bei den Freien W\u00e4hlern gehen die Meinungen zum Antrag zu \u201eBadehosen-Kontrollen\u201c und einer dadurch ausgel\u00f6sten Facebook-Diskussion auseinander.\" title=\"Bei den Freien W\u00e4hlern gehen die Meinungen zum Antrag zu \u201eBadehosen-Kontrollen\u201c und einer dadurch ausgel\u00f6sten Facebook-Diskussion auseinander.\" loading=\"lazy\" class=\"h-full w-full object-cover\"\/><br \/>\n   <\/a><\/p>\n<p class=\"mb-6 text-xs-varying md:text-m lg:text-l font-serif group-[.font-sans]:font-sans \">\n    Dass Sandner ihr Amt vorzeitig aufgibt, habe aber nichts mit dem Streit in der Partei zu tun, betont sie. \u201eDas ist mir ziemlich egal. Mich motiviert das eher\u201c, sagt die Diplom-Juristin. Sie habe vor Kurzem eine Vollzeitstelle angenommen und deshalb nicht mehr die Kapazit\u00e4ten, die Partei zu f\u00fchren. Auch ihre Familie sei zu kurz gekommen. Eine m\u00f6gliche Nachfolgerin scheint schon bereitzustehen. Zuletzt kursierte das Ger\u00fccht, dass Stadtr\u00e4tin Susanne R\u00f6\u00dfner die Parteif\u00fchrung \u00fcbernehmen k\u00f6nnte. Auf Anfrage unserer Redaktion best\u00e4tigt R\u00f6\u00dfner, dass sie f\u00fcr das Amt der Parteivorsitzenden kandidieren werde. Ihr Ziel sei, Fraktion und Partei wieder n\u00e4her zusammenzubinden. \u00c4hnlich wie in der Fraktion, in der es \u201esehr, sehr gut harmoniere\u201c.\n  <\/p>\n<p>    <img decoding=\"async\" src=\"https:\/\/www.europesays.com\/de\/wp-content\/uploads\/2026\/08\/susanne-roessner-freie-waehler-1-1.jpg\" alt=\"Susanne R\u00f6\u00dfner m\u00f6chte neue Parteichefin der Freien W\u00e4hler in Augsburg werden.\" title=\"Susanne R\u00f6\u00dfner m\u00f6chte neue Parteichefin der Freien W\u00e4hler in Augsburg werden.\" loading=\"lazy\" class=\"h-full w-full object-cover\"\/><\/p>\n<p>      Icon vergr\u00f6\u00dfern<\/p>\n<p>    Susanne R\u00f6\u00dfner m\u00f6chte neue Parteichefin der Freien W\u00e4hler in Augsburg werden.<br \/>\n    Foto: Freie W\u00e4hler<\/p>\n<p>        Schlie\u00dfen <\/p>\n<p>      Icon Schlie\u00dfen<\/p>\n<p>        Icon vergr\u00f6\u00dfern<\/p>\n<p>        Icon verkleinern<\/p>\n<p>      Icon Pfeil bewegen<\/p>\n<p>    Susanne R\u00f6\u00dfner m\u00f6chte neue Parteichefin der Freien W\u00e4hler in Augsburg werden.<br \/>\n    Foto: Freie W\u00e4hler<\/p>\n<p class=\"mb-6 text-xs-varying md:text-m lg:text-l font-serif group-[.font-sans]:font-sans \">\n    F\u00fcr Sandner endet ihre knapp einj\u00e4hrige Amtszeit Mitte September. Sandner sagt, sie sei mit sich im Reinen. Die Unterst\u00fctzung der Mitglieder habe sie jederzeit gesp\u00fcrt. Mindestens ein Jahr h\u00e4tte sie noch Parteichefin bleiben k\u00f6nnen. Aber auch dar\u00fcber hinaus h\u00e4tte sie gute Chancen gehabt, ist Sandner \u00fcberzeugt: \u201eWenn ich gewollt h\u00e4tte, w\u00e4re ich wiedergew\u00e4hlt worden.\u201c\n  <\/p>\n","protected":false},"excerpt":{"rendered":"Ruhig ging es bei den Freien W\u00e4hlern in Augsburg selten zu. Allein innerhalb des vergangenen Jahres gab es&hellip;\n","protected":false},"author":2,"featured_media":1269209,"comment_status":"","ping_status":"","sticky":false,"template":"","format":"standard","meta":{"footnotes":"","_share_on_mastodon":"0"},"categories":[1846],"tags":[148946,680,772,774,3364,29,548,663,3934,31906,30,146678,143067,262159,13,14,15,137986,148947,12,6799],"class_list":["post-1269208","post","type-post","status-publish","format-standard","has-post-thumbnail","category-augsburg","tag-angelika-lippert","tag-augsburg","tag-bayern","tag-csu","tag-de","tag-deutschland","tag-eu","tag-europa","tag-europe","tag-fw","tag-germany","tag-goeggingen","tag-hannes-aigner","tag-hans-wengenmeir","tag-headlines","tag-nachrichten","tag-news","tag-peter-hummel","tag-raluca-sandner","tag-schlagzeilen","tag-wahlkampf"],"share_on_mastodon":{"url":"https:\/\/pubeurope.com\/@de\/117183156076700751","error":""},"_links":{"self":[{"href":"https:\/\/www.europesays.com\/de\/wp-json\/wp\/v2\/posts\/1269208","targetHints":{"allow":["GET"]}}],"collection":[{"href":"https:\/\/www.europesays.com\/de\/wp-json\/wp\/v2\/posts"}],"about":[{"href":"https:\/\/www.europesays.com\/de\/wp-json\/wp\/v2\/types\/post"}],"author":[{"embeddable":true,"href":"https:\/\/www.europesays.com\/de\/wp-json\/wp\/v2\/users\/2"}],"replies":[{"embeddable":true,"href":"https:\/\/www.europesays.com\/de\/wp-json\/wp\/v2\/comments?post=1269208"}],"version-history":[{"count":0,"href":"https:\/\/www.europesays.com\/de\/wp-json\/wp\/v2\/posts\/1269208\/revisions"}],"wp:featuredmedia":[{"embeddable":true,"href":"https:\/\/www.europesays.com\/de\/wp-json\/wp\/v2\/media\/1269209"}],"wp:attachment":[{"href":"https:\/\/www.europesays.com\/de\/wp-json\/wp\/v2\/media?parent=1269208"}],"wp:term":[{"taxonomy":"category","embeddable":true,"href":"https:\/\/www.europesays.com\/de\/wp-json\/wp\/v2\/categories?post=1269208"},{"taxonomy":"post_tag","embeddable":true,"href":"https:\/\/www.europesays.com\/de\/wp-json\/wp\/v2\/tags?post=1269208"}],"curies":[{"name":"wp","href":"https:\/\/api.w.org\/{rel}","templated":true}]}}