{"id":1269224,"date":"2026-08-30T07:11:47","date_gmt":"2026-08-30T07:11:47","guid":{"rendered":"https:\/\/www.europesays.com\/de\/1269224\/"},"modified":"2026-08-30T07:11:47","modified_gmt":"2026-08-30T07:11:47","slug":"wuppertaler-strassenverkehrsamt-baut-bearbeitungsrueckstaende-deutlich-ab","status":"publish","type":"post","link":"https:\/\/www.europesays.com\/de\/1269224\/","title":{"rendered":"Wuppertaler Stra\u00dfenverkehrsamt baut Bearbeitungsr\u00fcckst\u00e4nde deutlich ab"},"content":{"rendered":"<p class=\"text_ohne_einzug richtext text-em-55 !leading-serif mx-6 desktop:mx-0\">Das Stra\u00dfenverkehrsamt der Stadt Wuppertal hat die in den vergangenen Monaten entstandenen Bearbeitungsr\u00fcckst\u00e4nde in wesentlichen Bereichen deutlich reduziert. In der F\u00fchrerscheinstelle werden Online-Antr\u00e4ge inzwischen wieder tagesaktuell bearbeitet. Auch die Bearbeitung der Fahrschulmappen erfolgt wieder innerhalb der \u00fcblichen Bearbeitungszeiten.<\/p>\n<p class=\"richtext text-em-55 !leading-serif mx-6 desktop:mx-0\">Im gewerblichen Kundenbereich der Zulassungsstelle werden derzeit bereits die Vorg\u00e4nge bearbeitet, die zu Beginn der laufenden Woche eingegangen sind. Damit konnte auch dort der zuvor bestehende R\u00fcckstand erheblich verringert werden.<\/p>\n<p class=\"richtext text-em-55 !leading-serif mx-6 desktop:mx-0\">\u201eIch freue mich, dass wir die Bearbeitungsr\u00fcckst\u00e4nde ein St\u00fcck weit aufarbeiten konnten und nun wieder auf einem guten Weg sind\u201c, sagt Oberb\u00fcrgermeisterin Miriam Scherff. \u201eF\u00fcr die B\u00fcrgerinnen und B\u00fcrger ist das eine gute Nachricht und st\u00e4rkt hoffentlich auch das Zutrauen der Menschen in unsere Institutionen. Ich danke allen Mitarbeiterinnen und Mitarbeitern im Stra\u00dfenverkehrsamt, die sich daf\u00fcr eingesetzt haben \u2013 so mit freiwilligen Diensten an Samstagen.\u201c<\/p>\n<p class=\"richtext text-em-55 !leading-serif mx-6 desktop:mx-0\">Einen wesentlichen Beitrag zu dieser positiven Entwicklung haben die zus\u00e4tzlichen Samstagsdienste geleistet. Mitarbeiterinnen und Mitarbeiter des Stra\u00dfenverkehrsamtes haben freiwillig weitere Dienst \u00fcbernommen, um die aufgelaufenen Vorg\u00e4nge abzuarbeiten und das regul\u00e4re Tagesgesch\u00e4ft wieder zu stabilisieren.<\/p>\n<p class=\"richtext text-em-55 !leading-serif mx-6 desktop:mx-0\">\u201eDie aktuelle Entwicklung zeigt, dass die ergriffenen Ma\u00dfnahmen wirken. Mein besonderer Dank gilt den Mitarbeiterinnen und Mitarbeitern, die mit gro\u00dfem pers\u00f6nlichen Einsatz und zus\u00e4tzlichen Diensten dazu beigetragen haben, die R\u00fcckst\u00e4nde deutlich abzubauen. Unser Ziel bleibt, den B\u00fcrgerinnen und B\u00fcrgern wieder dauerhaft verl\u00e4ssliche Bearbeitungszeiten und einen guten Service zu bieten\u201c, erkl\u00e4rt Dr. Sandra Zeh, Dezernentin f\u00fcr Personal, Digitalisierung und Wirtschaft.<\/p>\n<p class=\"richtext text-em-55 !leading-serif mx-6 desktop:mx-0\">Trotz der wieder weitgehend regul\u00e4ren Bearbeitung k\u00f6nnen einzelne Verfahren weiterhin mehr Zeit in Anspruch nehmen. Dies betrifft insbesondere F\u00e4lle, in denen zus\u00e4tzliche Unterlagen erforderlich sind oder rechtliche beziehungsweise medizinische Sachverhalte fachlich gepr\u00fcft werden m\u00fcssen. Eine Entscheidung oder die Ausstellung einer vorl\u00e4ufigen Fahrberechtigung ist in solchen F\u00e4llen erst m\u00f6glich, wenn alle notwendigen Nachweise vorliegen und abschlie\u00dfend bewertet worden sind. Die Bearbeitungszeit eines Einzelfalls l\u00e4sst daher nicht ohne Weiteres auf die allgemeine Arbeitssituation in der F\u00fchrerscheinstelle schlie\u00dfen.<\/p>\n<p class=\"richtext text-em-55 !leading-serif mx-6 desktop:mx-0\">Neben den zus\u00e4tzlichen Samstagsdiensten arbeitet die Stadt weiterhin daran, die Abl\u00e4ufe im Stra\u00dfenverkehrsamt zu verbessern und den Dienstbetrieb nachhaltig zu stabilisieren.<\/p>\n","protected":false},"excerpt":{"rendered":"Das Stra\u00dfenverkehrsamt der Stadt Wuppertal hat die in den vergangenen Monaten entstandenen Bearbeitungsr\u00fcckst\u00e4nde in wesentlichen Bereichen deutlich reduziert.&hellip;\n","protected":false},"author":2,"featured_media":1269225,"comment_status":"","ping_status":"","sticky":false,"template":"","format":"standard","meta":{"footnotes":"","_share_on_mastodon":"0"},"categories":[1840],"tags":[9511,61084,262173,103313,262172,7444,3364,29,24175,94057,30,1209,9255,143866,262174,30151,199368,180116,4418,42912],"class_list":["post-1269224","post","type-post","status-publish","format-standard","has-post-thumbnail","category-wuppertal","tag-antraege","tag-arbeitet","tag-bearbeitet","tag-bearbeitung","tag-bearbeitungsrueckstaende","tag-bearbeitungszeit","tag-de","tag-deutschland","tag-dienst","tag-fuehrerscheinstelle","tag-germany","tag-nordrhein-westfalen","tag-rueckstand","tag-rueckstaende","tag-samstagsdienste","tag-strassenverkehrsamt","tag-tagesaktuell","tag-vorgaenge","tag-wuppertal","tag-zusaetzliche"],"share_on_mastodon":{"url":"https:\/\/pubeurope.com\/@de\/117183220714236955","error":""},"_links":{"self":[{"href":"https:\/\/www.europesays.com\/de\/wp-json\/wp\/v2\/posts\/1269224","targetHints":{"allow":["GET"]}}],"collection":[{"href":"https:\/\/www.europesays.com\/de\/wp-json\/wp\/v2\/posts"}],"about":[{"href":"https:\/\/www.europesays.com\/de\/wp-json\/wp\/v2\/types\/post"}],"author":[{"embeddable":true,"href":"https:\/\/www.europesays.com\/de\/wp-json\/wp\/v2\/users\/2"}],"replies":[{"embeddable":true,"href":"https:\/\/www.europesays.com\/de\/wp-json\/wp\/v2\/comments?post=1269224"}],"version-history":[{"count":0,"href":"https:\/\/www.europesays.com\/de\/wp-json\/wp\/v2\/posts\/1269224\/revisions"}],"wp:featuredmedia":[{"embeddable":true,"href":"https:\/\/www.europesays.com\/de\/wp-json\/wp\/v2\/media\/1269225"}],"wp:attachment":[{"href":"https:\/\/www.europesays.com\/de\/wp-json\/wp\/v2\/media?parent=1269224"}],"wp:term":[{"taxonomy":"category","embeddable":true,"href":"https:\/\/www.europesays.com\/de\/wp-json\/wp\/v2\/categories?post=1269224"},{"taxonomy":"post_tag","embeddable":true,"href":"https:\/\/www.europesays.com\/de\/wp-json\/wp\/v2\/tags?post=1269224"}],"curies":[{"name":"wp","href":"https:\/\/api.w.org\/{rel}","templated":true}]}}