{"id":1269242,"date":"2026-08-30T07:26:14","date_gmt":"2026-08-30T07:26:14","guid":{"rendered":"https:\/\/www.europesays.com\/de\/1269242\/"},"modified":"2026-08-30T07:26:14","modified_gmt":"2026-08-30T07:26:14","slug":"bis-zu-154-milliarden-euro-deutschland-traegt-hauptlast-fuer-eu-corona-fonds","status":"publish","type":"post","link":"https:\/\/www.europesays.com\/de\/1269242\/","title":{"rendered":"Bis zu 154 Milliarden Euro: Deutschland tr\u00e4gt Hauptlast f\u00fcr EU-Corona-Fonds"},"content":{"rendered":"<p>Deutschland k\u00f6nnte bis 2058 zwischen 145 und 154 Milliarden Euro f\u00fcr Zinsen und Tilgung des schuldenfinanzierten EU-Corona-Wiederaufbaufonds \u00abNextGen EU\u00bb aufbringen m\u00fcssen. Dies berichtet die <a href=\"https:\/\/www.welt.de\/wirtschaft\/plus6a917cd6518a586e1855b6f0\/eu-schulden-corona-fonds-kostet-deutschland-bis-zu-150-milliarden-euro.html\" rel=\"nofollow noopener\" target=\"_blank\">Welt am Sonntag.<\/a><\/p>\n<p>Die Europ\u00e4ische Union nahm f\u00fcr den Fonds Hunderte Milliarden Euro Schulden auf. Bis 2058 sollen insgesamt zwischen 649 und 681 Milliarden Euro an Zinsen und Tilgung f\u00e4llig werden.<\/p>\n<p>                <img src=\"https:\/\/www.europesays.com\/de\/wp-content\/uploads\/2026\/08\/WED_16_Bundestag_-1024x683.jpg\" alt=\"Copyright 2026 The Associated Press. All rights reserved.\" itemprop=\"contentUrl\" class=\"story-img story-img--landscape\" loading=\"lazy\" decoding=\"async\"\/><\/p>\n<p>                                                                            European Commission President Ursula von der Leyen, right, greets Germany&#8217;s Chancellor Friedrich Merz prior to a meeting at EU headquarters in Brussels, Thursday, Jan<br \/>\n                                                                            <\/p>\n<p>                                        Copyright 2026 The Associated Press. All rights reserved.<\/p>\n<p>Der deutsche Anteil ergibt sich gem\u00e4ss dem Bericht aus dem durchschnittlichen Beitrag Deutschlands zum EU-Haushalt. Zu den gr\u00f6ssten Nettozahlern geh\u00f6ren neben Deutschland auch Frankreich und die Niederlande. Die gr\u00f6ssten Empf\u00e4nger sind Italien und Spanien, zudem profitierten unter anderem Portugal, Griechenland, Polen und Rum\u00e4nien. Im EU-Haushaltszeitraum von 2028 bis 2034 werden f\u00fcr die Schulden zwischen 140 und 168 Milliarden Euro an Zins- und Tilgungszahlungen f\u00e4llig. Auf Deutschland sollen davon 32 bis 38 Milliarden Euro entfallen.<\/p>\n<p>Der FDP-Europaabgeordnete Moritz K\u00f6rner kritisiert die Verteilung: \u00abDeutschland bezahlt also die schuldenfinanzierten Programme anderer Staaten, w\u00e4hrend es selbst wirtschaftlich zur\u00fcckf\u00e4llt.\u00bb<\/p>\n<p>2025 wuchs die deutsche Wirtschaft laut dem Bericht um 0,2 Prozent, w\u00e4hrend die EU insgesamt ein Wirtschaftswachstum von 1,4 Prozent verzeichnete.<\/p>\n","protected":false},"excerpt":{"rendered":"Deutschland k\u00f6nnte bis 2058 zwischen 145 und 154 Milliarden Euro f\u00fcr Zinsen und Tilgung des schuldenfinanzierten EU-Corona-Wiederaufbaufonds \u00abNextGen&hellip;\n","protected":false},"author":2,"featured_media":77541,"comment_status":"","ping_status":"","sticky":false,"template":"","format":"standard","meta":{"footnotes":"","_share_on_mastodon":"0"},"categories":[3933],"tags":[331,332,29,548,62957,663,158,3934,3935,1721,13,14,15,16,12,1620,55],"class_list":["post-1269242","post","type-post","status-publish","format-standard","has-post-thumbnail","category-eu","tag-aktuelle-nachrichten","tag-aktuelle-news","tag-deutschland","tag-eu","tag-eu-haushalt","tag-europa","tag-europaeische-union","tag-europe","tag-european-union","tag-finanzen","tag-headlines","tag-nachrichten","tag-news","tag-politik","tag-schlagzeilen","tag-schulden","tag-wirtschaft"],"share_on_mastodon":{"url":"https:\/\/pubeurope.com\/@de\/117183277686834072","error":""},"_links":{"self":[{"href":"https:\/\/www.europesays.com\/de\/wp-json\/wp\/v2\/posts\/1269242","targetHints":{"allow":["GET"]}}],"collection":[{"href":"https:\/\/www.europesays.com\/de\/wp-json\/wp\/v2\/posts"}],"about":[{"href":"https:\/\/www.europesays.com\/de\/wp-json\/wp\/v2\/types\/post"}],"author":[{"embeddable":true,"href":"https:\/\/www.europesays.com\/de\/wp-json\/wp\/v2\/users\/2"}],"replies":[{"embeddable":true,"href":"https:\/\/www.europesays.com\/de\/wp-json\/wp\/v2\/comments?post=1269242"}],"version-history":[{"count":0,"href":"https:\/\/www.europesays.com\/de\/wp-json\/wp\/v2\/posts\/1269242\/revisions"}],"wp:featuredmedia":[{"embeddable":true,"href":"https:\/\/www.europesays.com\/de\/wp-json\/wp\/v2\/media\/77541"}],"wp:attachment":[{"href":"https:\/\/www.europesays.com\/de\/wp-json\/wp\/v2\/media?parent=1269242"}],"wp:term":[{"taxonomy":"category","embeddable":true,"href":"https:\/\/www.europesays.com\/de\/wp-json\/wp\/v2\/categories?post=1269242"},{"taxonomy":"post_tag","embeddable":true,"href":"https:\/\/www.europesays.com\/de\/wp-json\/wp\/v2\/tags?post=1269242"}],"curies":[{"name":"wp","href":"https:\/\/api.w.org\/{rel}","templated":true}]}}