{"id":1269243,"date":"2026-08-30T07:27:15","date_gmt":"2026-08-30T07:27:15","guid":{"rendered":"https:\/\/www.europesays.com\/de\/1269243\/"},"modified":"2026-08-30T07:27:15","modified_gmt":"2026-08-30T07:27:15","slug":"schweiz-mehrere-opfer-schuesse-bei-rave-in-aarau","status":"publish","type":"post","link":"https:\/\/www.europesays.com\/de\/1269243\/","title":{"rendered":"Schweiz: \u201eMehrere Opfer\u201c \u2013 Sch\u00fcsse bei Rave in Aarau"},"content":{"rendered":"<p>Im schweizerischen Aarau l\u00e4uft ein Gro\u00dfeinsatz der Polizei. Bei einem Rave auf einer Pferderennbahn gab es \u201emehrere Schussabgaben\u201c. Es soll einen Toten und zum Teil schwer verletzte Personen geben.<\/p>\n<p class=\"c-inline-alert__description\">Klicken Sie hier, um sich Artikel von WELT in der Google-Suche bevorzugt anzeigen zu lassen.<\/p>\n<p class=\"is-first-paragraph\" data-external=\"Article.FirstParagraph\">Bei einem Rave im schweizerischen Aarau sind in der Nacht zu Sonntag Sch\u00fcsse gefallen. Das best\u00e4tigte die Kantonspolizei Aarau. Demnach gebe es \u201emehrere Opfer\u201c. Es laufe ein Gro\u00dfeinsatz der Polizei. \u201eBleiben Sie dem Gebiet fern\u201c, schrieb die Polizei. Die Gegend ist gro\u00dfr\u00e4umig abgesperrt.<\/p>\n<p>Die Polizei schrieb auf X auf Basis von \u201evorl\u00e4ufigen Erkenntnissen\u201c, dass es infolge der Sch\u00fcsse ein Todesopfer und f\u00fcnf zum Teil schwer verletzte Personen gegeben habe.<\/p>\n<p>Eine Sprecherin der <a class=\"is-link c-block-items__link c-link--rich-text-renderer\" href=\"https:\/\/www.welt.de\/themen\/polizei\/\" data-internal-tracking-enabled=\"true\" data-internal-tracking=\"{&quot;action&quot;:&quot;click&quot;,&quot;label&quot;:&quot;link&quot;,&quot;name&quot;:&quot;Inline Element&quot;,&quot;data&quot;:{&quot;source&quot;:&quot;&quot;,&quot;target&quot;:&quot;https:\/\/www.welt.de\/themen\/polizei\/&quot;,&quot;trackingName&quot;:&quot;&quot;,&quot;trackingLabel&quot;:&quot;&quot;}}\" rel=\"nofollow noopener\" target=\"_blank\">Polizei<\/a> sagte dem Schweizer <a class=\"is-link c-block-items__link is-external c-link--rich-text-renderer\" href=\"https:\/\/www.blick.ch\/schweiz\/mittelland\/aargau\/grosseinsatz-von-sicherheitskraeften-laeuft-mehrere-schussabgaben-und-verletzte-beim-aarauer-rave-auf-pferderennbahn-id22220509.html\" target=\"_blank\" title=\"Link wird in einem neuen Tab ge\u00f6ffnet\" rel=\"nofollow noopener\" data-internal-tracking-enabled=\"true\" data-internal-tracking=\"{&quot;action&quot;:&quot;click&quot;,&quot;label&quot;:&quot;link&quot;,&quot;name&quot;:&quot;Inline Element&quot;,&quot;data&quot;:{&quot;source&quot;:&quot;&quot;,&quot;target&quot;:&quot;https:\/\/www.blick.ch\/schweiz\/mittelland\/aargau\/grosseinsatz-von-sicherheitskraeften-laeuft-mehrere-schussabgaben-und-verletzte-beim-aarauer-rave-auf-pferderennbahn-id22220509.html&quot;,&quot;trackingName&quot;:&quot;&quot;,&quot;trackingLabel&quot;:&quot;&quot;}}\">\u201eBlick\u201c,<\/a> dass der Vorfall auf der \u00f6rtlichen \u201ePferderennbahn lokalisiert\u201c sei. \u201eEs ist noch nicht klar, was genau vorgefallen ist\u201c, sagte die Sprecherin. Sie best\u00e4tigte, dass es \u201emehrere Schussabgaben bei einer gr\u00f6\u00dferen Personengruppe\u201c gegeben habe.<\/p>\n<p>Laut Schweizer Medienberichten fielen die Sch\u00fcsse zwischen 2 und 3 Uhr. Weitere Hintergr\u00fcnde sind bislang unklar \u2013 also auch, wie viele T\u00e4ter es gibt und ob diese sich auf der Flucht befinden. <\/p>\n<p>Gegen\u00fcber der Schweizer Zeitung \u201eBlick\u201c \u00e4u\u00dferten sich mehrere Zeugen. Zun\u00e4chst h\u00e4tten die Besucher die Sch\u00fcsse f\u00fcr ein Feuerwerk gehalten, so eine Frau. Dann habe jemand \u201eAlle runter!\u201c gerufen. Die Gruppe habe sich daraufhin unter dem DJ-Pult versteckt. Eine Frau sei von einer Kugel getroffen worden. Alle Besucher des Raves seien von der Polizei in eine Turnhalle gebracht worden. \u201eEs war schrecklich\u201c, so die Zeugin gegen\u00fcber der Zeitung. Das Ganze habe sich unmittelbar nach dem Ende der Veranstaltung abgespielt.<\/p>\n<p>Auf der Pferderennbahn fand der \u201eAarau Rave VOL. 7\u201c statt. Aufgrund des Gro\u00dfeinsatzes bleibt das Schwimmbad Aarau in Aarau bis auf Weiteres geschlossen.<\/p>\n<p><b>Dieser Artikel wird fortlaufend aktualisiert.<\/b><\/p>\n<p>luwi\/jmr\/lay\/dpa<\/p>\n","protected":false},"excerpt":{"rendered":"Im schweizerischen Aarau l\u00e4uft ein Gro\u00dfeinsatz der Polizei. Bei einem Rave auf einer Pferderennbahn gab es \u201emehrere Schussabgaben\u201c.&hellip;\n","protected":false},"author":2,"featured_media":1269244,"comment_status":"","ping_status":"","sticky":false,"template":"","format":"standard","meta":{"footnotes":"","_share_on_mastodon":"0"},"categories":[5],"tags":[331,332,3364,29,30,13,52264,14,15,110,121,262176,51064,12,293,45],"class_list":["post-1269243","post","type-post","status-publish","format-standard","has-post-thumbnail","category-nachrichten","tag-aktuelle-nachrichten","tag-aktuelle-news","tag-de","tag-deutschland","tag-germany","tag-headlines","tag-kriminalitaet-ks","tag-nachrichten","tag-news","tag-newsteam","tag-polizei","tag-raves-ks","tag-schiessereien-ks","tag-schlagzeilen","tag-schweiz","tag-texttospeech"],"share_on_mastodon":{"url":"https:\/\/pubeurope.com\/@de\/117183279590288596","error":""},"_links":{"self":[{"href":"https:\/\/www.europesays.com\/de\/wp-json\/wp\/v2\/posts\/1269243","targetHints":{"allow":["GET"]}}],"collection":[{"href":"https:\/\/www.europesays.com\/de\/wp-json\/wp\/v2\/posts"}],"about":[{"href":"https:\/\/www.europesays.com\/de\/wp-json\/wp\/v2\/types\/post"}],"author":[{"embeddable":true,"href":"https:\/\/www.europesays.com\/de\/wp-json\/wp\/v2\/users\/2"}],"replies":[{"embeddable":true,"href":"https:\/\/www.europesays.com\/de\/wp-json\/wp\/v2\/comments?post=1269243"}],"version-history":[{"count":0,"href":"https:\/\/www.europesays.com\/de\/wp-json\/wp\/v2\/posts\/1269243\/revisions"}],"wp:featuredmedia":[{"embeddable":true,"href":"https:\/\/www.europesays.com\/de\/wp-json\/wp\/v2\/media\/1269244"}],"wp:attachment":[{"href":"https:\/\/www.europesays.com\/de\/wp-json\/wp\/v2\/media?parent=1269243"}],"wp:term":[{"taxonomy":"category","embeddable":true,"href":"https:\/\/www.europesays.com\/de\/wp-json\/wp\/v2\/categories?post=1269243"},{"taxonomy":"post_tag","embeddable":true,"href":"https:\/\/www.europesays.com\/de\/wp-json\/wp\/v2\/tags?post=1269243"}],"curies":[{"name":"wp","href":"https:\/\/api.w.org\/{rel}","templated":true}]}}