{"id":1269253,"date":"2026-08-30T07:33:18","date_gmt":"2026-08-30T07:33:18","guid":{"rendered":"https:\/\/www.europesays.com\/de\/1269253\/"},"modified":"2026-08-30T07:33:18","modified_gmt":"2026-08-30T07:33:18","slug":"msv-duisburg-lex-tyger-lobinger-mit-fuenf-toren-nach-vier-pflichtspielen","status":"publish","type":"post","link":"https:\/\/www.europesays.com\/de\/1269253\/","title":{"rendered":"MSV Duisburg: Lex-Tyger Lobinger mit f\u00fcnf Toren nach vier Pflichtspielen"},"content":{"rendered":"<p class=\"text_ohne_einzug richtext text-em-55 !leading-serif mx-6 desktop:mx-0\">Lex-Tyger Lobinger hat einen absoluten Traumstart in die neue Saison hingelegt. In seinen bisherigen vier Pflichtspielen \u2013 im Niederrheinpokal beim Bezirksligisten W\u00fclfrath wurde der Angreifer geschont \u2013 erzielte er f\u00fcnf Treffer. Am Samstag beim 3:0-Sieg im Heimspiel gegen die <a href=\"https:\/\/rp-online.de\/thema\/wuerzburger-kickers\/\" rel=\"nofollow noopener\" target=\"_blank\">W\u00fcrzburger Kickers<\/a> gelang ihm sein erster Doppelpack der Saison. \u201eWenn es so weiter geht, beschwere ich mich nicht\u201c, meinte Lobinger hinterher mit einem breiten Grinsen. Hinzu kam dann auch noch ein Lob vom Trainer.<\/p>\n<p class=\"richtext text-em-55 !leading-serif mx-6 desktop:mx-0\">\u201eEr hat flei\u00dfig gearbeitet, hatte eine sehr gute Vorbereitung und ist gesund. Wir wussten immer, dass er ein Top-St\u00fcrmer ist. Er hatte immer Top-Quoten und macht immer so weiter\u201c, sagt Dietmar Hirsch \u00fcber den 27-J\u00e4hrigen. Der Coach will aber auch seine Mannschaftskameraden nicht unerw\u00e4hnt lassen: \u201eEr wird auch gut in Szene gesetzt.\u201c Das galt vor allem beim Treffer zum 1:0. Dort hatte sich Joshua Bitter auf der rechten Seite gegen mehrere W\u00fcrzburger durchgek\u00e4mpft. Bei seiner Hereingabe musste Lobinger letztlich nur den Fu\u00df hinhalten. \u201eEs passt halt einfach\u201c, sagt Hirsch. \u201eWir sind froh, dass wir so einen qualitativ guten St\u00fcrmer haben.\u201c<\/p>\n<p class=\"richtext text-em-55 !leading-serif mx-6 desktop:mx-0\">F\u00fcr den Erfolg hatte Lobinger in der Sommervorbereitung auch immer wieder Extraschichten eingelegt. Anhand der Torausbeute kann man gut und gerne behaupten, dass sich das gelohnt hat: \u201eWenn man es darauf schieben will, sage ich gerne ja. Hartes Training wird immer belohnt\u201c, sagt Lobinger stolz. \u201eOb es wirklich daran lag, wei\u00df ich nicht. Aber es hat gut getan.\u201c<\/p>\n<p>Doppelpack in einer Viertelstunde      <\/p>\n<p class=\"richtext text-em-55 !leading-serif mx-6 desktop:mx-0\">F\u00fcr seinen Doppelpack gegen W\u00fcrzburg brauchte Lobinger gerade einmal eine Viertelstunde. Der F\u00fchrungstreffer nach Vorlage von Bitter fiel nach neun Minuten, sechs Minuten sp\u00e4ter schloss er dann nach einer Flanke von rechts von Aljaz Casar zum 2:0 ab. \u201eWir sind von Anfang an sehr gut ins Spiel gekommen. Wenn du fr\u00fch mit zwei Toren in F\u00fchrung gehst, l\u00e4sst sich ein solches Heimspiel leichter spielen\u201c, sagt Lobinger, mahnt aber auch an: \u201eWir h\u00e4tten fr\u00fcher auf das dritte Tor gehen k\u00f6nnen. Trotzdem haben wir das solide runtergespielt.\u201c<\/p>\n<p class=\"richtext text-em-55 !leading-serif mx-6 desktop:mx-0\">Zumal ein drittes eigentlich schon nach 27 Minuten h\u00e4tte fallen m\u00fcssen. Patrick Sussek war von Christian Viet aus dem Zentrum heraus freigespielt worden und lief frei auf den W\u00fcrzburger Torh\u00fcter Johann Hipper zu. Schiedsrichter Niclas Rose pfiff jedoch wegen einer vermeintlichen Abseitsstellung ab. Die TV-Bilder zeigten, dass dem relativ deutlich nicht so war. \u201eWir haben in der Dritten Liga ja keine Videoschiedsrichter, da muss man das manchmal hinnehmen. Es sollte ja trotzdem reichen\u201c, meinte Lobinger. Den Schlusspunkt zum 3:0 setzte dann Viet eben selbst (71.). Lobinger stand zu diesem Zeitpunkt schon nicht mehr auf dem Feld.<\/p>\n<p class=\"richtext text-em-55 !leading-serif mx-6 desktop:mx-0\">F\u00fcr die Duisburger geht es dann am kommenden Wochenende zum SSV Jahn <a href=\"https:\/\/rp-online.de\/thema\/regensburg\/\" rel=\"nofollow noopener\" target=\"_blank\">Regensburg<\/a>. Einem Gegner, dem Lobinger auch mit Respekt begegnet. \u201eIn der Dritten Liga gibt es kein einfaches Spiel\u201c, wei\u00df Lobinger, der sich mit dem Gegner aber noch nicht besch\u00e4ftigt hat. \u201eBis jetzt war voller Fokus auf das Spiel gegen W\u00fcrzburg.\u201c Vielleicht kann Lobinger seinen Lauf dort ja sogar fortsetzen und weiter Selbstvertrauen sammeln. Danach, am 12. September, kehrt er schlie\u00dflich in D\u00fcsseldorf an seine alte Wirkungsst\u00e4tte zur\u00fcck. Dort durfte er zwischen 2020 und 2022 elfmal zumindest Zweitliga-Luft schnuppern.<\/p>\n","protected":false},"excerpt":{"rendered":"Lex-Tyger Lobinger hat einen absoluten Traumstart in die neue Saison hingelegt. In seinen bisherigen vier Pflichtspielen \u2013 im&hellip;\n","protected":false},"author":2,"featured_media":1269254,"comment_status":"","ping_status":"","sticky":false,"template":"","format":"standard","meta":{"footnotes":"","_share_on_mastodon":"0"},"categories":[1838],"tags":[3364,29,25160,24476,3715,262179,262180,30,22914,254517,195231,9435,1209,40112,198947,5725,9095,254516,15205],"class_list":["post-1269253","post","type-post","status-publish","format-standard","has-post-thumbnail","category-duisburg","tag-de","tag-deutschland","tag-dietmar-hirsch","tag-doppelpack","tag-duisburg","tag-extraschichten","tag-freigespielt","tag-germany","tag-heimspiel","tag-lex","tag-lobinger","tag-msv","tag-nordrhein-westfalen","tag-pflichtspielen","tag-runtergespielt","tag-spiel","tag-stuermer","tag-tyger","tag-wuerzburg"],"share_on_mastodon":{"url":"https:\/\/pubeurope.com\/@de\/117183303183239229","error":""},"_links":{"self":[{"href":"https:\/\/www.europesays.com\/de\/wp-json\/wp\/v2\/posts\/1269253","targetHints":{"allow":["GET"]}}],"collection":[{"href":"https:\/\/www.europesays.com\/de\/wp-json\/wp\/v2\/posts"}],"about":[{"href":"https:\/\/www.europesays.com\/de\/wp-json\/wp\/v2\/types\/post"}],"author":[{"embeddable":true,"href":"https:\/\/www.europesays.com\/de\/wp-json\/wp\/v2\/users\/2"}],"replies":[{"embeddable":true,"href":"https:\/\/www.europesays.com\/de\/wp-json\/wp\/v2\/comments?post=1269253"}],"version-history":[{"count":0,"href":"https:\/\/www.europesays.com\/de\/wp-json\/wp\/v2\/posts\/1269253\/revisions"}],"wp:featuredmedia":[{"embeddable":true,"href":"https:\/\/www.europesays.com\/de\/wp-json\/wp\/v2\/media\/1269254"}],"wp:attachment":[{"href":"https:\/\/www.europesays.com\/de\/wp-json\/wp\/v2\/media?parent=1269253"}],"wp:term":[{"taxonomy":"category","embeddable":true,"href":"https:\/\/www.europesays.com\/de\/wp-json\/wp\/v2\/categories?post=1269253"},{"taxonomy":"post_tag","embeddable":true,"href":"https:\/\/www.europesays.com\/de\/wp-json\/wp\/v2\/tags?post=1269253"}],"curies":[{"name":"wp","href":"https:\/\/api.w.org\/{rel}","templated":true}]}}