{"id":1269275,"date":"2026-08-30T07:52:20","date_gmt":"2026-08-30T07:52:20","guid":{"rendered":"https:\/\/www.europesays.com\/de\/1269275\/"},"modified":"2026-08-30T07:52:20","modified_gmt":"2026-08-30T07:52:20","slug":"bvb-news-und-geruechte-es-ist-offiziell-borussia-dortmund-geht-bei-wunschspieler-leer-aus","status":"publish","type":"post","link":"https:\/\/www.europesays.com\/de\/1269275\/","title":{"rendered":"BVB, News und Ger\u00fcchte: Es ist offiziell! Borussia Dortmund geht bei Wunschspieler leer aus"},"content":{"rendered":"<p>Es ist offiziell: Borussia Dortmund geht im Rennen um einen Wunschspieler leer aus. Konstantinos Karetsas zeigt sich derweil \u00fcbergl\u00fccklich nach seinem erfolgreichen Bundesliga-Deb\u00fct. News und Ger\u00fcchte zum BVB.<\/p>\n<p><b><strong>Mehr News und Ger\u00fcchte zum BVB:<\/strong><\/b>BVB, News: Offiziell! Borussia Dortmund verliert Rennen um Barca-Talent<\/p>\n<p>Es hatte sich zuletzt bereits angedeutet, nun ist es offiziell: Borussia Dortmund geht im Rennen um Hector Fort leer aus. Der FC Barcelona best\u00e4tigte inzwischen den Wechsel des 20-j\u00e4hrigen Rechtsverteidigers zu Real Sociedad. Fort bleibt damit in LaLiga und unterschreibt beim Klub aus San Sebastian.<\/p>\n<p>Die Katalanen sichern sich dabei weitreichende Einflussm\u00f6glichkeiten auf die Zukunft des Talents. So wurde eine R\u00fcckkaufklausel sowie eine Beteiligung an einem m\u00f6glichen Weiterverkauf vereinbart. Die genauen Summen sind nicht offiziell best\u00e4tigt. Medienberichten zufolge soll die Abl\u00f6se jedoch bei rund acht Millionen Euro liegen, w\u00e4hrend die R\u00fcckkaufoption 20 Millionen Euro und die Weiterverkaufsbeteiligung 50 Prozent betragen soll.<\/p>\n<p><a href=\"https:\/\/www.spox.com\/fussball\/news\/bvb-news-und-geruechte-wunschspieler-kommt-wohl-nicht-rueckschlag-auf-dem-transfermarkt-fuer-borussia-dortmund\/blt918ca81beb01d2b2\" rel=\"nofollow noopener\" target=\"_blank\" data-affiliate-type=\"NONE\">Lange Zeit durfte sich auch der BVB Hoffnungen auf eine Verpflichtung machen.<\/a> Dortmund galt zwischenzeitlich sogar als Favorit. Die Gespr\u00e4che mit Barcelona sollen jedoch an den finanziellen Vorstellungen gescheitert sein. Laut Bild forderte Barca 17 Millionen Euro. Auch ein alternatives Modell mit zehn Millionen Euro fixer Abl\u00f6se sowie einer R\u00fcckkaufklausel und Weiterverkaufsbeteiligung konnte keine Einigung herbeif\u00fchren.<\/p>\n<p>Fort steht bislang noch am Anfang seiner Karriere im europ\u00e4ischen Spitzenfu\u00dfball. Beim spanischen Meister reichte es meist nur zu Kurzeins\u00e4tzen, ehe er in der vergangenen Saison an den FC Elche verliehen wurde. Doch auch dort blieb der gro\u00dfe Durchbruch aus: In 17 Eins\u00e4tzen kam der Spanier auf etwas mehr als 600 Spielminuten, erzielte drei Tore und bereitete zwei weitere Treffer vor.<\/p>\n<p>In Dortmund war Fort urspr\u00fcnglich als Nachfolger von Yan Couto eingeplant. Der Brasilianer verlie\u00df den BVB und schloss sich auf Leihbasis Como 1907 an.<\/p>\n<p><img class=\"fco-image__image\" alt=\"Hector Fort\"   loading=\"lazy\" decoding=\"async\" fetchpriority=\"auto\" width=\"1600\" height=\"900\" src=\"https:\/\/www.europesays.com\/de\/wp-content\/uploads\/2026\/08\/1788076340_477_1600.jpg\" style=\"aspect-ratio:1600 \/ 900;width:100%;height:100%\"\/>Getty ImagesBVB, News: Karetsas \u00fcbergl\u00fccklich nach erfolgreichem Bundesliga-Deb\u00fct<\/p>\n<p><a href=\"https:\/\/www.spox.com\/fussball\/news\/bvb-noten-und-einzelkritiken-zu-borussia-dortmund-vs-hsv-imposante-duftmarken-mit-bitterem-beigeschmack-ein-dortmunder-mit-millionentransfer-im-nacken-sammelt-argumente\/blt256c3cbcf558dd9b\" rel=\"nofollow noopener\" target=\"_blank\" data-affiliate-type=\"NONE\">Konstantinos Karetsas h\u00e4tte sich sein Bundesliga-Deb\u00fct f\u00fcr Borussia Dortmund wohl kaum besser ausmalen k\u00f6nnen.<\/a> Beim 2:0-Erfolg gegen den Hamburger SV bereitete der 18-J\u00e4hrige den F\u00fchrungstreffer von Serhou Guirassy vor und sorgte auch dar\u00fcber hinaus immer wieder f\u00fcr Gefahr in der Dortmunder Offensive. Seine starke Vorstellung wurde anschlie\u00dfend mit der Auszeichnung zum Spieler des Spiels belohnt.<\/p>\n<p>Entsprechend gro\u00df war die Freude beim Griechen. &#8222;Ich habe es sehr genossen, besonders zum ersten Mal vor der Gelben Wand und all den Ultras. Es war sehr laut. Das war f\u00fcr mich das Beste&#8220;, erkl\u00e4rte Karetsas nach der Partie bei Sky.<\/p>\n<p>Vor allem die Unterst\u00fctzung der BVB-Fans beeindruckte den Offensivspieler nachhaltig. &#8222;Sehr viel Liebe. Bei jeder offensiven Aktion, die wir hatten, haben wir das ganze Stadion geh\u00f6rt. Das ist etwas Neues f\u00fcr mich und ich bin sehr dankbar&#8220;, schw\u00e4rmte er.<\/p>\n<p>Ganz zufrieden war Karetsas mit seiner eigenen Leistung dennoch nicht. Vor allem seine Chancenverwertung sah er kritisch: &#8222;Ich selbst h\u00e4tte mindestens noch ein Tor machen m\u00fcssen, deshalb bin ich damit nicht zufrieden. Ich glaube, auch die Mannschaft sollte mit unserer Effizienz heute nicht zu zufrieden sein. Wir h\u00e4tten in der ersten Halbzeit vier oder f\u00fcnf Tore machen k\u00f6nnen. Daran m\u00fcssen wir arbeiten. Das Gute ist, dass wir uns schon viele Chancen erspielt haben. Der Rest wird kommen.&#8220;<\/p>\n<p>Karetsas blickt mit gro\u00dfen Ambitionen auf seine erste Saison beim BVB. Auf die Frage, wie viele Titel er mit Dortmund gewinnen wolle, antwortete der 18-J\u00e4hrige schlicht: &#8222;So viele wie m\u00f6glich.&#8220; Gleichzeitig wei\u00df der Grieche um die Herausforderung: &#8222;Es wird nicht einfach, aber wir m\u00fcssen es Spiel f\u00fcr Spiel angehen. Mit den Fans hinter uns ist alles m\u00f6glich.&#8220;<\/p>\n<p>Mit einer Abl\u00f6se von 30 Millionen Euro ist Karetsas der teuerste der sechs Dortmunder Sommer-Neuzug\u00e4nge. Der Offensivspieler kam vom belgischen Topklub KRC Genk und besitzt in Dortmund einen Vertrag bis 2031.<\/p>\n<p><img class=\"fco-image__image\" alt=\"Karetsas BVB\"   loading=\"lazy\" decoding=\"async\" fetchpriority=\"auto\" width=\"1600\" height=\"900\" src=\"https:\/\/www.europesays.com\/de\/wp-content\/uploads\/2026\/08\/GettyImages-2290632060 (1).jpg\" style=\"aspect-ratio:1600 \/ 900;width:100%;height:100%\"\/>Getty ImagesBVB, Spielplan: Die n\u00e4chsten Spiele von Borussia Dortmund<\/p>\n<tr>\n<td>\n<p><b><strong>Datum<\/strong><\/b><\/p>\n<\/td>\n<td>\n<p><b><strong>Wettbewerb<\/strong><\/b><\/p>\n<\/td>\n<td>\n<p><b><strong>Spiel<\/strong><\/b><\/p>\n<\/td>\n<\/tr>\n<tr>\n<td>\n<p>Samstag, 29. August (18.30 Uhr)<\/p>\n<\/td>\n<td>\n<p>Bundesliga<\/p>\n<\/td>\n<td>\n<p>Borussia Dortmund vs. Hamburger SV<\/p>\n<\/td>\n<\/tr>\n<tr>\n<td>\n<p>Dienstag, 1. September (20.45 Uhr)<\/p>\n<\/td>\n<td>\n<p>DFB-Pokal<\/p>\n<\/td>\n<td>\n<p>HEBC Hamburg vs. Borussia Dortmund<\/p>\n<\/td>\n<\/tr>\n<tr>\n<td>\n<p>Samstag, 5. September (15.30 Uhr)<\/p>\n<\/td>\n<td>\n<p>Bundesliga<\/p>\n<\/td>\n<td>\n<p>TSG Hoffenheim vs. Borussia Dortmund<\/p>\n<\/td>\n<\/tr>\n<tr>\n<td>\n<p>Di.\/Mi., 8.\/9. September (21.00 Uhr)<\/p>\n<\/td>\n<td>\n<p>Champions League, 1. Sptg.<\/p>\n<\/td>\n<td>\n<p>tba<\/p>\n<\/td>\n<\/tr>\n<tr>\n<td>\n<p>Samstag, 12. September (15.30 Uhr)<\/p>\n<\/td>\n<td>\n<p>Bundesliga<\/p>\n<\/td>\n<td>\n<p>Borussia Dortmund vs. SC Paderborn<\/p>\n<\/td>\n<\/tr>\n","protected":false},"excerpt":{"rendered":"Es ist offiziell: Borussia Dortmund geht im Rennen um einen Wunschspieler leer aus. Konstantinos Karetsas zeigt sich derweil&hellip;\n","protected":false},"author":2,"featured_media":1129502,"comment_status":"","ping_status":"","sticky":false,"template":"","format":"standard","meta":{"footnotes":"","_share_on_mastodon":"0"},"categories":[1833],"tags":[888,299,3364,29,217,347,30,216400,1209,4604],"class_list":["post-1269275","post","type-post","status-publish","format-standard","has-post-thumbnail","category-dortmund","tag-borussia-dortmund","tag-bundesliga","tag-de","tag-deutschland","tag-dortmund","tag-fussball","tag-germany","tag-k-karetsas","tag-nordrhein-westfalen","tag-soccer"],"share_on_mastodon":{"url":"https:\/\/pubeurope.com\/@de\/117183382361773026","error":""},"_links":{"self":[{"href":"https:\/\/www.europesays.com\/de\/wp-json\/wp\/v2\/posts\/1269275","targetHints":{"allow":["GET"]}}],"collection":[{"href":"https:\/\/www.europesays.com\/de\/wp-json\/wp\/v2\/posts"}],"about":[{"href":"https:\/\/www.europesays.com\/de\/wp-json\/wp\/v2\/types\/post"}],"author":[{"embeddable":true,"href":"https:\/\/www.europesays.com\/de\/wp-json\/wp\/v2\/users\/2"}],"replies":[{"embeddable":true,"href":"https:\/\/www.europesays.com\/de\/wp-json\/wp\/v2\/comments?post=1269275"}],"version-history":[{"count":0,"href":"https:\/\/www.europesays.com\/de\/wp-json\/wp\/v2\/posts\/1269275\/revisions"}],"wp:featuredmedia":[{"embeddable":true,"href":"https:\/\/www.europesays.com\/de\/wp-json\/wp\/v2\/media\/1129502"}],"wp:attachment":[{"href":"https:\/\/www.europesays.com\/de\/wp-json\/wp\/v2\/media?parent=1269275"}],"wp:term":[{"taxonomy":"category","embeddable":true,"href":"https:\/\/www.europesays.com\/de\/wp-json\/wp\/v2\/categories?post=1269275"},{"taxonomy":"post_tag","embeddable":true,"href":"https:\/\/www.europesays.com\/de\/wp-json\/wp\/v2\/tags?post=1269275"}],"curies":[{"name":"wp","href":"https:\/\/api.w.org\/{rel}","templated":true}]}}