{"id":1269303,"date":"2026-08-30T08:14:20","date_gmt":"2026-08-30T08:14:20","guid":{"rendered":"https:\/\/www.europesays.com\/de\/1269303\/"},"modified":"2026-08-30T08:14:20","modified_gmt":"2026-08-30T08:14:20","slug":"digitalpakt-2-0-643-millionen-fuer-brandenburg","status":"publish","type":"post","link":"https:\/\/www.europesays.com\/de\/1269303\/","title":{"rendered":"Digitalpakt 2.0: 64,3 Millionen f\u00fcr Brandenburg"},"content":{"rendered":"<p><strong>64,3 Millionen Euro f\u00fcr WLAN, Endger\u00e4te und IT an Brandenburgs Schulen: Das Kabinett hat den Weg f\u00fcr den Digitalpakt 2.0 frei gemacht. Die Mittel gehen an die Schultr\u00e4ger \u2013 also an unsere Landkreise und St\u00e4dte.<\/strong><\/p>\n<p><img decoding=\"async\" class=\"aligncenter size-large\" src=\"https:\/\/www.europesays.com\/de\/wp-content\/uploads\/2026\/08\/2026-08-30_digitalpakt-2-0-brandenburg.jpg\" alt=\"Grafik zum Digitalpakt 2.0 in Brandenburg\" width=\"1000\"\/>Die Mittel aus dem Digitalpakt 2.0 f\u00fcr Brandenburg. Grafik: NIEDERLAUSITZ aktuell<strong>Was beschlossen wurde<\/strong><\/p>\n<p>Das Landeskabinett hat Bildungsminister Gordon Hoffmann bei seiner Sitzung am Dienstag erm\u00e4chtigt, den Digitalpakt 2.0 zwischen Bund und L\u00e4ndern zu unterzeichnen. Damit ist die formale H\u00fcrde genommen.<\/p>\n<p>Der Bund stellt bundesweit bis zu 2,5 Milliarden Euro bereit, die L\u00e4nder bringen denselben Betrag auf \u2013 zusammen bis zu f\u00fcnf Milliarden Euro. Auf Brandenburg entfallen rund 64,3 Millionen Euro aus Bundesmitteln f\u00fcr die IT-Infrastruktur und die digitale Ausstattung der Schulen. Weitere knapp elf Millionen Euro sind f\u00fcr Brandenburgs Anteil an l\u00e4nder\u00fcbergreifenden Projekten vorgesehen.<\/p>\n<p><strong>Wof\u00fcr das Geld gedacht ist<\/strong><\/p>\n<p>Der Digitalpakt 2.0 hat drei Str\u00e4nge. Der erste \u2013 und f\u00fcr die Schulen vor Ort entscheidende \u2013 betrifft die Ausstattung: leistungsf\u00e4hige WLAN-Netze und moderne Endger\u00e4te. Genau daf\u00fcr sind die 64,3 Millionen Euro bestimmt.<\/p>\n<p>Der zweite Strang zielt auf Unterricht und Lehrpl\u00e4ne, auf p\u00e4dagogische Instrumente und die Fortbildung von Lehrkr\u00e4ften. Der dritte auf praxisorientierte Forschung und die Lehrkr\u00e4fteausbildung an den Hochschulen.<\/p>\n<p class=\"nla-nl__kicker\">Newsletter<\/p>\n<p>Die Lausitz am Abend \u2013 in zwei Minuten<\/p>\n<p class=\"nla-nl__sub\">Jeden Abend das Wichtigste aus der Region \u2013 und donnerstags die Veranstaltungstipps f\u00fcrs Wochenende. Kostenlos und jederzeit abbestellbar.<\/p>\n<p class=\"nla-nl__row\"><a class=\"nla-nl__btn\" href=\"https:\/\/www.niederlausitz-aktuell.de\/newsletter\" rel=\"nofollow noopener\" target=\"_blank\">Jetzt kostenlos abonnieren<\/a><\/p>\n<p>Bildungsminister Hoffmann verweist auf den Vorg\u00e4nger: \u201eDer erste Digitalpakt hat unseren Schulen einen sp\u00fcrbaren Digitalisierungsschub gegeben. Das F\u00f6rderprogramm war eine gro\u00dfe Unterst\u00fctzung f\u00fcr die Schultr\u00e4ger in Brandenburg.\u201c Das wolle man fortsetzen.<\/p>\n<p><strong>Was das f\u00fcr die Region bedeutet<\/strong><\/p>\n<p>Schultr\u00e4ger sind in Brandenburg die Landkreise, St\u00e4dte und Gemeinden. F\u00fcr Cottbus, Spree-Nei\u00dfe, Oberspreewald-Lausitz, Elbe-Elster und Dahme-Spreewald hei\u00dft das: Sie k\u00f6nnen Antr\u00e4ge stellen \u2013 m\u00fcssen aber auch selbst mitfinanzieren, denn die L\u00e4nderh\u00e4lfte wird nicht allein vom Land getragen.<\/p>\n<p>Wie die 64,3 Millionen Euro auf die Schultr\u00e4ger verteilt werden und wann die Antragstellung startet, teilt das Ministerium noch nicht mit. Diese Frage entscheidet dar\u00fcber, was an den Schulen tats\u00e4chlich ankommt.<\/p>\n<p>Aus dem ersten Digitalpakt ist zudem eine Erfahrung geblieben, die auch diesmal z\u00e4hlen d\u00fcrfte: Ger\u00e4te anzuschaffen ist das eine \u2013 sie zu warten, zu ersetzen und den Unterricht darauf umzustellen, das andere. F\u00fcr diese laufenden Kosten sind F\u00f6rdermittel in der Regel nicht vorgesehen.<\/p>\n<p>Titelbild: Grafik \u00a9 NIEDERLAUSITZ aktuell<\/p>\n<p><strong>Weitere aktuelle Meldungen aus der Region<\/strong>Heute in der Lausitz \u2013 Unser t\u00e4glicher News\u00fcberblick<\/p>\n<p>Mehr Infos und News aus der Lausitzer und S\u00fcdbrandenburger Region sowie Videos und Social-Media-Content von heute findet ihr in unserer Tages\u00fcbersicht \u2013&gt;&gt; <a href=\"https:\/\/www.niederlausitz-aktuell.de\/main-artikel\/230749\/heute-in-der-lausitz-unser-taeglicher-news-und-contentueberblick-56.html\" target=\"_blank\" rel=\"noopener nofollow\"><strong>Hier zur \u00dcbersicht<\/strong><\/a><\/p>\n<p style=\"margin:0 0 10px 0;font-size:15px;line-height:1.5;\"> <strong>Uns bei Google als bevorzugte Quelle festlegen<\/strong><br \/>Wer etwas googelt, bekommt neben den normalen Treffern eine Box mit aktuellen<br \/>\n Nachrichten. Legen Sie NIEDERLAUSITZ aktuell als bevorzugte Quelle fest,<br \/>\n erscheinen unsere Beitr\u00e4ge dort h\u00e4ufiger f\u00fcr Sie \u2013 und in den KI-\u00dcbersichten<br \/>\n von Google. Ein Klick gen\u00fcgt, danach sind Sie sofort wieder hier.<\/p>\n<p style=\"margin:10px 0 0 0;font-size:13px;line-height:1.5;\"> Falls der Knopf nicht angezeigt wird: <a href=\"https:\/\/www.google.com\/preferences\/source?q=niederlausitz-aktuell.de\" target=\"_blank\" rel=\"noopener nofollow\">niederlausitz-aktuell.de bei Google<br \/>\n als bevorzugte Quelle hinzuf\u00fcgen<\/a><\/p>\n<p>Red. \/ Presseinformation<\/p>\n","protected":false},"excerpt":{"rendered":"64,3 Millionen Euro f\u00fcr WLAN, Endger\u00e4te und IT an Brandenburgs Schulen: Das Kabinett hat den Weg f\u00fcr den&hellip;\n","protected":false},"author":2,"featured_media":1269304,"comment_status":"","ping_status":"","sticky":false,"template":"","format":"standard","meta":{"footnotes":"","_share_on_mastodon":"0"},"categories":[1816],"tags":[4568,1960,1958,1959,1957,1956,752,1890,29,1081,52331,30,230265,73614],"class_list":["post-1269303","post","type-post","status-publish","format-standard","has-post-thumbnail","category-brandenburg","tag-schulen","tag-aktuelle-nachrichten-aus-berlin-und-brandenburg","tag-aktuelle-nachrichten-aus-brandenburg","tag-aktuelle-news-aus-berlin-und-brandenburg","tag-aktuelle-news-aus-brandenburg","tag-berlin-und-brandenburg","tag-bildung","tag-brandenburg","tag-deutschland","tag-digitalisierung","tag-digitalpakt","tag-germany","tag-gordon-hoffmann","tag-schultraeger"],"share_on_mastodon":{"url":"https:\/\/pubeurope.com\/@de\/117183466768732986","error":""},"_links":{"self":[{"href":"https:\/\/www.europesays.com\/de\/wp-json\/wp\/v2\/posts\/1269303","targetHints":{"allow":["GET"]}}],"collection":[{"href":"https:\/\/www.europesays.com\/de\/wp-json\/wp\/v2\/posts"}],"about":[{"href":"https:\/\/www.europesays.com\/de\/wp-json\/wp\/v2\/types\/post"}],"author":[{"embeddable":true,"href":"https:\/\/www.europesays.com\/de\/wp-json\/wp\/v2\/users\/2"}],"replies":[{"embeddable":true,"href":"https:\/\/www.europesays.com\/de\/wp-json\/wp\/v2\/comments?post=1269303"}],"version-history":[{"count":0,"href":"https:\/\/www.europesays.com\/de\/wp-json\/wp\/v2\/posts\/1269303\/revisions"}],"wp:featuredmedia":[{"embeddable":true,"href":"https:\/\/www.europesays.com\/de\/wp-json\/wp\/v2\/media\/1269304"}],"wp:attachment":[{"href":"https:\/\/www.europesays.com\/de\/wp-json\/wp\/v2\/media?parent=1269303"}],"wp:term":[{"taxonomy":"category","embeddable":true,"href":"https:\/\/www.europesays.com\/de\/wp-json\/wp\/v2\/categories?post=1269303"},{"taxonomy":"post_tag","embeddable":true,"href":"https:\/\/www.europesays.com\/de\/wp-json\/wp\/v2\/tags?post=1269303"}],"curies":[{"name":"wp","href":"https:\/\/api.w.org\/{rel}","templated":true}]}}