{"id":1269332,"date":"2026-08-30T08:33:29","date_gmt":"2026-08-30T08:33:29","guid":{"rendered":"https:\/\/www.europesays.com\/de\/1269332\/"},"modified":"2026-08-30T08:33:29","modified_gmt":"2026-08-30T08:33:29","slug":"schweiz-eine-tote-nach-schuessen-bei-techno-festival-news","status":"publish","type":"post","link":"https:\/\/www.europesays.com\/de\/1269332\/","title":{"rendered":"Schweiz: Eine Tote nach Sch\u00fcssen bei Techno-Festival | News"},"content":{"rendered":"<p><a class=\"skip-content skip-content--link\" href=\"#in-content-skip-link-target-v-0-0\">TTS-Player \u00fcberspringen\u21b5<\/a><a id=\"in-content-skip-link-target-v-0-0\" class=\"skip-content--target-link-hidden skip-content skip-content--target-link\" href=\"#in-content-skip-link-target-v-0-0\">Artikel weiterlesen<\/a><\/p>\n<p>Z\u00fcrich \u2013<b> Bei einem Techno-Festival in Aarau (Schweiz) sind Sch\u00fcsse gefallen. Das best\u00e4tigte ein Pressesprecher der Kantonspolizei Aarau gegen\u00fcber BILD. Nach Polizeiangaben ist dabei eine 22-j\u00e4hrige Frau gestorben, vier M\u00e4nner und eine Frau im Alter zwischen 24 und 27 Jahren wurden zum Teil schwer verletzt. Alle Opfer haben ihren Wohnsitz in der Schweiz. \u201eDie Fahndung nach der unbekannten T\u00e4terschaft l\u00e4uft\u201c, hie\u00df es.<\/b><\/p>\n<p>Polizei spricht von einem Toten: Sch\u00fcsse bei Technofestival in der Schweiz<a class=\"anchor video-teaser__anchor\" href=\"https:\/\/www.bild.de\/news\/ausland\/polizei-spricht-von-einem-toten-schuesse-bei-technofestival-in-der-schweiz-6a93c95ad88567044d849c00\" rel=\"nofollow noopener\" target=\"_blank\"><img decoding=\"async\" width=\"992\" height=\"558\" alt=\"\" loading=\"lazy\" src=\"https:\/\/www.europesays.com\/de\/wp-content\/uploads\/2026\/08\/d2701aaa831e8a3bb6e342f2513c01a8,f6d71bdb.jpeg\"   class=\"landscape teaser__image\"\/><\/a><\/p>\n<p>Quelle: NonstopNews30.08.2026<\/p>\n<p>Nach ersten Informationen sollen die Sch\u00fcsse am fr\u00fchen Sonntagmorgen gegen 2.30 Uhr in der N\u00e4he der dortigen Pferderennbahn gefallen sein. Zu dem Zeitpunkt befanden sich auf dem Gel\u00e4nde zahlreiche Besucher beim \u201eAarauer Rave\u201c. Auf Videoaufnahmen, die dem <a href=\"https:\/\/www.blick.ch\/schweiz\/mittelland\/aargau\/grosseinsatz-von-sicherheitskraeften-laeuft-mehrere-schussabgaben-und-verletzte-beim-aarauer-rave-auf-pferderennbahn-id22220509.html\" target=\"_blank\" rel=\"nofollow noopener\" class=\"text-link\">\u201eBlick\u201c<\/a> vorliegen, sind rund zehn laute Knallger\u00e4usche zu h\u00f6ren. Der oder die T\u00e4ter sind auf der Flucht, die Fahndung l\u00e4uft.<\/p>\n<p><img decoding=\"async\" width=\"992\" height=\"558\" alt=\"Der Aarauer Rave fand am Samstag seit 15 Uhr statt und ging bis 2 Uhr am Sonntagmorgen (Archivfoto)\" loading=\"lazy\" src=\"https:\/\/www.europesays.com\/de\/wp-content\/uploads\/2026\/08\/2bf7e549792eaae3d6417f427c0ed70b,744d76cc.jpeg\"   class=\"landscape\"\/><\/p>\n<p class=\"fig__caption__text\">Der Aarauer Rave fand am Samstag seit 15 Uhr statt und ging bis 2 Uhr am Sonntagmorgen<\/p>\n<p>Foto: aarauer-rave.ch<\/p>\n<p>Der Polizeisprecher weiter zu BILD: \u201eAktuell ist das ganze Gebiet der Pferderennbahn abgesperrt, der Einsatz l\u00e4uft noch. In unmittelbarer N\u00e4he gibt es ein Schwimmbad, das bleibt heute auch gesperrt.\u201c <\/p>\n<p><img decoding=\"async\" width=\"992\" height=\"558\" alt=\"Rund um die Pferderennbahn in Aarau sperrte die Polizei zahlreiche Stra\u00dfen ab\" loading=\"lazy\" src=\"https:\/\/www.europesays.com\/de\/wp-content\/uploads\/2026\/08\/74baa8209487718ba1a45449b8467766,1f818ce3.jpeg\"   class=\"landscape\"\/><\/p>\n<p class=\"fig__caption__text\">Rund um die Pferderennbahn in Aarau sperrte die Polizei zahlreiche Stra\u00dfen ab<\/p>\n<p>Foto: BRK News<\/p>\n<p>Unter dem DJ-Pult versteckt<\/p>\n<p>Laut Polizeisprecherin Vanessa Rumpold kam es \u201ezu mehreren Schussabgaben bei einer gr\u00f6\u00dferen Personengruppe\u201c. Die Kantonspolizei r\u00e4t, dem Gebiet fernzubleiben. M\u00f6glicherweise, weil der oder die T\u00e4ter auf der Flucht sind. Au\u00dferdem bittet die Polizei Personen, die Videos oder Fotos des Vorfalls gemacht haben, diese der Polizei zuzuschicken.<\/p>\n<p> An dieser Stelle findest du Inhalte aus Twitter <\/p>\n<p> Um mit Inhalten aus Twitter und anderen sozialen Netzwerken zu interagieren oder diese darzustellen, brauchen wir deine Zustimmung. <\/p>\n<p> soziale Netzwerke aktivieren <\/p>\n<p>\u201eBlick\u201c und \u201e20min\u201c haben mit Augenzeugen gesprochen. Eine Frau hielt die Sch\u00fcsse zun\u00e4chst f\u00fcr Feuerwerk. Erst als jemand \u201eAlle runter!\u201c rief, versteckten sich die Frau und andere unter dem DJ-Pult. Weitere Festivalbesucher berichten von \u201eununterbrochenen Sirenen\u201c.<\/p>\n<p><img decoding=\"async\" width=\"992\" height=\"558\" alt=\"Noch ist unklar, was genau vorgefallen ist. Beamte mit Maschinenpistolen sicherten das Gel\u00e4nde\" loading=\"lazy\" src=\"https:\/\/www.europesays.com\/de\/wp-content\/uploads\/2026\/08\/29f7292aef0556728284c0bfc773344d,388f02ac.jpeg\"   class=\"landscape\"\/><\/p>\n<p class=\"fig__caption__text\">Noch ist unklar, was genau vorgefallen ist. Beamte mit Maschinenpistolen sicherten das Gel\u00e4nde<\/p>\n<p>Foto: Michael Buholzer\/KEYSTONE\/dpa<\/p>\n<p>Polizei im Gro\u00dfeinsatz<\/p>\n<p>Neben dem Gro\u00dfeinsatz der <a href=\"https:\/\/www.bild.de\/regional\/aktuelles\/polizei\/polizeieinsatz-alle-infos-76681760.bild.html\" class=\"text-link\" rel=\"nofollow noopener\" target=\"_blank\">Polizei<\/a> ist auch die <a href=\"https:\/\/www.bild.de\/themen\/organisationen\/feuerwehr\/politik-nachrichten-news-fotos-videos-20421624.bild.html\" class=\"text-link\" rel=\"nofollow noopener\" target=\"_blank\">Feuerwehr<\/a> vor Ort. Au\u00dferdem sei auch ein Super-Puma-Helikopter der Armee im Einsatz. Auch die Spezial-Einheit Kantonale Katastrophen Einsatzelement (KKE) ist vor Ort. Auf deutscher Seite ist die Polizei nach Angaben des Polizeipr\u00e4sidiums Freiburg ebenfalls an den allgemeinen Fahndungsma\u00dfnahmen beteiligt.<\/p>\n<p><img decoding=\"async\" width=\"992\" height=\"558\" alt=\"Schwerbewaffnete Polizeibeamte kontrollieren am Sonntagmorgen in der Innenstadt von Aarau einen Autofahrer\" loading=\"lazy\" src=\"https:\/\/www.europesays.com\/de\/wp-content\/uploads\/2026\/08\/b52e695ab90ba493426ae0b9723a69a0,e153d71a.jpeg\"   class=\"landscape\"\/><\/p>\n<p class=\"fig__caption__text\">Schwerbewaffnete Polizeibeamte kontrollieren am Sonntagmorgen in der Innenstadt von Aarau einen Autofahrer<\/p>\n<p>Foto: MICHAEL BUHOLZER\/EPA<\/p>\n<p>Gegen 7 Uhr forderte die Kantonspolizei die Besucher bei X erneut auf, sich von den Aarauer Schachen fernzuhalten. In dem Gebiet befindet sich das weitr\u00e4umige Gel\u00e4nde mit der Pferderennbahn.<\/p>\n<p>\u00dcber die Schwere der verletzten Personen und zum Motiv konnte die Polizei am Morgen noch keine weiteren Aussagen machen. Auch zu den Umst\u00e4nden der Tat und der Waffe liegen noch keine weiteren Erkenntnisse vor.<\/p>\n<p>Auf der Pferderennbahn fand am Wochenende der \u201eAarauer Rave Vol. 7\u201c statt. Hier legten K\u00fcnstler und DJs aus der ganzen Welt f\u00fcr rund 3500 Raver auf. <\/p>\n<p><img decoding=\"async\" width=\"992\" height=\"558\" alt=\"In einem Post bei X fordert die Kantonspolizei die Menschen auf dem Gebiet fernzubleiben\" loading=\"lazy\" src=\"https:\/\/www.europesays.com\/de\/wp-content\/uploads\/2026\/08\/1508599c4551a35ec1df51a53e1ebb91,b6c0f3d7.jpeg\"   class=\"landscape\"\/><\/p>\n<p class=\"fig__caption__text\">In einem Post bei X fordert die zust\u00e4ndige Kantonspolizei die Menschen auf, dem Gebiet fernzubleiben<\/p>\n<p>Foto: BRK News<\/p>\n","protected":false},"excerpt":{"rendered":"TTS-Player \u00fcberspringen\u21b5Artikel weiterlesen Z\u00fcrich \u2013 Bei einem Techno-Festival in Aarau (Schweiz) sind Sch\u00fcsse gefallen. Das best\u00e4tigte ein Pressesprecher&hellip;\n","protected":false},"author":2,"featured_media":1269333,"comment_status":"","ping_status":"","sticky":false,"template":"","format":"standard","meta":{"footnotes":"","_share_on_mastodon":"0"},"categories":[3],"tags":[3448,985,13,14,15,19170,121,3906,9116,5995,12,293,5089,138370,13206,10,8,9,11,103,104],"class_list":["post-1269332","post","type-post","status-publish","format-standard","has-post-thumbnail","category-welt","tag-festivals","tag-feuerwehr","tag-headlines","tag-nachrichten","tag-news","tag-opfer","tag-polizei","tag-rettungsdienst","tag-schiessen","tag-schiesserei","tag-schlagzeilen","tag-schweiz","tag-taeter","tag-team-first","tag-techno","tag-top-news","tag-top-meldungen","tag-topmeldungen","tag-topnews","tag-welt","tag-world"],"share_on_mastodon":{"url":"","error":""},"_links":{"self":[{"href":"https:\/\/www.europesays.com\/de\/wp-json\/wp\/v2\/posts\/1269332","targetHints":{"allow":["GET"]}}],"collection":[{"href":"https:\/\/www.europesays.com\/de\/wp-json\/wp\/v2\/posts"}],"about":[{"href":"https:\/\/www.europesays.com\/de\/wp-json\/wp\/v2\/types\/post"}],"author":[{"embeddable":true,"href":"https:\/\/www.europesays.com\/de\/wp-json\/wp\/v2\/users\/2"}],"replies":[{"embeddable":true,"href":"https:\/\/www.europesays.com\/de\/wp-json\/wp\/v2\/comments?post=1269332"}],"version-history":[{"count":0,"href":"https:\/\/www.europesays.com\/de\/wp-json\/wp\/v2\/posts\/1269332\/revisions"}],"wp:featuredmedia":[{"embeddable":true,"href":"https:\/\/www.europesays.com\/de\/wp-json\/wp\/v2\/media\/1269333"}],"wp:attachment":[{"href":"https:\/\/www.europesays.com\/de\/wp-json\/wp\/v2\/media?parent=1269332"}],"wp:term":[{"taxonomy":"category","embeddable":true,"href":"https:\/\/www.europesays.com\/de\/wp-json\/wp\/v2\/categories?post=1269332"},{"taxonomy":"post_tag","embeddable":true,"href":"https:\/\/www.europesays.com\/de\/wp-json\/wp\/v2\/tags?post=1269332"}],"curies":[{"name":"wp","href":"https:\/\/api.w.org\/{rel}","templated":true}]}}