{"id":1269341,"date":"2026-08-30T08:41:18","date_gmt":"2026-08-30T08:41:18","guid":{"rendered":"https:\/\/www.europesays.com\/de\/1269341\/"},"modified":"2026-08-30T08:41:18","modified_gmt":"2026-08-30T08:41:18","slug":"heute-ab-20-uhr-im-audio-stream-shmf-abschlusskonzert-in-kiel","status":"publish","type":"post","link":"https:\/\/www.europesays.com\/de\/1269341\/","title":{"rendered":"Heute ab 20 Uhr im Audio-Stream: SHMF-Abschlusskonzert in Kiel"},"content":{"rendered":"<p>        <img decoding=\"async\" src=\"https:\/\/www.europesays.com\/de\/wp-content\/uploads\/2026\/07\/lisiecki-104.webp\" alt=\"Pianist Jan Lisiecki im Portrait. \" title=\"Pianist Jan Lisiecki im Portrait.  | Ksawery Zamoyski\" class=\"responsive\"\/><\/p>\n<p class=\"preface\">Nach einem Konzert gestern ist die NDR Radiophilharmonie heute zum Abschlusskonzert des Schleswig-Holstein Musik Festivals noch einmal in Kiel mit Werken von Ravel, Grieg und Mussorgsky zu Gast. Am Klavier spielt Jan Lisiecki.<\/p>\n<p>    Audio-Stream auf NDR Kultur<\/p>\n<p class=\"\">Das heutige Konzert beginnt um 19.30 Uhr und wird zeitversetzt ab 20 Uhr im Radio \u00fcbertragen. <a href=\"https:\/\/www.ndr.de\/kultur\/live\" title=\"NDR Kultur Radio\" rel=\"nofollow noopener\" target=\"_blank\">Hier geht es zum Audio-Live-Player<\/a>.<\/p>\n<p>        <img decoding=\"async\" src=\"https:\/\/www.europesays.com\/de\/wp-content\/uploads\/2026\/08\/janlisiecki118.webp\" alt=\"Der kanadische Pianist Jan Lisiecki\" title=\"Der kanadische Pianist Jan Lisiecki | Christoph K\u00f6stlin DG, Christoph K\u00f6stlin DG\" class=\"responsive\" loading=\"lazy\"\/><\/p>\n<p>Ein farbenpr\u00e4chtiges Programm mit dem Pianisten Jan Lisiecki, der NDR Radiophilharmonie und Chefdirigent Stanislav Kochanovsky<\/p>\n<p>Schleswig-Holstein Musik Festival  2026<br \/><strong>Sa<\/strong><strong>, 29.08.2026 | 19.30 Uhr<\/strong><br \/><strong>So<\/strong><strong>, 30.08.2026 |\u00a019.30\u00a0Uhr<\/strong><br \/>Kiel, Konzerthaus am Schloss, Schlossplatz 2<br \/>\u00a0<br \/><strong>Stanislav\u00a0Kochanovsky<\/strong>\u00a0Dirigent\u00a0<br \/><strong>Jan Lisiecki<\/strong>\u00a0Klavier\u00a0<br \/><strong>NDR Radiophilharmonie\u00a0<\/strong><\/p>\n<p><strong>Maurice Ravel\u00a0\u00a0<\/strong><br \/><a href=\"https:\/\/www.ndr.de\/orchester_chor\/Ravel-Une-barque-sur-locean-Klassik-to-Go,ravel146.html\" title=\"Ravel: Une barque sur l&#039;oc\u00e9an | Klassik to Go\" rel=\"nofollow noopener\" target=\"_blank\">&#8222;Une\u00a0barque\u00a0sur\u00a0l&#8217;oc\u00e9an&#8220;<br \/><\/a>aus &#8222;Miroirs&#8220; f\u00fcr Orchester\u00a0<br \/><strong>Edvard Grieg\u00a0\u00a0<\/strong><br \/><a href=\"https:\/\/www.ndr.de\/orchester_chor\/Grieg-Klavierkonzert-a-Moll-Klassik-to-Go,grieg108.html\" title=\"Grieg: Klavierkonzert a-Moll | Klassik to Go\" rel=\"nofollow noopener\" target=\"_blank\">Klavierkonzert a-Moll op. 16\u00a0<\/a><br \/><strong>Modest Mussorgsky\u00a0\u00a0<\/strong><br \/>&#8222;Bilder einer Ausstellung&#8220;\u00a0<br \/>(Orchestrierung von Maurice Ravel)\u00a0<\/p>\n<p>        <a class=\"button\" href=\"https:\/\/www.ndr.de\/orchester_chor\/radiophilharmonie\/konzerte\/tickets804~splash.html\" title=\"zum Ticketshop\" rel=\"nofollow noopener\" target=\"_blank\">Tickets<\/a><\/p>\n<p>    Klangbilder zum Festivalfinale<\/p>\n<p class=\"\">Hat man sie einmal im Ohr, vergisst man sie nicht so leicht &#8211; die ber\u00fchmte Promenade aus Modest Mussorgskys Zyklus &#8222;Bilder einer Ausstellung&#8220;. W\u00fcrdevoll leitet sie den Gang durch eine Gem\u00e4ldegalerie ein und fungiert als verbindendes Element zwischen den einzelnen Klangbildern nach Motiven des K\u00fcnstlers und Mussorgsky-Freundes Viktor Hartmann. Der unheimliche Gnom, das leichtf\u00fc\u00dfig-trippelnde Ballett der K\u00fcken in ihren Eierschalen oder die wunderliche H\u00fctte der Baba Jaga auf H\u00fchnerf\u00fc\u00dfen &#8211; besonders farbig treten diese fantasievollen Szenen in Maurice Ravels meisterhafter Orchestrierung der urspr\u00fcnglich f\u00fcr Klavier komponierten St\u00fccke hervor.<\/p>\n<p>    Tasten-Ausflug in die nordische Mythologie<\/p>\n<p class=\"\"><a href=\"https:\/\/www.ndr.de\/orchester_chor\/Grieg-Klavierkonzert-a-Moll-Klassik-to-Go,grieg108.html\" title=\"Grieg: Klavierkonzert a-Moll | Klassik to Go\" rel=\"nofollow noopener\" target=\"_blank\">Edvard Griegs Klavierkonzert<\/a> orientiert sich zwar nicht an konkreten Vorlagen, doch ist auch diese Musik von gro\u00dfer Bildhaftigkeit und scheint stellenweise vom Geist der mythologisch-nordischen Zauberwesen durchweht. Den Solopart des Konzerts \u00fcbernimmt Tastenmagier Jan Lisiecki, der seit seiner Auszeichnung mit dem Leonard Bernstein Award 2013 immer wieder aufs Neue beim SHMF begeistert. Freuen Sie sich auf einen fulminant-klangvollen und farbig-stimmungsreichen Abschluss des Festivalsommers!<\/p>\n<p>        <img decoding=\"async\" src=\"https:\/\/www.europesays.com\/de\/wp-content\/uploads\/2026\/08\/shmf-144.webp\" alt=\"Ein Orchester mit einer Cellistin und einer Dirigentin auf der B\u00fchne.\" title=\"Das Er\u00f6ffnungskonzert des SHMF in der L\u00fcbecker Musik- und Kongresshalle. | Linda Ebener \/ NDR\" class=\"responsive\" loading=\"lazy\"\/><\/p>\n<p>Mit einer Auslastung von 93 Prozent geht das Schleswig-Holstein Musik Festival zu Ende. St\u00e4dteschwerpunkt war in diesem Jahr Stockholm.<\/p>\n","protected":false},"excerpt":{"rendered":"Nach einem Konzert gestern ist die NDR Radiophilharmonie heute zum Abschlusskonzert des Schleswig-Holstein Musik Festivals noch einmal in&hellip;\n","protected":false},"author":2,"featured_media":1269342,"comment_status":"","ping_status":"","sticky":false,"template":"","format":"standard","meta":{"footnotes":"","_share_on_mastodon":"0"},"categories":[1852],"tags":[41201,3364,29,548,663,3934,30,13,48589,4949,91,123786,14,45497,15,12,1971,63423,109999,262197],"class_list":["post-1269341","post","type-post","status-publish","format-standard","has-post-thumbnail","category-kiel","tag-abschlusskonzert","tag-de","tag-deutschland","tag-eu","tag-europa","tag-europe","tag-germany","tag-headlines","tag-jan-lisiecki","tag-kiel","tag-klassik","tag-maurice-ravel","tag-nachrichten","tag-ndr-radiophilharmonie","tag-news","tag-schlagzeilen","tag-schleswig-holstein","tag-shmf","tag-stanislav-kochanovsky","tag-une-barque-sur-l"],"share_on_mastodon":{"url":"","error":""},"_links":{"self":[{"href":"https:\/\/www.europesays.com\/de\/wp-json\/wp\/v2\/posts\/1269341","targetHints":{"allow":["GET"]}}],"collection":[{"href":"https:\/\/www.europesays.com\/de\/wp-json\/wp\/v2\/posts"}],"about":[{"href":"https:\/\/www.europesays.com\/de\/wp-json\/wp\/v2\/types\/post"}],"author":[{"embeddable":true,"href":"https:\/\/www.europesays.com\/de\/wp-json\/wp\/v2\/users\/2"}],"replies":[{"embeddable":true,"href":"https:\/\/www.europesays.com\/de\/wp-json\/wp\/v2\/comments?post=1269341"}],"version-history":[{"count":0,"href":"https:\/\/www.europesays.com\/de\/wp-json\/wp\/v2\/posts\/1269341\/revisions"}],"wp:featuredmedia":[{"embeddable":true,"href":"https:\/\/www.europesays.com\/de\/wp-json\/wp\/v2\/media\/1269342"}],"wp:attachment":[{"href":"https:\/\/www.europesays.com\/de\/wp-json\/wp\/v2\/media?parent=1269341"}],"wp:term":[{"taxonomy":"category","embeddable":true,"href":"https:\/\/www.europesays.com\/de\/wp-json\/wp\/v2\/categories?post=1269341"},{"taxonomy":"post_tag","embeddable":true,"href":"https:\/\/www.europesays.com\/de\/wp-json\/wp\/v2\/tags?post=1269341"}],"curies":[{"name":"wp","href":"https:\/\/api.w.org\/{rel}","templated":true}]}}