{"id":1269370,"date":"2026-08-30T09:05:19","date_gmt":"2026-08-30T09:05:19","guid":{"rendered":"https:\/\/www.europesays.com\/de\/1269370\/"},"modified":"2026-08-30T09:05:19","modified_gmt":"2026-08-30T09:05:19","slug":"wsv-u17-kassiert-auch-gegen-duisburg-sieben-gegentore","status":"publish","type":"post","link":"https:\/\/www.europesays.com\/de\/1269370\/","title":{"rendered":"WSV U17 kassiert auch gegen Duisburg sieben Gegentore\u00a0"},"content":{"rendered":"<p class=\"text_ohne_einzug richtext text-em-55 !leading-serif mx-6 desktop:mx-0\"><strong class=\"font-bold dark:text-white-solid\">DFB-Nachwuchsliga B-Junioren:Wuppertaler SV \u2013 MSV Duisburg 2:7 (1:2). <\/strong>Am Ende des Spiels gegen den Nachwuchs des Drittligisten stand eine weitere derbe Niederlage, ein 2:7, zum dritten Mal in vier Spielen mussten die Wuppertaler sieben Gegentore hinnehmen und das, obwohl sie \u00fcber weite Strecken der ersten H\u00e4lfte und bis zur 65. Minute auch in der zweiten H\u00e4lfte auf Augenh\u00f6he agierten. Der gro\u00dfe Unterschied zum MSV Duisburg war, dass die G\u00e4ste die individuellen Fehler der Wuppertaler gnadenlos nutzten.<\/p>\n","protected":false},"excerpt":{"rendered":"DFB-Nachwuchsliga B-Junioren:Wuppertaler SV \u2013 MSV Duisburg 2:7 (1:2). Am Ende des Spiels gegen den Nachwuchs des Drittligisten stand&hellip;\n","protected":false},"author":2,"featured_media":1269371,"comment_status":"","ping_status":"","sticky":false,"template":"","format":"standard","meta":{"footnotes":"","_share_on_mastodon":"0"},"categories":[1840],"tags":[13203,142915,3364,29,481,3715,7080,45865,30,9435,86316,1209,20421,6227,4418,6226],"class_list":["post-1269370","post","type-post","status-publish","format-standard","has-post-thumbnail","category-wuppertal","tag-nachwuchs","tag-142915","tag-de","tag-deutschland","tag-dfb","tag-duisburg","tag-fehler","tag-gegentore","tag-germany","tag-msv","tag-nachwuchsliga","tag-nordrhein-westfalen","tag-sieben","tag-wsv","tag-wuppertal","tag-wuppertaler"],"share_on_mastodon":{"url":"https:\/\/pubeurope.com\/@de\/117183665070312028","error":""},"_links":{"self":[{"href":"https:\/\/www.europesays.com\/de\/wp-json\/wp\/v2\/posts\/1269370","targetHints":{"allow":["GET"]}}],"collection":[{"href":"https:\/\/www.europesays.com\/de\/wp-json\/wp\/v2\/posts"}],"about":[{"href":"https:\/\/www.europesays.com\/de\/wp-json\/wp\/v2\/types\/post"}],"author":[{"embeddable":true,"href":"https:\/\/www.europesays.com\/de\/wp-json\/wp\/v2\/users\/2"}],"replies":[{"embeddable":true,"href":"https:\/\/www.europesays.com\/de\/wp-json\/wp\/v2\/comments?post=1269370"}],"version-history":[{"count":0,"href":"https:\/\/www.europesays.com\/de\/wp-json\/wp\/v2\/posts\/1269370\/revisions"}],"wp:featuredmedia":[{"embeddable":true,"href":"https:\/\/www.europesays.com\/de\/wp-json\/wp\/v2\/media\/1269371"}],"wp:attachment":[{"href":"https:\/\/www.europesays.com\/de\/wp-json\/wp\/v2\/media?parent=1269370"}],"wp:term":[{"taxonomy":"category","embeddable":true,"href":"https:\/\/www.europesays.com\/de\/wp-json\/wp\/v2\/categories?post=1269370"},{"taxonomy":"post_tag","embeddable":true,"href":"https:\/\/www.europesays.com\/de\/wp-json\/wp\/v2\/tags?post=1269370"}],"curies":[{"name":"wp","href":"https:\/\/api.w.org\/{rel}","templated":true}]}}