{"id":1269398,"date":"2026-08-30T09:23:13","date_gmt":"2026-08-30T09:23:13","guid":{"rendered":"https:\/\/www.europesays.com\/de\/1269398\/"},"modified":"2026-08-30T09:23:13","modified_gmt":"2026-08-30T09:23:13","slug":"duisburg-spektakulaerer-ausbruch-haeftling-floh-ueber-das-dach","status":"publish","type":"post","link":"https:\/\/www.europesays.com\/de\/1269398\/","title":{"rendered":"Duisburg | Spektakul\u00e4rer Ausbruch: H\u00e4ftling floh \u00fcber das Dach"},"content":{"rendered":"<p>Duisburg (dpa) &#8211; Mit einem hollywoodreifen Ausbruch ist ein 35 Jahre alter Untersuchungsgefangener am fr\u00fchen Morgen gegen 3.20 Uhr aus der JVA Duisburg-Hamborn entkommen. Das teilte das Justizministerium NRW mit. Von dem Mann gab es am fr\u00fchen Vormittag keine Spur, wie ein Sprecher der Duisburger Polizei best\u00e4tigte. Die Fahndung laufe.<\/p>\n<p>Der wegen Diebstahlverdachts inhaftierte Mann habe einen der Gitterst\u00e4be vor dem Fenster seiner Zelle im dritten Stock des Geb\u00e4udes auf bisher unklare Art entfernt &#8211; m\u00f6glicherweise durchges\u00e4gt, sagte ein Sprecher des Justizministeriums. Dann habe er die weitere Feinvergitterung vor dem Fenster beiseite gedr\u00fcckt, sei durch den sehr schmalen Spalt geklettert und offensichtlich \u00fcber das Dach geflohen.<\/p>\n<p>Au\u00dfen \u00fcber die Fassade auf das Dach &#8211; und weg<\/p>\n<p>Zuvor m\u00fcsse er au\u00dfen \u00fcber die Fassade vom dritten in den vierten Stock geklettert sein und auch noch die Sicherung der Dachkante \u00fcberwunden haben, sagte der Sprecher.<\/p>\n<p>\u00abDer heutige Ausbruch ist absolut inakzeptabel. Die oberste Priorit\u00e4t hat jetzt die schnelle Ergreifung des fl\u00fcchtigen Untersuchungsh\u00e4ftlings\u00bb, erkl\u00e4rte NRW-Justizminister Benjamin Limbach (B\u00fcndnis90\/Die Gr\u00fcnen). Parallel m\u00fcsse der Vorfall umfassend aufgekl\u00e4rt werden.\u00a0<\/p>\n<p>Ein Sicherheitsexperte des Ministeriums sei bereits vor Ort in der Anstalt und habe die Ermittlungen aufgenommen. \u00abWir werden l\u00fcckenlos aufkl\u00e4ren, wie diese Sicherheitsl\u00fccke entstehen konnte, um aus den Ergebnissen umgehend die notwendigen Konsequenzen zu ziehen\u00bb, k\u00fcndigte der Minister an.<\/p>\n<p>H\u00e4ftling wurde zu sechs Jahren verurteilt<\/p>\n<p>Der Mann sa\u00df laut Ministerium wegen des Diebstahlsvorwurfs seit dem 10. Februar in Untersuchungshaft. Zwischenzeitlich sei er aber zu einer sechsj\u00e4hrigen Haftstrafe verurteilt worden. Dieses Urteil ist allerdings noch nicht rechtskr\u00e4ftig.<\/p>\n","protected":false},"excerpt":{"rendered":"Duisburg (dpa) &#8211; Mit einem hollywoodreifen Ausbruch ist ein 35 Jahre alter Untersuchungsgefangener am fr\u00fchen Morgen gegen 3.20&hellip;\n","protected":false},"author":2,"featured_media":1269399,"comment_status":"","ping_status":"","sticky":false,"template":"","format":"standard","meta":{"footnotes":"","_share_on_mastodon":"0"},"categories":[1838],"tags":[3364,29,3715,30,1015,1584,1209],"class_list":["post-1269398","post","type-post","status-publish","format-standard","has-post-thumbnail","category-duisburg","tag-de","tag-deutschland","tag-duisburg","tag-germany","tag-justiz","tag-kriminalitaet","tag-nordrhein-westfalen"],"share_on_mastodon":{"url":"","error":""},"_links":{"self":[{"href":"https:\/\/www.europesays.com\/de\/wp-json\/wp\/v2\/posts\/1269398","targetHints":{"allow":["GET"]}}],"collection":[{"href":"https:\/\/www.europesays.com\/de\/wp-json\/wp\/v2\/posts"}],"about":[{"href":"https:\/\/www.europesays.com\/de\/wp-json\/wp\/v2\/types\/post"}],"author":[{"embeddable":true,"href":"https:\/\/www.europesays.com\/de\/wp-json\/wp\/v2\/users\/2"}],"replies":[{"embeddable":true,"href":"https:\/\/www.europesays.com\/de\/wp-json\/wp\/v2\/comments?post=1269398"}],"version-history":[{"count":0,"href":"https:\/\/www.europesays.com\/de\/wp-json\/wp\/v2\/posts\/1269398\/revisions"}],"wp:featuredmedia":[{"embeddable":true,"href":"https:\/\/www.europesays.com\/de\/wp-json\/wp\/v2\/media\/1269399"}],"wp:attachment":[{"href":"https:\/\/www.europesays.com\/de\/wp-json\/wp\/v2\/media?parent=1269398"}],"wp:term":[{"taxonomy":"category","embeddable":true,"href":"https:\/\/www.europesays.com\/de\/wp-json\/wp\/v2\/categories?post=1269398"},{"taxonomy":"post_tag","embeddable":true,"href":"https:\/\/www.europesays.com\/de\/wp-json\/wp\/v2\/tags?post=1269398"}],"curies":[{"name":"wp","href":"https:\/\/api.w.org\/{rel}","templated":true}]}}