{"id":1269423,"date":"2026-08-30T09:46:21","date_gmt":"2026-08-30T09:46:21","guid":{"rendered":"https:\/\/www.europesays.com\/de\/1269423\/"},"modified":"2026-08-30T09:46:21","modified_gmt":"2026-08-30T09:46:21","slug":"gemischte-gefuehle-in-kriegerischen-zeiten-krudebude-startet-am-1-september-kunstprojekt-am-voelkerschlachtdenkmal-%c2%b7-leipziger-zeitung","status":"publish","type":"post","link":"https:\/\/www.europesays.com\/de\/1269423\/","title":{"rendered":"Gemischte Gef\u00fchle in kriegerischen Zeiten: krudebude startet am 1. September Kunstprojekt am V\u00f6lkerschlachtdenkmal \u00b7 Leipziger Zeitung"},"content":{"rendered":"<p>Vom 1. bis 20. September l\u00e4dt das Leipziger Kollektiv krudebude mit der k\u00fcnstlerischen Intervention \u201eGemischte Gef\u00fchle in kriegerischen Zeiten\u201c an das V\u00f6lkerschlachtdenkmal ein. Ein Banner, ein Audiowalk und ein k\u00fcnstlerisches Veranstaltungsprogramm er\u00f6ffnen pers\u00f6nliche Perspektiven aus Leipzig auf eine von Krieg und Krisen gepr\u00e4gte Gegenwart. Das Projekt findet in Kooperation mit der Stiftung V\u00f6lkerschlachtdenkmal statt.<\/p>\n<p>Im Bundestag ist von einer \u201eZeitenwende\u201c die Rede: Aufr\u00fcstung, die Debatte \u00fcber eine m\u00f6gliche Wiedereinf\u00fchrung der Wehrpflicht und die wachsende Sorge vor Krieg pr\u00e4gen die \u00f6ffentliche Diskussion. Doch was bedeuten diese Entwicklungen f\u00fcr uns pers\u00f6nlich?<\/p>\n<p>Mit ihrer Intervention geht die krudebude dieser Frage nach und setzt Lethargie und Mutlosigkeit etwas entgegen: Ein Banner bricht mit dem gewohnten Blick aufs Denkmal und setzt ein Zeichen gegen Stillstand. Im Zentrum des Projekts steht ein ortsbezogener Audiowalk, der die ambivalenten Gef\u00fchle in kriegerischen Zeiten aufzeigt.<\/p>\n<p>Zu h\u00f6ren sind Leipzigerinnen und Leipziger, die auf unterschiedliche Weise von Krieg und Krise betroffen sind. Was macht Angst? Was macht Mut? Und was verbindet uns in unsicheren Zeiten?<\/p>\n<p>Gerahmt wird die Intervention von einem k\u00fcnstlerischen Veranstaltungsprogramm: Zur Er\u00f6ffnung am Dienstag, 1. September, um 18 Uhr und am 19. September um 16 Uhr findet die Performance \u201eExecuting Dance\u201c der Tanzk\u00fcnstlerin und Choreografin Clara Sj\u00f6lin statt.<\/p>\n<p>Am 6. September inspirieren die Radikalen T\u00f6chter in ihrem Mut-Muskel-Workshop mit Mitteln der Aktionskunst dazu, wieder ins Handeln zu kommen. Den Abschluss bildet am 20. September um 17 Uhr der Leipziger Chor \u201eWirsing\u201c, der unter der Losung \u201eI\u2019m still standing\u201c zum gemeinsamen Singen in die Krypta des Denkmals einl\u00e4dt.<\/p>\n<p>Executing Dance<\/p>\n<p>Ein choreografischer Score, der K\u00f6rper in Handlung setzt. Am 1. September im Rahmen der Er\u00f6ffnung und am 19. September, 16 Uhr, Dauer: ca. 20 Minuten<\/p>\n<p>Die von Clara Sj\u00f6lin eigens f\u00fcr das Projekt entwickelte Tanzperformance erforscht die Dynamik von Kontrolle, Disziplin und kollektivem Handeln. F\u00fcnf T\u00e4nzer\/-innen folgen einer Abfolge vorgegebener Anweisungen und testen dabei kontinuierlich ihre Aufmerksamkeit, ihr r\u00e4umliches Bewusstsein und ihre Pr\u00e4zision.<\/p>\n<p>Ohne vorherige Probe realisieren sie den choreografischen Score in Echtzeit: \u00dcber Kopfh\u00f6rer empfangen sie Anweisungen, die sie, jeweils individuell interpretiert, in Bewegung \u00fcbersetzen \u2013 jedoch immer in Verhandlung mit der Gruppe. Die Performance spielt mit Intention und Interpretation und versucht, das Potenzial f\u00fcr Komplexit\u00e4t in Informationen zu entdecken, die zun\u00e4chst eindeutig erscheinen.<\/p>\n<p><strong>Choreographie:<\/strong> Clara Sj\u00f6lin<br \/><strong>T\u00e4nzer\/-innen:<\/strong> ildik\u00f3 T\u00f3th, David Kummer, Friederike Zinn, Niko Jacobi, Clara Sj\u00f6lin<\/p>\n<p><a href=\"http:\/\/www.clarasjolin.com\" target=\"_blank\" rel=\"noopener nofollow\">Clara Sj\u00f6lin<\/a> ist eine Tanzk\u00fcnstlerin aus Schweden, die in verschiedenen lokalen Kontexten in Leipzig im Bereich der Choreografie und P\u00e4dagogik arbeitet. U.a. wirkt sie aktuell als Tanzp\u00e4dagogin, Choreografin und k\u00fcnstlerische Leiterin der Juniorcompany der \u00c4lteren im Leipziger Tanztheater.<\/p>\n<p>I\u2019m still standing! Mitsing-Konzert mit dem Chor \u201eWirsing\u201c<\/p>\n<p>20. September, 17:00 bis 18:00 Uhr<\/p>\n<p>Die Intervention wird mit guter Stimmung und einer gemeinschaftlichen Aktion verabschiedet: Zur Finissage l\u00e4dt der <a href=\"http:\/\/www.instagram.com\/wirsing_chor\/\" target=\"_blank\" rel=\"noopener nofollow\">Leipziger Chor \u201eWirsing\u201c<\/a> unter der Leitung von Magdalene G\u00f6\u00f6ck zum Zuh\u00f6ren und gemeinsamen Singen ein. Auf dem Programm stehen Lieder, die Mut machen und verbinden.<\/p>\n<p>\u201eWirsing\u201c versammelt Menschen zum Erfahren der eigenen Stimme und der musikalischen Begegnung. Die Chorarbeit zeichnet sich durch den sensiblen Umgang und bewegungsorientierten Ansatz der Chorleiterin aus. K\u00f6rper und Wahrnehmung bilden die Grundlage f\u00fcr das gemeinsame Singen. Das Repertoire ist vielf\u00e4ltig und offen f\u00fcr unterschiedliche musikalische Formen.<\/p>\n<p>Der Chor besteht seit August 2021 in wechselhafter, willkommen hei\u00dfender Besetzung und ist in Leipzig zu Hause. Wirsing war und wird gern in k\u00fcnstlerische Kontexte wie Ausstellungser\u00f6ffnungen oder Performances im \u00f6ffentlichen Raum involviert, wie zuletzt in \u201eRaum \u2013 eine performative Intervention am Hauptbahnhof Leipzig\u201c von Studio Urbanistan.<\/p>\n<p>Zur krudebude<\/p>\n<p>Die <a href=\"http:\/\/www.krudebude.de\" target=\"_blank\" rel=\"noopener nofollow\">krudebude<\/a> ist ein Kollektiv aus Leipzig mit kunst- und kulturwissenschaftlichem Hintergrund. In seiner k\u00fcnstlerischen Arbeit widmet sich das Kollektiv (stadt-)gesellschaftlichen Themen \u00fcber den Blick auf pers\u00f6nliche Biografien und Alltagsgeschichte(n).<\/p>\n<p>Das Projekt wird realisiert mit Unterst\u00fctzung der Stiftung V\u00f6lkerschlachtdenkmal, des Kulturamts Leipzig, der Leipzigstiftung, durch Mittel aus dem Stadtbezirksbudget S\u00fcdost der Stadt Leipzig sowie durch Steuermittel auf Grundlage des vom S\u00e4chsischen Landtag beschlossenen Haushalts.<\/p>\n<p><strong>Feierliche Er\u00f6ffnung:<\/strong> Dienstag, 1. September, 18:00 Uhr auf dem Vorplatz des V\u00f6lkerschlachtdenkmals.<\/p>\n<p><script async src=\"\/\/www.instagram.com\/embed.js\"><\/script><\/p>\n","protected":false},"excerpt":{"rendered":"Vom 1. bis 20. September l\u00e4dt das Leipziger Kollektiv krudebude mit der k\u00fcnstlerischen Intervention \u201eGemischte Gef\u00fchle in kriegerischen&hellip;\n","protected":false},"author":2,"featured_media":1269424,"comment_status":"","ping_status":"","sticky":false,"template":"","format":"standard","meta":{"footnotes":"","_share_on_mastodon":"0"},"categories":[1832],"tags":[3364,29,30,71,859,6907,14713],"class_list":["post-1269423","post","type-post","status-publish","format-standard","has-post-thumbnail","category-leipzig","tag-de","tag-deutschland","tag-germany","tag-leipzig","tag-sachsen","tag-tanz","tag-voelkerschlachtdenkmal"],"share_on_mastodon":{"url":"https:\/\/pubeurope.com\/@de\/117183825965917406","error":""},"_links":{"self":[{"href":"https:\/\/www.europesays.com\/de\/wp-json\/wp\/v2\/posts\/1269423","targetHints":{"allow":["GET"]}}],"collection":[{"href":"https:\/\/www.europesays.com\/de\/wp-json\/wp\/v2\/posts"}],"about":[{"href":"https:\/\/www.europesays.com\/de\/wp-json\/wp\/v2\/types\/post"}],"author":[{"embeddable":true,"href":"https:\/\/www.europesays.com\/de\/wp-json\/wp\/v2\/users\/2"}],"replies":[{"embeddable":true,"href":"https:\/\/www.europesays.com\/de\/wp-json\/wp\/v2\/comments?post=1269423"}],"version-history":[{"count":0,"href":"https:\/\/www.europesays.com\/de\/wp-json\/wp\/v2\/posts\/1269423\/revisions"}],"wp:featuredmedia":[{"embeddable":true,"href":"https:\/\/www.europesays.com\/de\/wp-json\/wp\/v2\/media\/1269424"}],"wp:attachment":[{"href":"https:\/\/www.europesays.com\/de\/wp-json\/wp\/v2\/media?parent=1269423"}],"wp:term":[{"taxonomy":"category","embeddable":true,"href":"https:\/\/www.europesays.com\/de\/wp-json\/wp\/v2\/categories?post=1269423"},{"taxonomy":"post_tag","embeddable":true,"href":"https:\/\/www.europesays.com\/de\/wp-json\/wp\/v2\/tags?post=1269423"}],"curies":[{"name":"wp","href":"https:\/\/api.w.org\/{rel}","templated":true}]}}