{"id":1269453,"date":"2026-08-30T10:05:24","date_gmt":"2026-08-30T10:05:24","guid":{"rendered":"https:\/\/www.europesays.com\/de\/1269453\/"},"modified":"2026-08-30T10:05:24","modified_gmt":"2026-08-30T10:05:24","slug":"humboldt-forum-auf-dem-schlossplatz-laeuft-die-umgestaltung","status":"publish","type":"post","link":"https:\/\/www.europesays.com\/de\/1269453\/","title":{"rendered":"Humboldt Forum: Auf dem Schlossplatz l\u00e4uft die Umgestaltung"},"content":{"rendered":"<p data-start=\"593\" data-end=\"846\"><strong>Auf dem s\u00fcdlichen Schlossplatz am Humboldt Forum haben die Arbeiten f\u00fcr drei neue Bauminseln begonnen. Daf\u00fcr wird das Natursteinpflaster abschnittsweise aufgenommen und sp\u00e4ter rund um die neuen Gr\u00fcnfl\u00e4chen wieder verlegt.<\/strong><\/p>\n<p><a href=\"https:\/\/www.europesays.com\/de\/wp-content\/uploads\/2026\/08\/berlin-humboldt-forum-schlossplatz_copyright_entwicklungsstadt-2.jpg\"><img loading=\"lazy\" decoding=\"async\" aria-describedby=\"caption-attachment-107360\" class=\"lazyload wp-image-107360 size-full\" src=\"data:image\/svg+xml,%3Csvg%20xmlns%3D%27http%3A%2F%2Fwww.w3.org%2F2000%2Fsvg%27%20width%3D%271280%27%20height%3D%27720%27%20viewBox%3D%270%200%201280%20720%27%3E%3Crect%20width%3D%271280%27%20height%3D%27720%27%20fill-opacity%3D%220%22%2F%3E%3C%2Fsvg%3E\" data-orig-src=\"https:\/\/www.europesays.com\/de\/wp-content\/uploads\/2026\/08\/berlin-humboldt-forum-schlossplatz_copyright_entwicklungsstadt-2.jpg\" alt=\"Baustelle auf dem s\u00fcdlichen Schlossplatz mit aufgenommenem Natursteinpflaster, Erdhaufen und Bagger; im Hintergrund sind Fernsehturm und Rotes Rathaus zu sehen.\" width=\"1280\" height=\"720\"\/><\/a><\/p>\n<p id=\"caption-attachment-107360\" class=\"wp-caption-text\">Zwischen Humboldt Forum und Staatsratsgeb\u00e4ude wird der s\u00fcdliche Schlossplatz derzeit abschnittsweise ge\u00f6ffnet. Das aufgenommene Natursteinpflaster soll sp\u00e4ter rund um die neuen Bauminseln wieder verlegt werden. \/ \u00a9 Foto: ENTWICKLUNGSSTADT<\/p>\n<p>\u00a9 Foto Titelbild: ENTWICKLUNGSSTADT<\/p>\n<p class=\"PDq2pG_selectionAnchorContainer\" data-start=\"0\" data-end=\"409\">Die Entwicklung des <a class=\"decorated-link\" href=\"https:\/\/www.entwicklungsstadt.de\/humboldt-forum-streit-um-foerderverein-und-neue-rekonstruktionsplaene\/\" target=\"_new\" rel=\"noopener nofollow\" data-start=\"20\" data-end=\"142\">Humboldt Forums<\/a> ist noch l\u00e4ngst nicht abgeschlossen. Nach dem z\u00fcgig vorankommenden Bauprojekt der <a class=\"decorated-link\" href=\"https:\/\/www.entwicklungsstadt.de\/freitreppe-am-humboldt-forum-so-schreitet-der-bau-der-freitreppe-voran\/\" target=\"_new\" rel=\"noopener nofollow\" data-start=\"206\" data-end=\"334\">Freitreppe zur Spree<\/a> laufen nun auch auf dem s\u00fcdlichen Schlossplatz umfangreiche Umbauarbeiten.<\/p>\n<p data-start=\"411\" data-end=\"773\">Der erste Spatenstich f\u00fcr die Begr\u00fcnung <a href=\"https:\/\/www.entwicklungsstadt.de\/18-baumarten-fuer-das-humboldt-forum-am-schlossplatz-beginnt-die-umgestaltung\/\" rel=\"nofollow noopener\" target=\"_blank\">erfolgte am 12. Juni 2026<\/a>. Ende August ist schon deutlich zu sehen, wie stark die Arbeiten in die bisherige Platzgestaltung eingreifen: Der Boden wird abschnittsweise ge\u00f6ffnet und das Natursteinpflaster sorgf\u00e4ltig herausgenommen. Ein gro\u00dfer Teil der Steine soll sp\u00e4ter wieder an seinem urspr\u00fcnglichen Ort verlegt werden.<\/p>\n<p>Schlossplatz am Humboldt Forum wird in mehreren Bauabschnitten umgestaltet<\/p>\n<p data-start=\"854\" data-end=\"1083\">Die Umgestaltung erfolgt in mehreren Bauabschnitten. An den zuvor festgelegten Standorten der neuen Bauminseln werden derzeit Pflaster und Unterbau entfernt, anschlie\u00dfend k\u00f6nnen die Fl\u00e4chen f\u00fcr die Bepflanzung vorbereitet werden.<\/p>\n<p data-start=\"1085\" data-end=\"1333\">Insgesamt sollen drei gr\u00f6\u00dfere Bauminseln mit Sitzm\u00f6glichkeiten entstehen. Sie sollen den bislang weitgehend versiegelten Schlossplatz auflockern, Schatten spenden und die Aufenthaltsqualit\u00e4t vor der s\u00fcdlichen Fassade des Humboldt Forums verbessern.<\/p>\n<p>Pflastersteine werden entfernt und sp\u00e4ter wieder eingesetzt<\/p>\n<p data-start=\"1399\" data-end=\"1693\">Die Arbeiten erfordern einen behutsamen Umgang mit der bestehenden Platzgestaltung. Das aufgenommene Natursteinpflaster wird zwischengelagert und sp\u00e4ter rund um die neuen Gr\u00fcnfl\u00e4chen wieder eingebaut. Einzelne nicht mehr ben\u00f6tigte Steine sollen bei anderen Berliner Projekten Verwendung finden.<\/p>\n<p data-start=\"1695\" data-end=\"2016\">Mit dem Umbau reagiert das Humboldt Forum auch auf die Erfahrungen der vergangenen Sommer. Die gro\u00dfe gepflasterte Fl\u00e4che heizt sich bei hohen Temperaturen stark auf und bietet bislang kaum Schatten. B\u00e4ume, bepflanzte Fl\u00e4chen und neue Sitzgelegenheiten sollen den Schlossplatz daher klimatisch wie gestalterisch aufwerten.<\/p>\n<p><a href=\"https:\/\/www.europesays.com\/de\/wp-content\/uploads\/2026\/08\/berlin-humboldt-forum-schlossplatz_copyright_entwicklungsstadt-3.jpg\"><img loading=\"lazy\" decoding=\"async\" aria-describedby=\"caption-attachment-107361\" class=\"lazyload wp-image-107361 size-full\" src=\"data:image\/svg+xml,%3Csvg%20xmlns%3D%27http%3A%2F%2Fwww.w3.org%2F2000%2Fsvg%27%20width%3D%271280%27%20height%3D%27720%27%20viewBox%3D%270%200%201280%20720%27%3E%3Crect%20width%3D%271280%27%20height%3D%27720%27%20fill-opacity%3D%220%22%2F%3E%3C%2Fsvg%3E\" data-orig-src=\"https:\/\/www.europesays.com\/de\/wp-content\/uploads\/2026\/08\/berlin-humboldt-forum-schlossplatz_copyright_entwicklungsstadt-3.jpg\" alt=\"Gelber Bagger und gro\u00dfe Erdhaufen auf der Baustelle vor der historischen Fassade des Humboldt Forums in Berlin-Mitte.\" width=\"1280\" height=\"720\"\/><\/a><\/p>\n<p id=\"caption-attachment-107361\" class=\"wp-caption-text\">Direkt vor der rekonstruierten Schlossfassade bereiten Bagger die Fl\u00e4chen f\u00fcr die geplante Begr\u00fcnung vor. Insgesamt sollen drei Bauminseln mit 18 verschiedenen Baumarten entstehen. \/ \u00a9 Foto: ENTWICKLUNGSSTADT<\/p>\n<p>18 Baumarten aus drei Kontinenten ziehen auf den Schlossplatz<\/p>\n<p data-start=\"2084\" data-end=\"2420\">F\u00fcr die drei Bauminseln sind insgesamt 18 unterschiedliche Arten vorgesehen. Sie stammen aus Amerika, Europa beziehungsweise dem Mittelmeerraum sowie Asien. Das Pflanzkonzept nimmt damit Bezug auf die Forschungsreisen Alexander von Humboldts und auf dessen Besch\u00e4ftigung mit der Verbreitung von Pflanzen in unterschiedlichen Klimazonen.<\/p>\n<p data-start=\"2422\" data-end=\"2720\">Geplant sind unter anderem klimaresiliente Geh\u00f6lze, die zugleich die biologische Vielfalt f\u00f6rdern sollen. Dazu z\u00e4hlen Arten, die Nahrung und Lebensr\u00e4ume f\u00fcr Insekten und V\u00f6gel bieten. Finanziert wird ein Teil der Pflanzungen \u00fcber Baumpatenschaften von Privatpersonen, Unternehmen und Institutionen.<\/p>\n<p>bbz Landschaftsarchitekten gestalten das Umfeld erneut<\/p>\n<p data-start=\"2781\" data-end=\"3101\">Verantwortlich f\u00fcr die Gestaltung ist das B\u00fcro bbz Landschaftsarchitekten. Das B\u00fcro hatte bereits den 2013 entschiedenen Wettbewerb f\u00fcr das <a class=\"decorated-link\" href=\"https:\/\/www.bbz.la\/projekt\/umfeld-humboldt-forum\/?utm_source=chatgpt.com\" target=\"_blank\" rel=\"noopener nofollow\" data-start=\"2921\" data-end=\"3008\">gesamte Umfeld des Humboldt Forums<\/a> gewonnen und die bisherigen Freifl\u00e4chen rund um das rekonstruierte Berliner Schloss geplant.<\/p>\n<p data-start=\"3103\" data-end=\"3405\">Besonders sichtbar ist diese Gestaltung bislang auf der Nordseite zum Lustgarten, wo begr\u00fcnte Terrassen und Sitzstufen von vielen Besucherinnen und Besuchern genutzt werden. Mit den neuen Bauminseln soll nun auch die S\u00fcdseite einen gr\u00fcneren und st\u00e4rker auf Aufenthalt ausgerichteten Charakter erhalten.<\/p>\n<p>Der steinerne Charakter des Schlossplatzes ver\u00e4ndert sich<\/p>\n<p data-start=\"3469\" data-end=\"3746\">Der Umbau ist Teil eines umfassenderen Wandels rund um das Humboldt Forum. Neben der Begr\u00fcnung entstehen die Freitreppe am Spreekanal und weitere neue Aufenthaltsbereiche, auch im Zuge des Freiraumprojekts \u201e<a href=\"https:\/\/www.entwicklungsstadt.de\/klimawandel-das-ende-der-klassischen-europaeischen-stadt\/\" rel=\"nofollow noopener\" target=\"_blank\">Rathausforum<\/a>\u201e. Zugleich warten andere Projekte wie das Freiheits- und Einheitsdenkmal weiterhin auf ihre Fertigstellung.<\/p>\n<p data-start=\"3748\" data-end=\"4086\" data-is-last-node=\"\" data-is-only-node=\"\">Auf dem s\u00fcdlichen Schlossplatz l\u00e4sst sich die Ver\u00e4nderung inzwischen unmittelbar beobachten. Wo \u00fcber Jahre eine nahezu vollst\u00e4ndig gepflasterte Fl\u00e4che lag, werden nun die Voraussetzungen f\u00fcr B\u00e4ume, Schatten und neue Sitzpl\u00e4tze geschaffen. Bis die drei Bauminseln vollst\u00e4ndig angelegt sind, werden die Arbeiten abschnittsweise fortgesetzt.<\/p>\n<p><a href=\"https:\/\/www.europesays.com\/de\/wp-content\/uploads\/2026\/08\/ESB-HUMBOLDT-FORUM-SCHLOSSPLATZ.jpg\"><img decoding=\"async\" aria-describedby=\"caption-attachment-39045\" class=\"lazyload wp-image-39045 size-full\" data-orig-src=\"https:\/\/www.europesays.com\/de\/wp-content\/uploads\/2026\/08\/ESB-HUMBOLDT-FORUM-SCHLOSSPLATZ.jpg\" alt=\"Schlossplatz am Humboldt-Forum\" width=\"1280\" height=\"720\"  data- data-orig-\/><\/a><\/p>\n<p id=\"caption-attachment-39045\" class=\"wp-caption-text\">Mit den neuen Bauminseln erh\u00e4lt der bislang weitgehend versiegelte s\u00fcdliche Schlossplatz zwischen Humboldt Forum und Spree k\u00fcnftig deutlich mehr Gr\u00fcn und Aufenthaltsqualit\u00e4t. \/ \u00a9 Visualisierung: bbz Landschaftsarchitekten<\/p>\n<p><a href=\"https:\/\/www.europesays.com\/de\/wp-content\/uploads\/2026\/08\/ESB-SCHLOSSPLATZ.png\"><img decoding=\"async\" aria-describedby=\"caption-attachment-38986\" class=\"lazyload wp-image-38986 size-full\" data-orig-src=\"https:\/\/www.europesays.com\/de\/wp-content\/uploads\/2026\/08\/ESB-SCHLOSSPLATZ.png\" alt=\"Die Grafik zeigt die geplanten Bauminseln rund um den Schlossplatz am Humboldt-Forum.\" width=\"1083\" height=\"720\"  data- data-orig-\/><\/a><\/p>\n<p id=\"caption-attachment-38986\" class=\"wp-caption-text\">Drei neu angelegte Bauminseln sollen den Schlossplatz k\u00fcnftig strukturieren und mit B\u00e4umen sowie Sitzgelegenheiten zus\u00e4tzliche Aufenthaltsqualit\u00e4t bieten. \/ \u00a9 Visualisierung: bbz Landschaftsarchitekten<\/p>\n<p>Quellen: Humboldt Forum, AIV, bbz Landschaftsarchitekten, Senatsverwaltung f\u00fcr Stadtentwicklung, Bauen und Wohnen, Bezirksamt Mitte<\/p>\n","protected":false},"excerpt":{"rendered":"Auf dem s\u00fcdlichen Schlossplatz am Humboldt Forum haben die Arbeiten f\u00fcr drei neue Bauminseln begonnen. Daf\u00fcr wird das&hellip;\n","protected":false},"author":2,"featured_media":1269454,"comment_status":"","ping_status":"","sticky":false,"template":"","format":"standard","meta":{"footnotes":"","_share_on_mastodon":"0"},"categories":[1825],"tags":[2568,296,2572,29,30,2273,24969,41433,2595],"class_list":["post-1269453","post","type-post","status-publish","format-standard","has-post-thumbnail","category-berlin","tag-bauprojekte-mitte","tag-berlin","tag-berlin-mitte","tag-deutschland","tag-germany","tag-humboldt-forum","tag-kultur-in-berlin","tag-museum-berlin","tag-neubau-mitte"],"share_on_mastodon":{"url":"https:\/\/pubeurope.com\/@de\/117183901004816242","error":""},"_links":{"self":[{"href":"https:\/\/www.europesays.com\/de\/wp-json\/wp\/v2\/posts\/1269453","targetHints":{"allow":["GET"]}}],"collection":[{"href":"https:\/\/www.europesays.com\/de\/wp-json\/wp\/v2\/posts"}],"about":[{"href":"https:\/\/www.europesays.com\/de\/wp-json\/wp\/v2\/types\/post"}],"author":[{"embeddable":true,"href":"https:\/\/www.europesays.com\/de\/wp-json\/wp\/v2\/users\/2"}],"replies":[{"embeddable":true,"href":"https:\/\/www.europesays.com\/de\/wp-json\/wp\/v2\/comments?post=1269453"}],"version-history":[{"count":0,"href":"https:\/\/www.europesays.com\/de\/wp-json\/wp\/v2\/posts\/1269453\/revisions"}],"wp:featuredmedia":[{"embeddable":true,"href":"https:\/\/www.europesays.com\/de\/wp-json\/wp\/v2\/media\/1269454"}],"wp:attachment":[{"href":"https:\/\/www.europesays.com\/de\/wp-json\/wp\/v2\/media?parent=1269453"}],"wp:term":[{"taxonomy":"category","embeddable":true,"href":"https:\/\/www.europesays.com\/de\/wp-json\/wp\/v2\/categories?post=1269453"},{"taxonomy":"post_tag","embeddable":true,"href":"https:\/\/www.europesays.com\/de\/wp-json\/wp\/v2\/tags?post=1269453"}],"curies":[{"name":"wp","href":"https:\/\/api.w.org\/{rel}","templated":true}]}}