{"id":1269481,"date":"2026-08-30T10:27:16","date_gmt":"2026-08-30T10:27:16","guid":{"rendered":"https:\/\/www.europesays.com\/de\/1269481\/"},"modified":"2026-08-30T10:27:16","modified_gmt":"2026-08-30T10:27:16","slug":"fahndung-nach-taetern-laeuft-22-jaehrige-stirbt-bei-schuessen-auf-techno-party-in-der-schweiz","status":"publish","type":"post","link":"https:\/\/www.europesays.com\/de\/1269481\/","title":{"rendered":"Fahndung nach T\u00e4tern l\u00e4uft: 22-J\u00e4hrige stirbt bei Sch\u00fcssen auf Techno-Party in der Schweiz"},"content":{"rendered":"<p class=\"tspCJpg tspCJph\">Am Rande einer Rave-Party in Aarau im Norden der Schweiz sind Sch\u00fcsse gefallen. <strong>Dabei sei 22-j\u00e4hrige Frau get\u00f6tet worden, teilte die Kantonspolizei Aargau mit<\/strong>. Vier M\u00e4nner und eine Frau im Alter von 24 bis 27 Jahren seien leicht bis schwer verletzt worden. Alle Opfer stammen den Angaben zufolge aus der Schweiz.<\/p>\n<p class=\"tspCJpg\">Die jungen Opfer waren laut Polizei Besucher des Rave-Festivals. Tatort war die Pferderennbahn, auf der zum Zeitpunkt des Geschehens laut Polizei der Rave stattfand.<\/p>\n<p class=\"tspCJpg\">Die Schweizer Zeitung \u201eBlick\u201c berichtete, dass die <strong>Sch\u00fcsse vor 03.00 Uhr<\/strong>. Beim \u201eAarauer Rave\u201c handelt es sich um eine Techno-Party von Samstagnachmittag bis in die Nacht zum Sonntag mit rund 3500 Besuchern. Aarau im Schweizer Kanton Aargau liegt etwa 40 Kilometer westlich von Z\u00fcrich.<\/p>\n<p><img decoding=\"async\" src=\"https:\/\/www.europesays.com\/de\/wp-content\/uploads\/2026\/08\/schusse-bei-einer-veranstaltung-in-der-schweiz.jpeg\"   alt=\"30.08.2026, Schweiz, Z\u00fcrich: Bewaffnete Polizeibeamte mit einem gepanzerten Einsatzfahrzeug sperren eine Stra\u00dfe in der N\u00e4he der Pferderennbahn Schachen in Aarau ab. Bei einer Veranstaltung im schweizerischen Schachen sind in der Nacht Sch\u00fcsse gefallen. Foto: Michael Buholzer\/KEYSTONE\/dpa +++ dpa-Bildfunk +++\" aria-labelledby=\"caption-15996972\" width=\"440\" height=\"330\" loading=\"lazy\" class=\"tspA0ja\"\/> Bewaffnete Polizeibeamte mit einem gepanzerten Einsatzfahrzeug sperren eine Stra\u00dfe in der N\u00e4he der Pferderennbahn Schachen in Aarau ab. <\/p>\n<p class=\"tspABgd\"> \u00a9 dpa\/MICHAEL BUHOLZER <\/p>\n<p class=\"tspCJpg\">\u201e<strong>Die Fahndung nach der unbekannten T\u00e4terschaft l\u00e4uft<\/strong>. M\u00f6gliche Motive sowie die genauen Umst\u00e4nde der Tat sind noch unklar\u201c, teilte die Polizei auf X weiter mit. Die Beh\u00f6rden riefen die Bev\u00f6lkerung dazu auf, das Gebiet zu meiden. Die Polizei sperrte weite Teile von Aarau ab und verst\u00e4rkte vorsorglich ihre Pr\u00e4senz \u00fcber das Stadtgebiet hinaus.<\/p>\n<p class=\"tspCJpg\"><strong>Auch die Polizei auf deutscher Seite<\/strong> ist an den allgemeinen Fahndungsma\u00dfnahmen beteiligt. Dies sei reine Routine in der Polizeiarbeit, betonte ein Sprecher des Polizeipr\u00e4sidiums Freiburg. Angaben zu den konkreten Ma\u00dfnahmen machte er nicht. Der Tatort liegt Luftlinie knapp 20 Kilometer von der deutschen Grenze entfernt.<\/p>\n<p> Zeugen schildern Erlebnisse <\/p>\n<p class=\"tspCJpg\">Auf einem Video, das die Schweizer Zeitung \u201eBlick\u201c ver\u00f6ffentlicht hat und das von der N\u00e4he des Tatorts stammen soll, <strong>sind rund zehn Sch\u00fcsse zu h\u00f6ren<\/strong>.<\/p>\n<p class=\"tspCJpg\">Gegen\u00fcber der Schweizer Zeitung \u201eBlick\u201c \u00e4u\u00dferten sich mehrere Zeugen. <strong>Zun\u00e4chst h\u00e4tten die Besucher die Sch\u00fcsse f\u00fcr ein Feuerwerk gehalten<\/strong>, so eine Frau. Dann habe jemand \u201eAlle runter!\u201c gerufen. Die Gruppe habe sich daraufhin unter dem DJ-Pult versteckt. <strong>Eine Frau sei von einer Kugel getroffen worden.<\/strong><\/p>\n<p class=\"tspCJpg\">Alle Besucher des Raves seien von der Polizei in eine Turnhalle gebracht worden. \u201eEs war schrecklich\u201c, so die Zeugin gegen\u00fcber der Zeitung. Das Ganze habe sich unmittelbar nach dem Ende der Veranstaltung abgespielt.<\/p>\n<p>Mehr Panorama<a href=\"https:\/\/www.tagesspiegel.de\/gesellschaft\/panorama\/schwere-unwetter-in-der-schweiz-hagelschlage-verletzen-rund-40-menschen--lastwagen-umgeweht-15994073.html?icid=topic-list_15996932___\" data-gtm-class=\"article-mzt-link\" data-hydrate-fingerprint=\"09740a54944caac75fd2c0c63fd5c5df\" data-hydrate-props=\"{&amp;escapedquot;element&amp;escapedquot;:{&amp;escapedquot;type&amp;escapedquot;:&amp;escapedquot;relatedContent&amp;escapedquot;,&amp;escapedquot;fieldMap&amp;escapedquot;:{},&amp;escapedquot;relation&amp;escapedquot;:{&amp;escapedquot;fields&amp;escapedquot;:{&amp;escapedquot;isPaid&amp;escapedquot;:null},&amp;escapedquot;href&amp;escapedquot;:&amp;escapedquot;\/gesellschaft\/panorama\/schwere-unwetter-in-der-schweiz-hagelschlage-verletzen-rund-40-menschen--lastwagen-umgeweht-15994073.html&amp;escapedquot;,&amp;escapedquot;teaserTitle&amp;escapedquot;:{&amp;escapedquot;kicker&amp;escapedquot;:&amp;escapedquot;Schwere Unwetter in der Schweiz&amp;escapedquot;,&amp;escapedquot;headline&amp;escapedquot;:&amp;escapedquot;Hagelschl\u00e4ge verletzen rund 40 Menschen\u00a0\u2013 Lastwagen umgeweht&amp;escapedquot;},&amp;escapedquot;id&amp;escapedquot;:&amp;escapedquot;15994073&amp;escapedquot;,&amp;escapedquot;type&amp;escapedquot;:&amp;escapedquot;story&amp;escapedquot;},&amp;escapedquot;isPartOfList&amp;escapedquot;:true,&amp;escapedquot;topicListType&amp;escapedquot;:&amp;escapedquot;topic-list&amp;escapedquot;},&amp;escapedquot;showArrow&amp;escapedquot;:true}\" data-hydrate-slots=\"{&#039;default&#039;:[]}\" class=\"tspCPp3 tspDEsb\" rel=\"nofollow noopener\" target=\"_blank\">Schwere Unwetter in der Schweiz Hagelschl\u00e4ge verletzen rund 40 Menschen\u00a0\u2013 Lastwagen umgeweht <\/a><a href=\"https:\/\/www.tagesspiegel.de\/gesellschaft\/panorama\/nach-gewaltvorwurfenyoutube-star-jean-pierre-kraemer-nimmt-auszeit-15994406.html?icid=topic-list_15996932___\" data-gtm-class=\"article-mzt-link\" data-hydrate-fingerprint=\"09740a54944caac75fd2c0c63fd5c5df\" data-hydrate-props=\"{&amp;escapedquot;element&amp;escapedquot;:{&amp;escapedquot;type&amp;escapedquot;:&amp;escapedquot;relatedContent&amp;escapedquot;,&amp;escapedquot;fieldMap&amp;escapedquot;:{},&amp;escapedquot;relation&amp;escapedquot;:{&amp;escapedquot;fields&amp;escapedquot;:{&amp;escapedquot;isPaid&amp;escapedquot;:null},&amp;escapedquot;href&amp;escapedquot;:&amp;escapedquot;\/gesellschaft\/panorama\/nach-gewaltvorwurfenyoutube-star-jean-pierre-kraemer-nimmt-auszeit-15994406.html&amp;escapedquot;,&amp;escapedquot;teaserTitle&amp;escapedquot;:{&amp;escapedquot;kicker&amp;escapedquot;:&amp;escapedquot;Nach Gewaltvorw\u00fcrfen&amp;escapedquot;,&amp;escapedquot;headline&amp;escapedquot;:&amp;escapedquot;YouTube-Star Jean Pierre Kraemer nimmt Auszeit&amp;escapedquot;},&amp;escapedquot;id&amp;escapedquot;:&amp;escapedquot;15994406&amp;escapedquot;,&amp;escapedquot;type&amp;escapedquot;:&amp;escapedquot;story&amp;escapedquot;},&amp;escapedquot;isPartOfList&amp;escapedquot;:true,&amp;escapedquot;topicListType&amp;escapedquot;:&amp;escapedquot;topic-list&amp;escapedquot;},&amp;escapedquot;showArrow&amp;escapedquot;:true}\" data-hydrate-slots=\"{&#039;default&#039;:[]}\" class=\"tspCPp3 tspDEsb\" rel=\"nofollow noopener\" target=\"_blank\">Nach Gewaltvorw\u00fcrfen YouTube-Star Jean Pierre Kraemer nimmt Auszeit <\/a><a href=\"https:\/\/www.tagesspiegel.de\/gesellschaft\/panorama\/hunderte-tote-in-nepal-behorden-befurchten-gesundheitsrisiko-durch-verwesende-opfer-15994695.html?icid=topic-list_15996932___\" data-gtm-class=\"article-mzt-link\" data-hydrate-fingerprint=\"09740a54944caac75fd2c0c63fd5c5df\" data-hydrate-props=\"{&amp;escapedquot;element&amp;escapedquot;:{&amp;escapedquot;type&amp;escapedquot;:&amp;escapedquot;relatedContent&amp;escapedquot;,&amp;escapedquot;fieldMap&amp;escapedquot;:{},&amp;escapedquot;relation&amp;escapedquot;:{&amp;escapedquot;fields&amp;escapedquot;:{&amp;escapedquot;isPaid&amp;escapedquot;:null},&amp;escapedquot;href&amp;escapedquot;:&amp;escapedquot;\/gesellschaft\/panorama\/hunderte-tote-in-nepal-behorden-befurchten-gesundheitsrisiko-durch-verwesende-opfer-15994695.html&amp;escapedquot;,&amp;escapedquot;teaserTitle&amp;escapedquot;:{&amp;escapedquot;kicker&amp;escapedquot;:&amp;escapedquot;Hunderte Tote in Nepal&amp;escapedquot;,&amp;escapedquot;headline&amp;escapedquot;:&amp;escapedquot;Beh\u00f6rden bef\u00fcrchten Gesundheitsrisiko durch verwesende Opfer&amp;escapedquot;},&amp;escapedquot;id&amp;escapedquot;:&amp;escapedquot;15994695&amp;escapedquot;,&amp;escapedquot;type&amp;escapedquot;:&amp;escapedquot;story&amp;escapedquot;},&amp;escapedquot;isPartOfList&amp;escapedquot;:true,&amp;escapedquot;topicListType&amp;escapedquot;:&amp;escapedquot;topic-list&amp;escapedquot;},&amp;escapedquot;showArrow&amp;escapedquot;:true}\" data-hydrate-slots=\"{&#039;default&#039;:[]}\" class=\"tspCPp3 tspDEsb\" rel=\"nofollow noopener\" target=\"_blank\">Hunderte Tote in Nepal Beh\u00f6rden bef\u00fcrchten Gesundheitsrisiko durch verwesende Opfer <\/a><\/p>\n<p class=\"tspCJpg\">Auch der DJ der Veranstaltung \u00e4u\u00dferte sich tief betroffen. Was auf dem Rave passiert sei, sei absolut herzzerrei\u00dfend, schrieb DJ Tekibo in einer Instagram-Story. \u201eTechno und Raves sollten ein Ort der Freiheit und Sicherheit sein.\u201c Er versuche immer noch, das Ganze zu verarbeiten. <strong>Er habe einen wichtigen Menschen verloren<\/strong> und finde einfach nicht die richtigen Worte. Er werde sich f\u00fcr eine bestimmte Zeit zur\u00fcckziehen, k\u00fcndigte er an. (AFP, dpa)<\/p>\n","protected":false},"excerpt":{"rendered":"Am Rande einer Rave-Party in Aarau im Norden der Schweiz sind Sch\u00fcsse gefallen. Dabei sei 22-j\u00e4hrige Frau get\u00f6tet&hellip;\n","protected":false},"author":2,"featured_media":1269482,"comment_status":"","ping_status":"","sticky":false,"template":"","format":"standard","meta":{"footnotes":"","_share_on_mastodon":"0"},"categories":[5],"tags":[13,14,15,12,293,10,8,9,11],"class_list":["post-1269481","post","type-post","status-publish","format-standard","has-post-thumbnail","category-nachrichten","tag-headlines","tag-nachrichten","tag-news","tag-schlagzeilen","tag-schweiz","tag-top-news","tag-top-meldungen","tag-topmeldungen","tag-topnews"],"share_on_mastodon":{"url":"https:\/\/pubeurope.com\/@de\/117183989646887729","error":""},"_links":{"self":[{"href":"https:\/\/www.europesays.com\/de\/wp-json\/wp\/v2\/posts\/1269481","targetHints":{"allow":["GET"]}}],"collection":[{"href":"https:\/\/www.europesays.com\/de\/wp-json\/wp\/v2\/posts"}],"about":[{"href":"https:\/\/www.europesays.com\/de\/wp-json\/wp\/v2\/types\/post"}],"author":[{"embeddable":true,"href":"https:\/\/www.europesays.com\/de\/wp-json\/wp\/v2\/users\/2"}],"replies":[{"embeddable":true,"href":"https:\/\/www.europesays.com\/de\/wp-json\/wp\/v2\/comments?post=1269481"}],"version-history":[{"count":0,"href":"https:\/\/www.europesays.com\/de\/wp-json\/wp\/v2\/posts\/1269481\/revisions"}],"wp:featuredmedia":[{"embeddable":true,"href":"https:\/\/www.europesays.com\/de\/wp-json\/wp\/v2\/media\/1269482"}],"wp:attachment":[{"href":"https:\/\/www.europesays.com\/de\/wp-json\/wp\/v2\/media?parent=1269481"}],"wp:term":[{"taxonomy":"category","embeddable":true,"href":"https:\/\/www.europesays.com\/de\/wp-json\/wp\/v2\/categories?post=1269481"},{"taxonomy":"post_tag","embeddable":true,"href":"https:\/\/www.europesays.com\/de\/wp-json\/wp\/v2\/tags?post=1269481"}],"curies":[{"name":"wp","href":"https:\/\/api.w.org\/{rel}","templated":true}]}}