{"id":1269493,"date":"2026-08-30T10:35:14","date_gmt":"2026-08-30T10:35:14","guid":{"rendered":"https:\/\/www.europesays.com\/de\/1269493\/"},"modified":"2026-08-30T10:35:14","modified_gmt":"2026-08-30T10:35:14","slug":"borussia-moenchengladbach-was-tim-kleindienst-echt-erbaermlich-fand-sport","status":"publish","type":"post","link":"https:\/\/www.europesays.com\/de\/1269493\/","title":{"rendered":"Borussia M\u00f6nchengladbach: Was Tim Kleindienst echt erb\u00e4rmlich fand | Sport"},"content":{"rendered":"<p><a class=\"skip-content skip-content--link\" href=\"#in-content-skip-link-target-v-0-0\">TTS-Player \u00fcberspringen\u21b5<\/a><a id=\"in-content-skip-link-target-v-0-0\" class=\"skip-content--target-link-hidden skip-content skip-content--target-link\" href=\"#in-content-skip-link-target-v-0-0\">Artikel weiterlesen<\/a><\/p>\n<p><b>Fast ein komplettes Jahr musste Gladbach auf seinen Kapit\u00e4n verzichten\u00a0\u2013 jetzt ist Tim Kleindienst (30) endlich zur\u00fcck. Das 0:3 in Leipzig konnte der Nationalst\u00fcrmer (6 Spiele, 4 Tore) aber auch nicht verhindern\u00a0\u2013 obwohl er erstaunlicherweise die kompletten 90 Minuten durchhielt.<\/b><\/p>\n<p>Dass er noch l\u00e4ngst nicht wieder in alter Topform ist, ist logisch: Von 19 Zweik\u00e4mpfen gewann er nur f\u00fcnf (26,3 Prozent), mit 31 Ballkontakten hatte er 22 weniger als sein Torwart, sein einziger Abschluss war ein zu hoch platzierter Kopfball\u00a0\u2013 in der 82. Minute. Wo Kleindienst auf jeden Fall wieder der Alte ist: im Klartext reden!<\/p>\n<p>Er fand die Ballverluste vor dem zweiten und dritten Gegentor ebenso erb\u00e4rmlich wie die Chancenverwertung im ersten Durchgang. Auch das Abwehrverhalten regte ihn auf: \u201eLeipzig ist ein-, zweimal in unseren Strafraum gekommen und hat daraus direkt ein Tor gemacht. Nach dem 0:2 war es dann auch individuelle Qualit\u00e4t, die den Unterschied gemacht hat. Trotzdem d\u00fcrfen solche Gegentore nicht fallen, denn die erste Halbzeit war grunds\u00e4tzlich sehr vern\u00fcnftig von uns.\u201c<\/p>\n<p>F\u00fcr alle, die offenbar den Ernst der Lage noch nicht kapiert haben, formulierte es Kleindienst nochmal deutlich: \u201eEs ist eben Bundesliga und kein Vorbereitungsspiel. Leipzig kann dich f\u00fcr kleine Fehler gnadenlos bestrafen. Beim ersten Gegentor m\u00fcssen wir uns hinterfragen, warum es \u00fcberhaupt zu der Situation kommt. Bis dahin war das Spiel ausgeglichen. Wir m\u00fcssen jetzt schnell wieder in die Spur finden und es schaffen, die Intensit\u00e4t \u00fcber die gesamten 90 Minuten aufrechtzuerhalten.\u201c<\/p>\n<p>\u201eWaren 25 Minuten gar nicht auf dem Platz\u201c<\/p>\n<p>Genau das regte auch Eugen Polanski (40) auf. Der Coach: \u201eIn der ersten Halbzeit haben wir viel davon gesehen, wie wir auftreten wollen. Aber dann waren wir zu Beginn der zweiten H\u00e4lfte 25 Minuten gar nicht auf dem Platz, hatten keine Energie und viel zu gro\u00dfe Abst\u00e4nde. Ich habe die Jungs aber in der Pause ermutigt, weiter nach vorn zu spielen.\u201c Davon kam beim Gladbacher Team aber erstaunlich wenig an.<\/p>\n","protected":false},"excerpt":{"rendered":"TTS-Player \u00fcberspringen\u21b5Artikel weiterlesen Fast ein komplettes Jahr musste Gladbach auf seinen Kapit\u00e4n verzichten\u00a0\u2013 jetzt ist Tim Kleindienst (30)&hellip;\n","protected":false},"author":2,"featured_media":1269494,"comment_status":"","ping_status":"","sticky":false,"template":"","format":"standard","meta":{"footnotes":"","_share_on_mastodon":"0"},"categories":[1849],"tags":[815,3364,29,538,548,663,3934,30,13,18029,4455,14,15,1209,100524,12,817,301,819],"class_list":["post-1269493","post","type-post","status-publish","format-standard","has-post-thumbnail","category-moenchengladbach","tag-borussia-moenchengladbach","tag-de","tag-deutschland","tag-erste-bundesliga","tag-eu","tag-europa","tag-europe","tag-germany","tag-headlines","tag-kleindienst-tim","tag-moenchengladbach","tag-nachrichten","tag-news","tag-nordrhein-westfalen","tag-polanski-eugen","tag-schlagzeilen","tag-seoane-gerardo","tag-spielbericht","tag-sport-leuchtturm-essen"],"share_on_mastodon":{"url":"","error":""},"_links":{"self":[{"href":"https:\/\/www.europesays.com\/de\/wp-json\/wp\/v2\/posts\/1269493","targetHints":{"allow":["GET"]}}],"collection":[{"href":"https:\/\/www.europesays.com\/de\/wp-json\/wp\/v2\/posts"}],"about":[{"href":"https:\/\/www.europesays.com\/de\/wp-json\/wp\/v2\/types\/post"}],"author":[{"embeddable":true,"href":"https:\/\/www.europesays.com\/de\/wp-json\/wp\/v2\/users\/2"}],"replies":[{"embeddable":true,"href":"https:\/\/www.europesays.com\/de\/wp-json\/wp\/v2\/comments?post=1269493"}],"version-history":[{"count":0,"href":"https:\/\/www.europesays.com\/de\/wp-json\/wp\/v2\/posts\/1269493\/revisions"}],"wp:featuredmedia":[{"embeddable":true,"href":"https:\/\/www.europesays.com\/de\/wp-json\/wp\/v2\/media\/1269494"}],"wp:attachment":[{"href":"https:\/\/www.europesays.com\/de\/wp-json\/wp\/v2\/media?parent=1269493"}],"wp:term":[{"taxonomy":"category","embeddable":true,"href":"https:\/\/www.europesays.com\/de\/wp-json\/wp\/v2\/categories?post=1269493"},{"taxonomy":"post_tag","embeddable":true,"href":"https:\/\/www.europesays.com\/de\/wp-json\/wp\/v2\/tags?post=1269493"}],"curies":[{"name":"wp","href":"https:\/\/api.w.org\/{rel}","templated":true}]}}