{"id":1269495,"date":"2026-08-30T10:36:20","date_gmt":"2026-08-30T10:36:20","guid":{"rendered":"https:\/\/www.europesays.com\/de\/1269495\/"},"modified":"2026-08-30T10:36:20","modified_gmt":"2026-08-30T10:36:20","slug":"feuerwehr-gladbeck-89-einsaetze-am-wochenende","status":"publish","type":"post","link":"https:\/\/www.europesays.com\/de\/1269495\/","title":{"rendered":"Feuerwehr Gladbeck: 89 Eins\u00e4tze am Wochenende"},"content":{"rendered":"<p><a title=\"Notarzt - Rettungsdienst\" href=\"https:\/\/neue-gladbecker-zeitung.de\/feuerwehreinsaetze-in-gladbeck-am-wochenende\/notarzt-rettungsdienst-ngz-2\/\" rel=\"nofollow noopener\" target=\"_blank\"><img fetchpriority=\"high\" width=\"678\" height=\"381\" src=\"https:\/\/www.europesays.com\/de\/wp-content\/uploads\/2026\/08\/Notarzt-Rettungsdienst-NGZ.webp\" class=\"attachment-mh-magazine-content size-mh-magazine-content wp-post-image\" alt=\"89 Eins\u00e4tze fuhr die Gladbecker Feuerwehr\" title=\"Notarzt - Rettungsdienst\" loading=\"eager\" decoding=\"async\"\/><\/a><br \/>\n89 Eins\u00e4tze fuhr die Gladbecker Feuerwehr Von Freitag bis  Sonntag. Foto: Neue Gladbecker Zeitung<\/p>\n<p><strong>Die Feuerwehr Gladbeck wurde von Freitag, 28. August, bis Sonntagmorgen, 30. August 2026, zu insgesamt 89 Eins\u00e4tzen gerufen. Neben zwei Brandeins\u00e4tzen besch\u00e4ftigten vor allem Notfall- und Rettungsdiensteins\u00e4tze die Einsatzkr\u00e4fte.<\/strong><\/p>\n<p><strong>Gladbeck \u2013 30.08.2026 \u2013\u00a0<\/strong>Am Samstag l\u00f6ste eine Brandmeldeanlage in einer Pflegeeinrichtung an der Stra\u00dfe Am Roten Turm in <a href=\"https:\/\/www.gladbeck.de\" target=\"_blank\" rel=\"noopener nofollow\">Gladbeck-Mitte<\/a> aus. Die Feuerwehr r\u00fcckte aus. Als Ursache stellte sich ein Wasserschaden heraus.<\/p>\n<p>&gt;&gt;&gt; <strong>Den NGZ-Newsletter:<\/strong>\u00a0<a href=\"https:\/\/neue-gladbecker-zeitung.de\/newsletter-der-ngz\/\" target=\"_blank\" rel=\"noopener nofollow\" data-category-full-path=\"\/staedte\/gladbeck\/\" data-paid-status=\"free\" data-article-publish-date=\"1595937600\">hier gratis abonnieren<\/a>\u00a0|\u00a0<strong>Folgen Sie uns<\/strong>\u00a0<strong>auch<\/strong>\u00a0auf\u00a0<a href=\"https:\/\/www.facebook.com\/NeueGladbeckerZeitung\/\" target=\"_blank\" rel=\"noopener nofollow\">Facebook<\/a>\u00a0und auf\u00a0<a href=\"https:\/\/www.instagram.com\/neuegladbeckerzeitung\/\" target=\"_blank\" rel=\"noopener nofollow\">Instagram<\/a>\u00a0|<br \/><strong>Hier erhalten Sie alle Nachrichten sofort im<\/strong>\u00a0<a href=\"https:\/\/whatsapp.com\/channel\/0029VaAJZdH8F2pIH21PF72X\" target=\"_blank\" rel=\"noopener nofollow\">WhatsApp-Kanal<\/a> | Unsere: <a href=\"https:\/\/neue-gladbecker-zeitung.de\/blaulicht\/\" target=\"_blank\" rel=\"noopener nofollow\">Polizei- und Feuerwehrartikel<\/a> &lt;&lt;&lt;<\/p>\n<p>Zwei Brandeins\u00e4tze in Gladbeck<\/p>\n<p>In den fr\u00fchen Morgenstunden des Sonntags kam es zudem zu einem Brand in einem Wohngeb\u00e4ude an der Stra\u00dfe Am Brokamp. Dort brannte eine Powerbank. Der Entstehungsbrand war beim Eintreffen der Feuerwehr bereits durch die Anrufenden gel\u00f6scht worden.<\/p>\n<p>Feuerwehr unterst\u00fctzt den Rettungsdienst<\/p>\n<p>Bei drei weiteren Eins\u00e4tzen unterst\u00fctzte die <a href=\"http:\/\/www.feuerwehr-gladbeck.de\" target=\"_blank\" rel=\"noopener nofollow\">Feuerwehr Gladbeck<\/a> den Rettungsdienst mit Tragehilfen.<\/p>\n<p>Die Einsatzbilanz weist insgesamt 55 Notfalleins\u00e4tze, zehn Eins\u00e4tze f\u00fcr den Notarzt und 13 Krankentransportfahrten aus. Hinzu kamen f\u00fcnf Hilfeleistungen und vier blinde Alarmierungen. B\u00f6swillige Alarmierungen gab es am Wochenende nicht.<\/p>\n<p>Sturmsch\u00e4den am Freitag<\/p>\n<p>Auch das Wetter besch\u00e4ftigte die Feuerwehr. Zwei Eins\u00e4tze am Freitag standen im Zusammenhang mit dem Sturm.<\/p>\n<p>An der B\u00fclser Stra\u00dfe wurde ein Pkw durch herabfallende \u00c4ste besch\u00e4digt. Im Bereich des Van-Suntum-Wegs st\u00fcrzte ein Baum um. Die Feuerwehr beseitigte das Hindernis.<\/p>\n<p>89 Eins\u00e4tze von Freitag bis Sonntag<\/p>\n<p>Damit verzeichnete die Feuerwehr Gladbeck von <strong>Freitag, 28. August, bis Sonntag, 30. August 2026<\/strong>, insgesamt 89 Eins\u00e4tze. Die Angaben stammen aus der Wochenend-Bilanz der Feuerwehr Gladbeck, Stand Sonntag, 30. August, 8:30 Uhr.<\/p>\n<p>Auch in fr\u00fcheren Wochenendbilanzen der Feuerwehr Gladbeck standen zahlreiche Rettungsdiensteins\u00e4tze neben einzelnen Brand- und Hilfeleistungseins\u00e4tzen im Mittelpunkt. Die NGZ berichtete bereits \u00fcber eine <a href=\"https:\/\/neue-gladbecker-zeitung.de\/feuerwehreinsaetze-der-letzten-drei-tage-in-gladbeck\/\" rel=\"nofollow noopener\" target=\"_blank\">Einsatzbilanz der Feuerwehr Gladbeck<\/a> sowie \u00fcber weitere <a href=\"https:\/\/neue-gladbecker-zeitung.de\/wochenend-bilanz-der-feuerwehr-gladbeck\/\" rel=\"nofollow noopener\" target=\"_blank\">Wochenend-Eins\u00e4tze der Gladbecker Feuerwehr<\/a>.<\/p>\n<p><a style=\"color: #ff0000;\" href=\"https:\/\/neue-gladbecker-zeitung.de\" rel=\"nofollow noopener\" target=\"_blank\">Zur Startseite<\/a><\/p>\n<p>\t<script async src=\"\/\/www.instagram.com\/embed.js\"><\/script><\/p>\n","protected":false},"excerpt":{"rendered":"89 Eins\u00e4tze fuhr die Gladbecker Feuerwehr Von Freitag bis Sonntag. Foto: Neue Gladbecker Zeitung Die Feuerwehr Gladbeck wurde&hellip;\n","protected":false},"author":2,"featured_media":1269496,"comment_status":"","ping_status":"","sticky":false,"template":"","format":"standard","meta":{"footnotes":"","_share_on_mastodon":"0"},"categories":[1848],"tags":[37147,32230,3364,29,19688,548,663,3934,262231,49140,3658,30,17275,13,14,15,1209,3906,12,9608],"class_list":["post-1269495","post","type-post","status-publish","format-standard","has-post-thumbnail","category-gelsenkirchen","tag-brandeinsatz","tag-brandmeldeanlage","tag-de","tag-deutschland","tag-einsatzbilanz","tag-eu","tag-europa","tag-europe","tag-feuerwehr-gladbeck","tag-feuerwehreinsaetze","tag-gelsenkirchen","tag-germany","tag-gladbeck","tag-headlines","tag-nachrichten","tag-news","tag-nordrhein-westfalen","tag-rettungsdienst","tag-schlagzeilen","tag-sturm"],"share_on_mastodon":{"url":"https:\/\/pubeurope.com\/@de\/117184025170961264","error":""},"_links":{"self":[{"href":"https:\/\/www.europesays.com\/de\/wp-json\/wp\/v2\/posts\/1269495","targetHints":{"allow":["GET"]}}],"collection":[{"href":"https:\/\/www.europesays.com\/de\/wp-json\/wp\/v2\/posts"}],"about":[{"href":"https:\/\/www.europesays.com\/de\/wp-json\/wp\/v2\/types\/post"}],"author":[{"embeddable":true,"href":"https:\/\/www.europesays.com\/de\/wp-json\/wp\/v2\/users\/2"}],"replies":[{"embeddable":true,"href":"https:\/\/www.europesays.com\/de\/wp-json\/wp\/v2\/comments?post=1269495"}],"version-history":[{"count":0,"href":"https:\/\/www.europesays.com\/de\/wp-json\/wp\/v2\/posts\/1269495\/revisions"}],"wp:featuredmedia":[{"embeddable":true,"href":"https:\/\/www.europesays.com\/de\/wp-json\/wp\/v2\/media\/1269496"}],"wp:attachment":[{"href":"https:\/\/www.europesays.com\/de\/wp-json\/wp\/v2\/media?parent=1269495"}],"wp:term":[{"taxonomy":"category","embeddable":true,"href":"https:\/\/www.europesays.com\/de\/wp-json\/wp\/v2\/categories?post=1269495"},{"taxonomy":"post_tag","embeddable":true,"href":"https:\/\/www.europesays.com\/de\/wp-json\/wp\/v2\/tags?post=1269495"}],"curies":[{"name":"wp","href":"https:\/\/api.w.org\/{rel}","templated":true}]}}