{"id":1269502,"date":"2026-08-30T10:42:25","date_gmt":"2026-08-30T10:42:25","guid":{"rendered":"https:\/\/www.europesays.com\/de\/1269502\/"},"modified":"2026-08-30T10:42:25","modified_gmt":"2026-08-30T10:42:25","slug":"kunst-mit-der-kettensaege-guntram-prochaska-aus-karlsruhe-haucht-toten-baeumen-neues-leben-ein","status":"publish","type":"post","link":"https:\/\/www.europesays.com\/de\/1269502\/","title":{"rendered":"Kunst mit der Kettens\u00e4ge: Guntram Prochaska aus Karlsruhe haucht toten B\u00e4umen neues Leben ein"},"content":{"rendered":"<p class=\"mb-6 text-xs-varying md:text-m lg:text-l font-serif group-[.font-sans]:font-sans \">\n    Ein kurzer, energischer Zug am Startseil l\u00e4sst die Kettens\u00e4ge laut aufheulen. Das Knattern und Dr\u00f6hnen begleitet jeden einzelnen Handgriff, Sp\u00e4ne fliegen durch die Luft. Doch davon darf sich der K\u00fcnstler Guntram Prochaska nicht ablenken lassen.\n  <\/p>\n<p>            Seine Arbeit erfordert hohe Pr\u00e4zision<\/p>\n<p class=\"mb-6 text-xs-varying md:text-m lg:text-l font-serif group-[.font-sans]:font-sans \">\n    Denn seine Kunst ist Millimeterarbeit, bei der Pr\u00e4zision und Ruhe gefragt ist. \u201eIch muss die Kettens\u00e4ge so stillhalten, dass man sich theoretisch den <strong class=\"font-bold\">Fingernagel damit feilen k\u00f6nnte<\/strong>\u201c, sagt Prochaska im Gespr\u00e4ch mit ka-news am 12. August. Normalerweise werden mit Kettens\u00e4gen B\u00e4ume gef\u00e4llt und Holz zerkleinert. Doch in seinen H\u00e4nden wird sie zu einer <strong class=\"font-bold\">Art Stift<\/strong>, der <strong class=\"font-bold\">in das Holz zeichnet <\/strong>und so in den meisten F\u00e4llen, ein Gesicht zum Vorschein bringt.\n  <\/p>\n<p>    <img decoding=\"async\" src=\"https:\/\/www.europesays.com\/de\/wp-content\/uploads\/2026\/08\/whatsapp-image-2026-08-13-at-103404.jpg\" alt=\"Multiple Artist Guntram Prochaska.\" title=\"Multiple Artist Guntram Prochaska.\" loading=\"lazy\" class=\"h-full w-full object-cover\"\/><\/p>\n<p>      Icon vergr\u00f6\u00dfern<\/p>\n<p>    Multiple Artist Guntram Prochaska.<br \/>\n    Foto: Franziska Gebhard<\/p>\n<p>        Schlie\u00dfen <\/p>\n<p>      Icon Schlie\u00dfen<\/p>\n<p>        Icon vergr\u00f6\u00dfern<\/p>\n<p>        Icon verkleinern<\/p>\n<p>      Icon Pfeil bewegen<\/p>\n<p>    Multiple Artist Guntram Prochaska.<br \/>\n    Foto: Franziska Gebhard<\/p>\n<p class=\"mb-6 text-xs-varying md:text-m lg:text-l font-serif group-[.font-sans]:font-sans \">\n    Es ist kein leichtes Unterfangen, das ihn auch k\u00f6rperlich ersch\u00f6pft. Es sei z\u00e4h, sich mit dem Material auseinanderzusetzen. Zum Material Holz habe er sich schon fr\u00fch hingezogen gef\u00fchlt. Bereits <strong class=\"font-bold\">im Alter von vier Jahren<\/strong> ritzte er mit den N\u00e4hnadeln seiner Mutter <strong class=\"font-bold\">Gesichter in St\u00f6cke<\/strong>. Die Liebe zur Natur und zu B\u00e4umen scheint in der Familie zu liegen, denn sein Vater war F\u00f6rster. Doch das sei nicht alles, ihn fasziniere die<strong class=\"font-bold\"> Lebendigkeit von Holz<\/strong>. \u201eEs ist echt. Es lebt und ver\u00e4ndert sich\u201c, sagt er. Darum lackiere er seine Kunstwerke nie \u2013 sie sollen leben und altern k\u00f6nnen.\n  <\/p>\n<p>            \u201eIch hauche gefallenen B\u00e4umen neues Leben ein\u201c<\/p>\n<p class=\"mb-6 text-xs-varying md:text-m lg:text-l font-serif group-[.font-sans]:font-sans \">\n    Prochaska arbeitet <strong class=\"font-bold\">ausschlie\u00dflich mit bereits toten B\u00e4umen<\/strong>, die beispielsweise durch St\u00fcrme besch\u00e4digt wurden. \u201eIch hauche gefallenen B\u00e4umen neues Leben ein\u201c, sagt er und l\u00e4chelt. Neu belebt hat er Ende Juli <a href=\"https:\/\/www.ka-news.de\/karlsruhe\/blaulicht\/mount-klotz-baeume-fallen-unwetter-zum-opfer-und-fehlen-beim-fest-114789781\" target=\"_self\" class=\"underline \" rel=\"nofollow noopener\">den Stumpf des zweiten H\u00fcgel-Baumes in der G\u00fcnther-Klotz-Anlage<\/a>. Dieser knickte beim <a href=\"https:\/\/www.ka-news.de\/karlsruhe\/unwetter-karlsruhe-fuehrt-zu-todesfall-und-zahlreichen-sturmschaeden-114788659\" target=\"_self\" class=\"underline \" rel=\"nofollow noopener\">Unwetter am Donnerstag, 16. Juli,<\/a> ab.\n  <\/p>\n<p>    <img decoding=\"async\" src=\"https:\/\/www.europesays.com\/de\/wp-content\/uploads\/2026\/08\/20260721073323.jpg\" alt=\"Mount Klotz: Kaputter Baum wird Kunstwerk am 20. Juli 2026.\" title=\"Mount Klotz: Kaputter Baum wird Kunstwerk am 20. Juli 2026.\" loading=\"lazy\" class=\"h-full w-full object-cover\"\/><\/p>\n<p>      Icon vergr\u00f6\u00dfern<\/p>\n<p>    Mount Klotz: Kaputter Baum wird Kunstwerk am 20. Juli 2026.<br \/>\n    Foto: Thomas Riedel<\/p>\n<p>        Schlie\u00dfen <\/p>\n<p>      Icon Schlie\u00dfen<\/p>\n<p>        Icon vergr\u00f6\u00dfern<\/p>\n<p>        Icon verkleinern<\/p>\n<p>      Icon Pfeil bewegen<\/p>\n<p>    Mount Klotz: Kaputter Baum wird Kunstwerk am 20. Juli 2026.<br \/>\n    Foto: Thomas Riedel<\/p>\n<p class=\"mb-6 text-xs-varying md:text-m lg:text-l font-serif group-[.font-sans]:font-sans \">\n    Der K\u00fcnstler ist selbst auf die Fest-Leitung mit seiner Idee zugegangen. Vor Ort zeigte sich: Das Holz ist nicht zu stark besch\u00e4digt und eignet sich f\u00fcr eine Skulptur. \u201eSo entstand der gute Geist auf dem H\u00fcgel, der \u00fcber das Fest-Gel\u00e4nde wacht\u201c, sagt er.\n  <\/p>\n<p>            Der Natur ein Gesicht verleihen<\/p>\n<p class=\"mb-6 text-xs-varying md:text-m lg:text-l font-serif group-[.font-sans]:font-sans \">\n    Gesichter in verschiedenen Formen, meist mit <strong class=\"font-bold\">Glupschaugen<\/strong>, mal l\u00e4chelnd, mal ernst dreinschauend, pr\u00e4gen den Gro\u00dfteil seiner weltweit bekannten Skulpturen, die in rund 40 L\u00e4ndern stehen.\n  <\/p>\n<p class=\"mb-6 text-xs-varying md:text-m lg:text-l font-serif group-[.font-sans]:font-sans \">\n    <strong class=\"font-bold\">Doch wieso Gesichter?<\/strong> \u201eDiese Gesichter sind wie W\u00e4chter, die auf die Natur schauen\u201c, erkl\u00e4rt Prochaska. Gleichzeitig k\u00f6nne die Natur dadurch selbst ein Gesicht bekommen.\n  <\/p>\n<p>    <img decoding=\"async\" src=\"https:\/\/www.europesays.com\/de\/wp-content\/uploads\/2026\/08\/pxl20260812123235170.jpg\" alt=\"Skulpturen von Guntram Prochaska in seinem Skulpturen-Garten in Gr\u00f6tzingen.\" title=\"Skulpturen von Guntram Prochaska in seinem Skulpturen-Garten in Gr\u00f6tzingen.\" loading=\"lazy\" class=\"h-full w-full object-cover\"\/><\/p>\n<p>      Icon vergr\u00f6\u00dfern<\/p>\n<p>    Skulpturen von Guntram Prochaska in seinem Skulpturen-Garten in Gr\u00f6tzingen.<br \/>\n    Foto: Franziska Gebhard<\/p>\n<p>        Schlie\u00dfen <\/p>\n<p>      Icon Schlie\u00dfen<\/p>\n<p>        Icon vergr\u00f6\u00dfern<\/p>\n<p>        Icon verkleinern<\/p>\n<p>      Icon Pfeil bewegen<\/p>\n<p>    Skulpturen von Guntram Prochaska in seinem Skulpturen-Garten in Gr\u00f6tzingen.<br \/>\n    Foto: Franziska Gebhard<\/p>\n<p class=\"mb-6 text-xs-varying md:text-m lg:text-l font-serif group-[.font-sans]:font-sans \">\n    Welche Form sich genau bildet,<strong class=\"font-bold\"> <\/strong>h\u00e4nge vorrangig vom Holz selbst ab. Bevor er die S\u00e4ge ansetzt, schaut er sich das Holz genau an. Welche Gegebenheiten, wie Risse oder Maserungen, kann er in sein Kunstwerk einbinden? Oft erreiche er beim Arbeiten eine Art \u201eFlow\u201c. \u201e<strong class=\"font-bold\">Wenn ich die Kettens\u00e4ge anwerfe, erschrickt das Holz so sehr, dass es mir seine Form preisgibt<\/strong>\u201c, sagt er scherzhaft.\n  <\/p>\n<p>            Die S\u00e4ge als Instrument<\/p>\n<p class=\"mb-6 text-xs-varying md:text-m lg:text-l font-serif group-[.font-sans]:font-sans \">\n    Der Gr\u00f6tzinger K\u00fcnstler bezeichnet sich selbst als \u201eMultiple Artist\u201c. Denn neben den Skulpturen malt er und macht Musik. Ebenfalls zutreffend sei die Bezeichnung <strong class=\"font-bold\">\u201eHolzs\u00e4gekomponist\u201c<\/strong>. Menschen h\u00e4tten ihm schon immer fasziniert bei der Arbeit beobachtet. Deswegen entschied er sich, <strong class=\"font-bold\">Performances<\/strong> zu entwickeln, in denen seine <strong class=\"font-bold\">Holzbearbeitung auf Musik trifft<\/strong>. Manchmal werde die S\u00e4ge dabei selbst zum Instrument.\n  <\/p>\n<p>    <img decoding=\"async\" src=\"https:\/\/www.europesays.com\/de\/wp-content\/uploads\/2026\/08\/pxl20260812122415599.jpg\" alt=\"Multiple Artist Guntram Prochaska neben seinen Holzskulpturen.\" title=\"Multiple Artist Guntram Prochaska neben seinen Holzskulpturen.\" loading=\"lazy\" class=\"h-full w-full object-cover\"\/><\/p>\n<p>      Icon vergr\u00f6\u00dfern<\/p>\n<p>    Multiple Artist Guntram Prochaska neben seinen Holzskulpturen.<br \/>\n    Foto: Franziska Gebhard<\/p>\n<p>        Schlie\u00dfen <\/p>\n<p>      Icon Schlie\u00dfen<\/p>\n<p>        Icon vergr\u00f6\u00dfern<\/p>\n<p>        Icon verkleinern<\/p>\n<p>      Icon Pfeil bewegen<\/p>\n<p>    Multiple Artist Guntram Prochaska neben seinen Holzskulpturen.<br \/>\n    Foto: Franziska Gebhard<\/p>\n<p class=\"mb-6 text-xs-varying md:text-m lg:text-l font-serif group-[.font-sans]:font-sans \">\n    Wer den K\u00fcnstler und seinen Skulpturen-Garten selbst erleben m\u00f6chte, hat dazu am<strong class=\"font-bold\"> 12. und 13. September <\/strong>im Rahmen der \u201e<strong class=\"font-bold\">offenen Ateliers<\/strong> Durlach und Gr\u00f6tzingen\u201c die M\u00f6glichkeit.\n  <\/p>\n","protected":false},"excerpt":{"rendered":"Ein kurzer, energischer Zug am Startseil l\u00e4sst die Kettens\u00e4ge laut aufheulen. Das Knattern und Dr\u00f6hnen begleitet jeden einzelnen&hellip;\n","protected":false},"author":2,"featured_media":1269503,"comment_status":"","ping_status":"","sticky":false,"template":"","format":"standard","meta":{"footnotes":"","_share_on_mastodon":"0"},"categories":[1844],"tags":[1634,247371,3364,29,20957,30,21163,247372,8903,262234,4028],"class_list":["post-1269502","post","type-post","status-publish","format-standard","has-post-thumbnail","category-karlsruhe","tag-baden-wuerttemberg","tag-baumstumpf","tag-de","tag-deutschland","tag-durlach","tag-germany","tag-groetzingen","tag-guntram-prochaska","tag-karlsruhe","tag-startseil","tag-unwetter"],"share_on_mastodon":{"url":"https:\/\/pubeurope.com\/@de\/117184049560887644","error":""},"_links":{"self":[{"href":"https:\/\/www.europesays.com\/de\/wp-json\/wp\/v2\/posts\/1269502","targetHints":{"allow":["GET"]}}],"collection":[{"href":"https:\/\/www.europesays.com\/de\/wp-json\/wp\/v2\/posts"}],"about":[{"href":"https:\/\/www.europesays.com\/de\/wp-json\/wp\/v2\/types\/post"}],"author":[{"embeddable":true,"href":"https:\/\/www.europesays.com\/de\/wp-json\/wp\/v2\/users\/2"}],"replies":[{"embeddable":true,"href":"https:\/\/www.europesays.com\/de\/wp-json\/wp\/v2\/comments?post=1269502"}],"version-history":[{"count":0,"href":"https:\/\/www.europesays.com\/de\/wp-json\/wp\/v2\/posts\/1269502\/revisions"}],"wp:featuredmedia":[{"embeddable":true,"href":"https:\/\/www.europesays.com\/de\/wp-json\/wp\/v2\/media\/1269503"}],"wp:attachment":[{"href":"https:\/\/www.europesays.com\/de\/wp-json\/wp\/v2\/media?parent=1269502"}],"wp:term":[{"taxonomy":"category","embeddable":true,"href":"https:\/\/www.europesays.com\/de\/wp-json\/wp\/v2\/categories?post=1269502"},{"taxonomy":"post_tag","embeddable":true,"href":"https:\/\/www.europesays.com\/de\/wp-json\/wp\/v2\/tags?post=1269502"}],"curies":[{"name":"wp","href":"https:\/\/api.w.org\/{rel}","templated":true}]}}