{"id":1269504,"date":"2026-08-30T10:43:19","date_gmt":"2026-08-30T10:43:19","guid":{"rendered":"https:\/\/www.europesays.com\/de\/1269504\/"},"modified":"2026-08-30T10:43:19","modified_gmt":"2026-08-30T10:43:19","slug":"mich-verletzt-es-fabian-reese-ueber-schmaehgesaenge-in-berlin-und-karlsruhe","status":"publish","type":"post","link":"https:\/\/www.europesays.com\/de\/1269504\/","title":{"rendered":"\u201eMich verletzt es\u201c \u2013 Fabian Reese \u00fcber Schm\u00e4hges\u00e4nge in Berlin und Karlsruhe"},"content":{"rendered":"<p class=\"text-black text-[17px] leading-7 font-normal font-merriweather\">\n              Ausw\u00e4rts in Berlin, ausw\u00e4rts in Karlsruhe: Fabian Reese d\u00fcrfte schon mit Beginn der Woche gewusst haben, was er zu erwarten hat. Dass der Montagabend mit dem VfL Wolfsburg im Stadion am Wurfplatz, nur wenige Meter von seiner ehemaligen Heimst\u00e4tte entfernt, erst der Aperitivo sein w\u00fcrde, hatte er nicht auf dem Radar.<\/p>\n<p>In der ersten Runde des <a href=\"https:\/\/www.berliner-zeitung.de\/category\/dfb-pokal\" rel=\"nofollow noopener\" target=\"_blank\">DFB-Pokals<\/a> musste sich Reese von den Berliner Fans einiges anh\u00f6ren. Wer wei\u00df, welche Schm\u00e4hungen er h\u00e4tte ertragen m\u00fcssen, wenn <a href=\"https:\/\/www.berliner-zeitung.de\/article\/vsg-altglienicke-sorgt-fuer-wolfsburger-pokal-blamage-bei-reese-rueckkehr-nach-berlin-10324407\" rel=\"nofollow noopener\" target=\"_blank\">sein Fehlschuss im Elfmeterschie\u00dfen gegen Regionalligist VSG Altglienicke<\/a> urs\u00e4chlich f\u00fcr ein fr\u00fches Aus im Wettbewerb gewesen w\u00e4re. So blieb zumindest die sportliche Genugtuung eines Sieges, als es am sp\u00e4ten Montagabend auf die R\u00fcckreise nach Wolfsburg ging.\n            <\/p>\n<p>            Fabian Reese in Karlsruhe kein gern gesehener Gast<\/p>\n<p class=\"text-black text-[17px] leading-7 font-normal font-merriweather\">\n              Aber: Nur f\u00fcnf Tage sp\u00e4ter folgte auf den Aperitivo von Berlin die Vorspeise in Karlsruhe. Im zweiten Gastspiel der Woche war Reese kein gern gesehener Gast. Wie schon im Pokal bekam der 28-J\u00e4hrige auch im Punktspiel in der 2. Bundesliga deutlich zu h\u00f6ren, was viele Fans von seinem Wechsel zum VfL halten. Den KSC und <a href=\"https:\/\/www.berliner-zeitung.de\/category\/hertha-bsc\" rel=\"nofollow noopener\" target=\"_blank\">Hertha BSC<\/a> verbindet eine der l\u00e4ngsten und engsten Fanfreundschaften im deutschen Fu\u00dfball \u2013 kein Wunder also, dass er sich w\u00e4hrend der gesamten Partie mit Schm\u00e4hges\u00e4ngen auseinandersetzen musste.<\/p>\n<p>Sportlich behielt Reese mit dem 5:2-Sieg des VfL ein zweites Mal die Oberhand. Dass diese Woche allerdings nicht spurlos an ihm vorbeigegangenen war, erz\u00e4hlte er nach dem Schlusspfiff am TV-Mikrofon ungew\u00f6hnlich offen. \u201eWenn ich ganz ehrlich sein darf\u201c, begann er und sprach anschlie\u00dfend dar\u00fcber, was die Pfiffe mit ihm machen. \u201eIch bin zwar nicht mehr ein blutjunger Fu\u00dfballer, aber 28 Jahre alt. Ich glaube, jeder sollte sich mal hinterfragen, wenn man von 30.000, 40.000 Menschen als 28-j\u00e4hriger Junge ausgepfiffen wird.\u201c<\/p>\n<p>Er wolle damit kein Mitleid erzeugen, betonte Reese, aber dennoch sagen, \u201ewas das mit einem macht. Mir tut es weh, mich verletzt es. Ich nehme das auch mit nach Hause.\u201c\n            <\/p>\n<p>              <a href=\"https:\/\/www.berliner-zeitung.de\/article\/10339586\" class=\"flex gap-4 items-start group\" rel=\"nofollow noopener\" target=\"_blank\"><\/p>\n<p>                    <img decoding=\"async\" src=\"https:\/\/www.europesays.com\/de\/wp-content\/uploads\/2026\/08\/b79ac478-1cf3-4a5d-93d8-4c5820481d6e.jpg\" alt=\"Das Hertha-Wunder hat den n\u00e4chsten Magier - Jon Thorsteinsson\" class=\"w-full h-full object-cover aspect-[3\/2]\"\/><\/p>\n<p>                        Hertha BSC<\/p>\n<p>                      Das Hertha-Wunder hat den n\u00e4chsten Magier &#8211; Jon Thorsteinsson<\/p>\n<p>              <\/a><\/p>\n<p class=\"text-black text-[17px] leading-7 font-normal font-merriweather\">\n              Ein bemerkenswert pers\u00f6nlicher Einblick eines Fu\u00dfballers, der in Berlin drei Jahre lang Publikumsliebling und zuletzt ein Jahr Kapit\u00e4n war und nun erleben muss, wie sich die Stimmung gegen ihn richtet.\u00a0Reese wei\u00df offenbar selbst, dass er daran wenig \u00e4ndern kann. \u201eEs ist, glaube ich, der Zahn der Zeit, schwarz oder wei\u00df\u201c, sagte er. Irgendwann m\u00fcsse man \u201eauch in die Zukunft schauen und das ad acta legen\u201c. Der Groll, der ihm entgegenschl\u00e4gt, bleibe f\u00fcr ihn trotzdem schmerzhaft.<\/p>\n<p>Gleichzeitig versucht Reese, die Situation professionell einzuordnen. \u201eWenn das aber ein Ventil ist f\u00fcr die Leute, damit sie besser gelaunt aus dem Stadion gehen, dann ist es meine Aufgabe, die ich gerne annehme\u201c, sagte er. Dann richtete er den Blick wieder auf das Wesentliche: \u201eWir haben 5:2 gewonnen. Wir haben sch\u00f6ne Tore geschossen, wir haben \u00fcberzeugend gewonnen und das freut mich.\u201c\n            <\/p>\n<p>            Anfang November kommt Reese ins Olympiastadion<\/p>\n<p class=\"text-black text-[17px] leading-7 font-normal font-merriweather\">\n              Der Hauptgang wartet allerdings noch. Am elften Spieltag, Anfang November, kommt Reese mit Wolfsburg ins Berliner Olympiastadion. Dann wird Reese erstmals seit seinem Abschied gegen Hertha BSC spielen, wieder dort auflaufen, wo er zum Gesicht des Klubs wurde und Hoffnungstr\u00e4ger f\u00fcr die R\u00fcckkehr in die Bundesliga war.<\/p>\n<p>Was ihn dort erwartet, hat sich bereits in dieser Woche abgezeichnet. Der Aperitivo in Berlin und die Vorspeise in Karlsruhe haben gezeigt, dass der Wechsel zum VfL Wolfsburg f\u00fcr einen Teil der Hertha-Anh\u00e4nger noch lange nicht abgehakt ist. Im Olympiastadion d\u00fcrfte f\u00fcr Reese Anfang November deshalb nicht nur der sportliche Teil im Mittelpunkt stehen.<\/p>\n<p>                    <img decoding=\"async\" src=\"https:\/\/www.berliner-zeitung.de\/images\/blz\/send-mail.svg\" alt=\"Send feedback\"\/><\/p>\n<p>Lesen Sie mehr zum Thema<\/p>\n","protected":false},"excerpt":{"rendered":"Ausw\u00e4rts in Berlin, ausw\u00e4rts in Karlsruhe: Fabian Reese d\u00fcrfte schon mit Beginn der Woche gewusst haben, was er&hellip;\n","protected":false},"author":2,"featured_media":1269505,"comment_status":"","ping_status":"","sticky":false,"template":"","format":"standard","meta":{"footnotes":"","_share_on_mastodon":"0"},"categories":[1844],"tags":[1634,296,3364,29,7970,30,8903,151148,169879,931,605],"class_list":["post-1269504","post","type-post","status-publish","format-standard","has-post-thumbnail","category-karlsruhe","tag-baden-wuerttemberg","tag-berlin","tag-de","tag-deutschland","tag-fabian-reese","tag-germany","tag-karlsruhe","tag-schmaehgesang","tag-schmaehung","tag-vfl-wolfsburg","tag-wolfsburg"],"share_on_mastodon":{"url":"https:\/\/pubeurope.com\/@de\/117184050437693511","error":""},"_links":{"self":[{"href":"https:\/\/www.europesays.com\/de\/wp-json\/wp\/v2\/posts\/1269504","targetHints":{"allow":["GET"]}}],"collection":[{"href":"https:\/\/www.europesays.com\/de\/wp-json\/wp\/v2\/posts"}],"about":[{"href":"https:\/\/www.europesays.com\/de\/wp-json\/wp\/v2\/types\/post"}],"author":[{"embeddable":true,"href":"https:\/\/www.europesays.com\/de\/wp-json\/wp\/v2\/users\/2"}],"replies":[{"embeddable":true,"href":"https:\/\/www.europesays.com\/de\/wp-json\/wp\/v2\/comments?post=1269504"}],"version-history":[{"count":0,"href":"https:\/\/www.europesays.com\/de\/wp-json\/wp\/v2\/posts\/1269504\/revisions"}],"wp:featuredmedia":[{"embeddable":true,"href":"https:\/\/www.europesays.com\/de\/wp-json\/wp\/v2\/media\/1269505"}],"wp:attachment":[{"href":"https:\/\/www.europesays.com\/de\/wp-json\/wp\/v2\/media?parent=1269504"}],"wp:term":[{"taxonomy":"category","embeddable":true,"href":"https:\/\/www.europesays.com\/de\/wp-json\/wp\/v2\/categories?post=1269504"},{"taxonomy":"post_tag","embeddable":true,"href":"https:\/\/www.europesays.com\/de\/wp-json\/wp\/v2\/tags?post=1269504"}],"curies":[{"name":"wp","href":"https:\/\/api.w.org\/{rel}","templated":true}]}}