{"id":1269512,"date":"2026-08-30T10:47:21","date_gmt":"2026-08-30T10:47:21","guid":{"rendered":"https:\/\/www.europesays.com\/de\/1269512\/"},"modified":"2026-08-30T10:47:21","modified_gmt":"2026-08-30T10:47:21","slug":"blitzer-in-bielefeld-an-diesen-strassen-wird-in-dieser-woche-kontrolliert","status":"publish","type":"post","link":"https:\/\/www.europesays.com\/de\/1269512\/","title":{"rendered":"Blitzer in Bielefeld: An diesen Stra\u00dfen wird in dieser Woche kontrolliert"},"content":{"rendered":"<p id=\"absatz1\" class=\"em_text\">Bielefeld. Von Montag bis Sonntag, 31. August bis 6. September, plant das Ordnungsamt der Stadt Bielefeld mobile Geschwindigkeitsmessungen in folgenden Stra\u00dfen:<\/p>\n<p>An dieser Hauptverkehrsstra\u00dfe in Bielefeld wird geblitzt<\/p>\n<p>An diesen weiteren Stra\u00dfen in Bielefeld wird zudem geblitzt<\/p>\n<ul>\n<li>Am Brodhagen<\/li>\n<li>\nAm Waldbad<\/li>\n<li>\nDingerdisser Heide<\/li>\n<li>\nDonauschwabenstra\u00dfe<\/li>\n<li>\nD\u00fcrerstra\u00dfe<\/li>\n<li>\nD\u00fcsseldorfer Stra\u00dfe<\/li>\n<li>\nElsa-Br\u00e4ndstr\u00f6m-Stra\u00dfe<\/li>\n<li>\nFriedhofstra\u00dfe<\/li>\n<li>\nGl\u00fcckst\u00e4dter Stra\u00dfe<\/li>\n<li>\nHauptstra\u00dfe<\/li>\n<li>\nMergenthaler Weg<\/li>\n<li>\nNelkenweg<\/li>\n<li>\nObere Hillegosser Stra\u00dfe<\/li>\n<li>\nRostocker Stra\u00dfe<\/li>\n<li>\nSchlo\u00dfhofstra\u00dfe<\/li>\n<li>\nSchuckertstra\u00dfe<\/li>\n<li>\nSiemensstra\u00dfe<\/li>\n<li>\nSommerstra\u00dfe<\/li>\n<li>\nSpiekeroogstra\u00dfe<\/li>\n<li>Stedefreunder Stra\u00dfe<\/li>\n<li>\nStieghorster Stra\u00dfe<\/li>\n<li>\nUbbedisser Stra\u00dfe<\/li>\n<li>\nWeststra\u00dfe<\/li>\n<li>\nWindelsbleicher Stra\u00dfe<\/li>\n<\/ul>\n<p class=\"em_text\">\u00c4nderungen und kurzfristige Anpassungen sind m\u00f6glich. Zudem ist im gesamten Stadtgebiet mit weiteren Messungen zu rechnen, die der Verkehrssicherheit dienen und unangepasstes Tempo eind\u00e4mmen sollen.<\/p>\n<p>\n        \u00d7\n    <\/p>\n<p>\n            Sie erhalten in wenigen Minuten eine E-Mail zur Best\u00e4tigung Ihrer Anmeldung.\n        <\/p>\n<p>Erst danach ist diese abgeschlossen.<\/p>\n<p>Bitte pr\u00fcfen Sie auch den Spam-Ordner.<\/p>\n<p>\n        \u00d7\n    <\/p>\n<p>\n            Sie haben bisher Ihre E-Mail-Adresse noch nicht best\u00e4tigt.\n        <\/p>\n<p>Erst danach ist diese abgeschlossen.<\/p>\n<p>Bitte pr\u00fcfen Sie auch den Spam-Ordner.<\/p>\n<p>\n        \u00d7\n    <\/p>\n<p>\n            Es ist einen Fehler aufgetreten\n        <\/p>\n<p>Bei Fragen hilft unser Newsletter-Support<\/p>\n<p> Newsletter<\/p>\n<p> Update zum Abend<\/p>\n<p>Informiert bleiben mit t\u00e4glichen News aus Bielefeld, OWL und der Welt.<\/p>\n<p>                Jetzt anmelden<\/p>\n<p id=\"absatz5\"><b class=\"bold\">Lesen Sie auch:<\/b> <a href=\"https:\/\/www.nw.de\/lokal\/bielefeld\/mitte\/24078322_Hochmoderne-Blitzersaeulen-in-Bielefeld-Das-sind-die-Standorte-im-Ueberblick.html\" rel=\"nofollow noopener\" target=\"_blank\">Hochmoderne Blitzers\u00e4ulen in Bielefeld: Das sind die Standorte im \u00dcberblick<\/a><\/p>\n<p>Feste Blitzer-Standorte in Bielefeld im \u00dcberblick<\/p>\n<p> Geschwindigkeitsverst\u00f6\u00dfe: Strafen f\u00fcr Tempos\u00fcnder<\/p>\n<p id=\"absatz6\" class=\"em_text\">\n","protected":false},"excerpt":{"rendered":"Bielefeld. Von Montag bis Sonntag, 31. August bis 6. September, plant das Ordnungsamt der Stadt Bielefeld mobile Geschwindigkeitsmessungen&hellip;\n","protected":false},"author":2,"featured_media":1269513,"comment_status":"","ping_status":"","sticky":false,"template":"","format":"standard","meta":{"footnotes":"","_share_on_mastodon":"0"},"categories":[1841],"tags":[9147,6027,1605,102404,3364,29,81547,211972,30,32139,63512,198079,736,26093,1613,1209],"class_list":["post-1269512","post","type-post","status-publish","format-standard","has-post-thumbnail","category-bielefeld","tag-blitzer","tag-ordnungsamt","tag-bielefeld","tag-cnt_top-artikel","tag-de","tag-deutschland","tag-duesseldorfer-strasse","tag-elsa-braendstroem-strasse","tag-germany","tag-geschwindigkeitsmessung","tag-hauptverkehrsstrasse","tag-meta_artikelklasse_seo","tag-meta_copyrights_nw","tag-meta_themen_verkehr_mobilitaet","tag-meta_userneeds_informieremich","tag-nordrhein-westfalen"],"share_on_mastodon":{"url":"","error":""},"_links":{"self":[{"href":"https:\/\/www.europesays.com\/de\/wp-json\/wp\/v2\/posts\/1269512","targetHints":{"allow":["GET"]}}],"collection":[{"href":"https:\/\/www.europesays.com\/de\/wp-json\/wp\/v2\/posts"}],"about":[{"href":"https:\/\/www.europesays.com\/de\/wp-json\/wp\/v2\/types\/post"}],"author":[{"embeddable":true,"href":"https:\/\/www.europesays.com\/de\/wp-json\/wp\/v2\/users\/2"}],"replies":[{"embeddable":true,"href":"https:\/\/www.europesays.com\/de\/wp-json\/wp\/v2\/comments?post=1269512"}],"version-history":[{"count":0,"href":"https:\/\/www.europesays.com\/de\/wp-json\/wp\/v2\/posts\/1269512\/revisions"}],"wp:featuredmedia":[{"embeddable":true,"href":"https:\/\/www.europesays.com\/de\/wp-json\/wp\/v2\/media\/1269513"}],"wp:attachment":[{"href":"https:\/\/www.europesays.com\/de\/wp-json\/wp\/v2\/media?parent=1269512"}],"wp:term":[{"taxonomy":"category","embeddable":true,"href":"https:\/\/www.europesays.com\/de\/wp-json\/wp\/v2\/categories?post=1269512"},{"taxonomy":"post_tag","embeddable":true,"href":"https:\/\/www.europesays.com\/de\/wp-json\/wp\/v2\/tags?post=1269512"}],"curies":[{"name":"wp","href":"https:\/\/api.w.org\/{rel}","templated":true}]}}