{"id":1269548,"date":"2026-08-30T11:13:17","date_gmt":"2026-08-30T11:13:17","guid":{"rendered":"https:\/\/www.europesays.com\/de\/1269548\/"},"modified":"2026-08-30T11:13:17","modified_gmt":"2026-08-30T11:13:17","slug":"liveticker-zum-nachlesen-arminia-bielefeld-unterliegt-14-beim-1-fc-nuernberg","status":"publish","type":"post","link":"https:\/\/www.europesays.com\/de\/1269548\/","title":{"rendered":"Liveticker zum Nachlesen: Arminia Bielefeld unterliegt 1:4 beim 1. FC N\u00fcrnberg"},"content":{"rendered":"<ul>\n<li>\n<b class=\"bold\">Startaufstellung N\u00fcrnberg: <\/b>Ja. Reichert &#8211; Janisch, Kalogeropoulos, Mandic, Porstner &#8211; Markhiev, Fernandez, Becker &#8211; Justvan, Scobel, Zoma<\/li>\n<li>\n<b class=\"bold\">Startaufstellung<\/b> <b class=\"bold\">Arminia:<\/b> Kersken &#8211; Koudossou, Bauer, Gro\u00dfer, Handwerker &#8211; Russo &#8211; Schreck, Mehlem &#8211; Momuluh, Grodowski, Rochelt<\/li>\n<li>\n<b class=\"bold\">Es fehlten:<\/b> Schneider (Muskelverletzung), Hagmann (H\u00fcftbeuger), Richter (Aufbautraining nach Kreuzbandriss)<\/li>\n<li>\n<b class=\"bold\">Schiedsrichter:<\/b> Geleitet wurde die Begegnung vom Unparteiischen Patrick Schwengers aus Frankfurt\/Main.<\/li>\n<\/ul>\n<p>N\u00fcrnberg zu stark f\u00fcr Arminia Bielefeld<\/p>\n<p class=\"em_text\">Der 1. FC N\u00fcrnberg hat die Tabellenf\u00fchrung in der 2. Fu\u00dfball-Bundesliga problemlos verteidigt. Das Team von Trainer Miroslav Klose fertigte Arminia Bielefeld nach einer starken Vorstellung mit 4:1 (3:0) ab und startete erstmals seit 27 Jahren mit drei Siegen in eine Saison.<\/p>\n<p id=\"absatz2\" class=\"em_text\">Tore von Mohamed Al\u00ec Zoma (11.), Tim Janisch (22.) und Adam Markhiev (38.\/67.) sorgten f\u00fcr klare Verh\u00e4ltnisse. F\u00fcr die Arminia traf Marius W\u00f6rl (76.) spektakul\u00e4r per Lupfer aus 40 Metern. (sid\/nw)<\/p>\n<p>Liveticker zum Nachlesen<br \/>\n Alle Infos vor dem Spiel<\/p>\n","protected":false},"excerpt":{"rendered":"Startaufstellung N\u00fcrnberg: Ja. Reichert &#8211; Janisch, Kalogeropoulos, Mandic, Porstner &#8211; Markhiev, Fernandez, Becker &#8211; Justvan, Scobel, Zoma Startaufstellung&hellip;\n","protected":false},"author":2,"featured_media":1269549,"comment_status":"","ping_status":"","sticky":false,"template":"","format":"standard","meta":{"footnotes":"","_share_on_mastodon":"0"},"categories":[1837],"tags":[783,2368,772,3364,29,30,4281,732,1611,16345,2379,2377,16344,198343,2381,229797,2380,1613,3783,16343,12534,9144],"class_list":["post-1269548","post","type-post","status-publish","format-standard","has-post-thumbnail","category-nuernberg","tag-1-fc-nuernberg","tag-arminia-bielefeld","tag-bayern","tag-de","tag-deutschland","tag-germany","tag-label_arminia","tag-label_frei","tag-label_informiere-mich","tag-label_liveticker","tag-label_push","tag-label_startseite","tag-label_ticker","tag-meta_artikelklasse_aboanker","tag-meta_copyrights_rgowl_freier_mitarbeiter","tag-meta_prio_1","tag-meta_themen_arminia_bielefeld","tag-meta_userneeds_informieremich","tag-nuernberg","tag-russo","tag-startaufstellung","tag-tim-janisch"],"share_on_mastodon":{"url":"https:\/\/pubeurope.com\/@de\/117184168858964368","error":""},"_links":{"self":[{"href":"https:\/\/www.europesays.com\/de\/wp-json\/wp\/v2\/posts\/1269548","targetHints":{"allow":["GET"]}}],"collection":[{"href":"https:\/\/www.europesays.com\/de\/wp-json\/wp\/v2\/posts"}],"about":[{"href":"https:\/\/www.europesays.com\/de\/wp-json\/wp\/v2\/types\/post"}],"author":[{"embeddable":true,"href":"https:\/\/www.europesays.com\/de\/wp-json\/wp\/v2\/users\/2"}],"replies":[{"embeddable":true,"href":"https:\/\/www.europesays.com\/de\/wp-json\/wp\/v2\/comments?post=1269548"}],"version-history":[{"count":0,"href":"https:\/\/www.europesays.com\/de\/wp-json\/wp\/v2\/posts\/1269548\/revisions"}],"wp:featuredmedia":[{"embeddable":true,"href":"https:\/\/www.europesays.com\/de\/wp-json\/wp\/v2\/media\/1269549"}],"wp:attachment":[{"href":"https:\/\/www.europesays.com\/de\/wp-json\/wp\/v2\/media?parent=1269548"}],"wp:term":[{"taxonomy":"category","embeddable":true,"href":"https:\/\/www.europesays.com\/de\/wp-json\/wp\/v2\/categories?post=1269548"},{"taxonomy":"post_tag","embeddable":true,"href":"https:\/\/www.europesays.com\/de\/wp-json\/wp\/v2\/tags?post=1269548"}],"curies":[{"name":"wp","href":"https:\/\/api.w.org\/{rel}","templated":true}]}}