{"id":1269560,"date":"2026-08-30T11:20:17","date_gmt":"2026-08-30T11:20:17","guid":{"rendered":"https:\/\/www.europesays.com\/de\/1269560\/"},"modified":"2026-08-30T11:20:17","modified_gmt":"2026-08-30T11:20:17","slug":"pol-hb-nr-0570-verletzte-nach-auseinandersetzung-im-viertel","status":"publish","type":"post","link":"https:\/\/www.europesays.com\/de\/1269560\/","title":{"rendered":"POL-HB: Nr.: 0570 &#8211;Verletzte nach Auseinandersetzung im Viertel&#8211;"},"content":{"rendered":"<p class=\"date\">30.08.2026 \u2013 13:01<\/p>\n<p class=\"customer\">\n                        <a class=\"story-customer\" title=\"weiter zum newsroom von Polizei Bremen\" href=\"https:\/\/www.presseportal.de\/blaulicht\/nr\/35235\" rel=\"nofollow noopener\" target=\"_blank\">Polizei Bremen<\/a>\n                    <\/p>\n<p><a data-category=\"citylink-story-view\" data-action=\"click\" data-label=\"Citylink in Meldungsansicht\" class=\"story-city event-trigger\" href=\"https:\/\/www.presseportal.de\/regional\/Bremen\" title=\"News aus Bremen \" rel=\"nofollow noopener\" target=\"_blank\">Bremen<\/a> (ots)<\/p>\n<p>   -Ort: \tBremen-\u00d6stliche Vorstadt, OT Steintor, Vor dem Steintor<br \/>\nZeit: \t28.08.2026, 23:10 Uhr<\/p>\n<p>In der Nacht von Freitag auf Samstag kam es zu einer k\u00f6rperlichen Auseinandersetzung zwischen mehreren Personen im Steintorviertel. Dabei wurden zwei junge M\u00e4nner im Alter von 20 und 21 Jahren mit einem Messer schwer verletzt.<\/p>\n<p>Gegen 23:10 Uhr wurden Einsatzkr\u00e4fte zu einem Lokal in die Stra\u00dfe Vor dem Steintor gerufen, da es dort laut Zeugen zu einer Auseinandersetzung mit einem Messer gekommen sein sollte. Mehrere Streifenwagen waren schnell vor Ort, sicherten den Bereich ab und trafen auf die beiden 20- und 21-J\u00e4hrigen. Der \u00c4ltere hatte mehrere Stichverletzungen im Oberk\u00f6rper, der Zweite Schnittverletzungen am Arm. Die Einsatzkr\u00e4fte leisteten umgehend Erste Hilfe, Rettungskr\u00e4fte brachten sie in Krankenh\u00e4user. Lebensgefahr bestand nicht. Im Zuge der Sachverhaltsaufnahme stellte sich ein 26-j\u00e4hriger Verd\u00e4chtiger, der angab, dass er zuvor Streit mit den beiden jungen M\u00e4nnern hatte.<br \/>\nDabei sei es um den Sitzplatz an einem Spielautomaten gegangen.<\/p>\n<p>Auch er wurde zun\u00e4chst aufgrund seiner Kopfverletzungen in ein Krankenhaus gebracht. Die Polizisten fertigten eine Strafanzeige. Die weiteren Ermittlungen dauern an.<\/p>\n<p class=\"contact-headline\">R\u00fcckfragen bitte an:<\/p>\n<p class=\"contact-text\">Pressestelle Polizei Bremen<br \/>Bastian Demann<br \/>Telefon: 0421 362-12114<br \/><a target=\"_blank\" class=\"uri-ext outbound\" rel=\"noopener nofollow\" href=\"http:\/\/www.polizei.bremen.de\">http:\/\/www.polizei.bremen.de<\/a><br \/><a target=\"_blank\" class=\"uri-ext outbound\" rel=\"noopener nofollow\" href=\"http:\/\/www.polizei-beratung.de\">http:\/\/www.polizei-beratung.de<\/a><\/p>\n<p class=\"originator\">Original-Content von: Polizei Bremen, \u00fcbermittelt durch news aktuell<\/p>\n","protected":false},"excerpt":{"rendered":"30.08.2026 \u2013 13:01 Polizei Bremen Bremen (ots) -Ort: Bremen-\u00d6stliche Vorstadt, OT Steintor, Vor dem Steintor Zeit: 28.08.2026, 23:10&hellip;\n","protected":false},"author":2,"featured_media":1266941,"comment_status":"","ping_status":"","sticky":false,"template":"","format":"standard","meta":{"footnotes":"","_share_on_mastodon":"0"},"categories":[1824],"tags":[2420,3364,29,30,7309,177,5404,121,178,180,179,181],"class_list":["post-1269560","post","type-post","status-publish","format-standard","has-post-thumbnail","category-bremen","tag-bremen","tag-de","tag-deutschland","tag-germany","tag-hb","tag-kriminalitt","tag-ni","tag-polizei","tag-presse","tag-pressemeldung","tag-pressemitteilung","tag-pressemitteilungen"],"share_on_mastodon":{"url":"https:\/\/pubeurope.com\/@de\/117184196078426791","error":""},"_links":{"self":[{"href":"https:\/\/www.europesays.com\/de\/wp-json\/wp\/v2\/posts\/1269560","targetHints":{"allow":["GET"]}}],"collection":[{"href":"https:\/\/www.europesays.com\/de\/wp-json\/wp\/v2\/posts"}],"about":[{"href":"https:\/\/www.europesays.com\/de\/wp-json\/wp\/v2\/types\/post"}],"author":[{"embeddable":true,"href":"https:\/\/www.europesays.com\/de\/wp-json\/wp\/v2\/users\/2"}],"replies":[{"embeddable":true,"href":"https:\/\/www.europesays.com\/de\/wp-json\/wp\/v2\/comments?post=1269560"}],"version-history":[{"count":0,"href":"https:\/\/www.europesays.com\/de\/wp-json\/wp\/v2\/posts\/1269560\/revisions"}],"wp:featuredmedia":[{"embeddable":true,"href":"https:\/\/www.europesays.com\/de\/wp-json\/wp\/v2\/media\/1266941"}],"wp:attachment":[{"href":"https:\/\/www.europesays.com\/de\/wp-json\/wp\/v2\/media?parent=1269560"}],"wp:term":[{"taxonomy":"category","embeddable":true,"href":"https:\/\/www.europesays.com\/de\/wp-json\/wp\/v2\/categories?post=1269560"},{"taxonomy":"post_tag","embeddable":true,"href":"https:\/\/www.europesays.com\/de\/wp-json\/wp\/v2\/tags?post=1269560"}],"curies":[{"name":"wp","href":"https:\/\/api.w.org\/{rel}","templated":true}]}}