{"id":1269571,"date":"2026-08-30T11:28:16","date_gmt":"2026-08-30T11:28:16","guid":{"rendered":"https:\/\/www.europesays.com\/de\/1269571\/"},"modified":"2026-08-30T11:28:16","modified_gmt":"2026-08-30T11:28:16","slug":"duesseldorf-duesseldorf-feiern-unter-theodor-heuss-bruecke","status":"publish","type":"post","link":"https:\/\/www.europesays.com\/de\/1269571\/","title":{"rendered":"D\u00fcsseldorf: D\u00fcsseldorf feiern unter Theodor-Heuss-Br\u00fccke"},"content":{"rendered":"<p class=\"text_ohne_einzug richtext text-em-55 !leading-serif mx-6 desktop:mx-0\">Unter der <a href=\"https:\/\/rp-online.de\/thema\/theodor-heuss-bruecke\/\" rel=\"nofollow noopener\" target=\"_blank\">Theodor-Heuss-Br\u00fccke<\/a> ist man vor dem Regen sicher. Das zeigte sich am Wochenende beim Golzheim-Fest, als die Besucherinnen und Besucher w\u00e4hrend kurzer Schauer einfach n\u00e4her zusammenr\u00fcckten. Ansonsten bot das Nachbarschaftsfest alles, was zu einem gelungenen Sommerwochenende geh\u00f6rt: DJ-Sets zum Auftakt, Live-Musik, Essen und Trinken sowie am Sonntag den traditionellen Tr\u00f6delmarkt auf der gro\u00dfen Wiese unterhalb der Cecilienallee.<\/p>\n","protected":false},"excerpt":{"rendered":"Unter der Theodor-Heuss-Br\u00fccke ist man vor dem Regen sicher. Das zeigte sich am Wochenende beim Golzheim-Fest, als die&hellip;\n","protected":false},"author":2,"featured_media":1269572,"comment_status":"","ping_status":"","sticky":false,"template":"","format":"standard","meta":{"footnotes":"","_share_on_mastodon":"0"},"categories":[1831],"tags":[5564,6329,600,3364,29,3405,48814,4115,26094,30,14076,107355,27897,4006,1209,18688],"class_list":["post-1269571","post","type-post","status-publish","format-standard","has-post-thumbnail","category-duesseldorf","tag-air","tag-band","tag-bruecke","tag-de","tag-deutschland","tag-duesseldorf","tag-ehrenamtlich","tag-event","tag-food","tag-germany","tag-golzheim","tag-golzheimfest","tag-heuss","tag-live","tag-nordrhein-westfalen","tag-theodor"],"share_on_mastodon":{"url":"","error":""},"_links":{"self":[{"href":"https:\/\/www.europesays.com\/de\/wp-json\/wp\/v2\/posts\/1269571","targetHints":{"allow":["GET"]}}],"collection":[{"href":"https:\/\/www.europesays.com\/de\/wp-json\/wp\/v2\/posts"}],"about":[{"href":"https:\/\/www.europesays.com\/de\/wp-json\/wp\/v2\/types\/post"}],"author":[{"embeddable":true,"href":"https:\/\/www.europesays.com\/de\/wp-json\/wp\/v2\/users\/2"}],"replies":[{"embeddable":true,"href":"https:\/\/www.europesays.com\/de\/wp-json\/wp\/v2\/comments?post=1269571"}],"version-history":[{"count":0,"href":"https:\/\/www.europesays.com\/de\/wp-json\/wp\/v2\/posts\/1269571\/revisions"}],"wp:featuredmedia":[{"embeddable":true,"href":"https:\/\/www.europesays.com\/de\/wp-json\/wp\/v2\/media\/1269572"}],"wp:attachment":[{"href":"https:\/\/www.europesays.com\/de\/wp-json\/wp\/v2\/media?parent=1269571"}],"wp:term":[{"taxonomy":"category","embeddable":true,"href":"https:\/\/www.europesays.com\/de\/wp-json\/wp\/v2\/categories?post=1269571"},{"taxonomy":"post_tag","embeddable":true,"href":"https:\/\/www.europesays.com\/de\/wp-json\/wp\/v2\/tags?post=1269571"}],"curies":[{"name":"wp","href":"https:\/\/api.w.org\/{rel}","templated":true}]}}