{"id":1269592,"date":"2026-08-30T11:40:21","date_gmt":"2026-08-30T11:40:21","guid":{"rendered":"https:\/\/www.europesays.com\/de\/1269592\/"},"modified":"2026-08-30T11:40:21","modified_gmt":"2026-08-30T11:40:21","slug":"illegales-rennen-in-hamburg-18-jaehriger-kracht-mit-bmw-cabrio-in-hauswand","status":"publish","type":"post","link":"https:\/\/www.europesays.com\/de\/1269592\/","title":{"rendered":"Illegales Rennen in Hamburg: 18-J\u00e4hriger kracht mit BMW-Cabrio in Hauswand"},"content":{"rendered":"<p>Offenbar illegales Rennen <\/p>\n<p>18-J\u00e4hriger kracht mit BMW-Cabrio in Hauswand<\/p>\n<p>30.08.2026 &#8211; 13:29 UhrLesedauer: 2 Min.<\/p>\n<p><a href=\"#focus-0\" class=\"transition-colors block text-current relative\" data-sctrack=\"FocusGalleryImage.Reference\"><img fetchpriority=\"high\" data-testid=\"Opener.Image\"   loading=\"eager\" src=\"https:\/\/www.europesays.com\/de\/wp-content\/uploads\/2026\/08\/1788090020_682_image.jpg\" alt=\"Der besch\u00e4digte BMW an der Unfallstelle in Hamburg-Harburg.\" title=\"Der besch\u00e4digte BMW an der Unfallstelle in Hamburg-Harburg.\" width=\"1920\" height=\"1080\" class=\"bg-[url:var(--lqipURL)] bg-cover bg-center flex h-full w-full max-w-full\" style=\"--lqipURL:url('https:\/\/images.t-online.de\/2026\/08\/UnO8uLjNKH9w\/0x0:1920x1080\/fit-in\/150x0\/filters:blur(25)\/image.jpg')\" decoding=\"async\"\/><img loading=\"lazy\" src=\"https:\/\/www.t-online.de\/s\/paper\/_next\/static\/media\/zoom-in.f7dae02f.svg\" alt=\"Vergr\u00f6\u00dfern des Bildes\" title=\"Vergr\u00f6\u00dfern des Bildes\" class=\"block h-[calc(var(--height)_\/_16_*_1rem)] w-[calc(var(--width)_\/_16_*_1rem)] max-w-none absolute right-8 bottom-8 rounded-4 bg-snow p-8\" style=\"--width:32;--height:32\" decoding=\"async\"\/><\/a><\/p>\n<p>Der besch\u00e4digte BMW an der Unfallstelle in Hamburg-Harburg. (Quelle: NonstopNews)<\/p>\n<p><img loading=\"lazy\" src=\"https:\/\/www.t-online.de\/s\/paper\/_next\/static\/media\/audio-volume.6689034c.svg\" alt=\"\" title=\"\" class=\"block h-[calc(var(--height)_\/_16_*_1rem)] w-[calc(var(--width)_\/_16_*_1rem)] max-w-none group-hover:brightness-0 group-hover:invert\" style=\"--width:16;--height:16\" decoding=\"async\"\/>Vorlesen<\/p>\n<p>Aktuelle Zeit:0:00Gesamtdauer:0:00<\/p>\n<p>1x<img loading=\"lazy\" src=\"https:\/\/www.t-online.de\/s\/paper\/_next\/static\/media\/font-sizes.32942e33.svg\" alt=\"\" title=\"\" class=\"block h-[calc(var(--height)_\/_16_*_1rem)] w-[calc(var(--width)_\/_16_*_1rem)] max-w-none group-hover:hidden group-aria-expanded:hidden\" style=\"--width:16;--height:16\" decoding=\"async\"\/><img loading=\"lazy\" src=\"https:\/\/www.t-online.de\/s\/paper\/_next\/static\/media\/font-sizes-dark-mode.e382645c.svg\" alt=\"\" title=\"\" class=\"block h-[calc(var(--height)_\/_16_*_1rem)] w-[calc(var(--width)_\/_16_*_1rem)] max-w-none hidden group-hover:block group-aria-expanded:block\" style=\"--width:16;--height:16\" decoding=\"async\"\/><img loading=\"lazy\" src=\"https:\/\/www.t-online.de\/s\/paper\/_next\/static\/media\/sharing-menu-icon.1eb71368.svg\" alt=\"\" title=\"\" class=\"block h-[calc(var(--height)_\/_16_*_1rem)] w-[calc(var(--width)_\/_16_*_1rem)] max-w-none group-hover:brightness-0 group-hover:invert\" style=\"--width:16;--height:16\" decoding=\"async\"\/>Artikel teilen<\/p>\n<p class=\"font-bold text-18 leading-17 user-text-lg:text-22 user-text-xl:text-24\">Mehrere Autos fahren nachts offenbar mit hoher Geschwindigkeit durch Hamburg-Harburg. Dann verliert ein 18-J\u00e4hriger die Kontrolle \u00fcber seinen BMW \u2013 und kracht in ein Wohnhaus.<\/p>\n<p class=\"text-18 leading-17 user-text-lg:text-22 user-text-xl:text-24\">In Hamburger Stadtteil Harburg ist ein 18-J\u00e4hriger in der Nacht zu Sonntag mit einem BMW-Cabrio gegen die Fassade eines Mehrfamilienhauses geprallt. Zu dem Unfall kam es gegen 0.20 Uhr. Nach Angaben der Polizei war der Wagen zuvor aus Richtung Harburger Ring gekommen. Der <a href=\"https:\/\/www.t-online.de\/themen\/bmw\/\" class=\"transition-colors cursor-pointer no-underline md:hover:text-magenta md:focus:text-magenta border-b border-solid border-current text-salemsfur md:hover:border-magenta\" data-tracking=\"{&quot;action&quot;:&quot;click&quot;,&quot;category&quot;:&quot;intextLink&quot;,&quot;label&quot;:&quot;\/themen\/bmw\/&quot;}\" data-sctrack=\"BodyAnchor\" rel=\"nofollow noopener\" target=\"_blank\">BMW<\/a> fuhr \u00fcber den Gehweg und krachte anschlie\u00dfend gegen das Geb\u00e4ude.<\/p>\n<p class=\"text-18 leading-17 user-text-lg:text-22 user-text-xl:text-24\">Der Fahrer und sein Beifahrer wurden verletzt und zur Behandlung in ein Krankenhaus gebracht. Die Polizei pr\u00fcft, ob der Unfall im Zusammenhang mit einem illegalen <a href=\"https:\/\/www.t-online.de\/themen\/autorennen\/\" class=\"transition-colors cursor-pointer no-underline md:hover:text-magenta md:focus:text-magenta border-b border-solid border-current text-salemsfur md:hover:border-magenta\" data-tracking=\"{&quot;action&quot;:&quot;click&quot;,&quot;category&quot;:&quot;intextLink&quot;,&quot;label&quot;:&quot;\/themen\/autorennen\/&quot;}\" data-sctrack=\"BodyAnchor\" rel=\"nofollow noopener\" target=\"_blank\">Autorennen<\/a> steht.<\/p>\n<p>Zeugen beobachten mehrere schnelle Autos<\/p>\n<p class=\"text-18 leading-17 user-text-lg:text-22 user-text-xl:text-24\">Mehrere Zeugen hatten vor dem Unfall Fahrzeuge beobachtet, die mit offenbar erh\u00f6hter Geschwindigkeit \u00fcber den Harburger Ring fuhren. Nach bisherigen Erkenntnissen bogen mindestens zwei der Wagen in die Knoopstra\u00dfe ein, berichtet die Nachrichtenagentur NonstopNews.<\/p>\n<ul class=\"text-18 leading-17 block pl-24 *:pb-16 *:before:inline-block *:before:size-8 *:before:bg-magenta *:before:mt-0 *:before:mr-12 *:before:mb-2 *:before:-ml-[20px]\">\n<li><strong class=\"font-bold\">Frau stirbt nach Angriff:<\/strong> <a href=\"https:\/\/www.t-online.de\/nachrichten\/panorama\/kriminalitaet\/id_101411600\/messerangriff-in-rosenheim-31-jaehrige-stirbt-27-jaehriger-festgenommen.html\" class=\"transition-colors cursor-pointer no-underline md:hover:text-magenta md:focus:text-magenta border-b border-solid border-current text-salemsfur md:hover:border-magenta\" data-tracking=\"{&quot;action&quot;:&quot;click&quot;,&quot;category&quot;:&quot;intextLink&quot;,&quot;label&quot;:&quot;\/nachrichten\/panorama\/kriminalitaet\/id_101411600\/messerangriff-in-rosenheim-31-jaehrige-stirbt-27-jaehriger-festgenommen.html&quot;}\" data-sctrack=\"BodyAnchor\" rel=\"nofollow noopener\" target=\"_blank\">Mann attackiert Frau mit Messer am Bahnhof in Bayern<\/a><\/li>\n<\/ul>\n<p class=\"text-18 leading-17 user-text-lg:text-22 user-text-xl:text-24\">Eine Zeugin gab laut Polizei an, das BMW-Cabrio sei mit mutma\u00dflich \u00fcberh\u00f6hter Geschwindigkeit an ihr vorbeigefahren. Weitere Aussagen deuteten auf ein m\u00f6gliches Rennen mit einem zweiten Auto hin. Dieses Fahrzeug entdeckte die Polizei sp\u00e4ter auf der gegen\u00fcberliegenden Stra\u00dfenseite. Der Fahrer soll ebenfalls 18 Jahre alt sein.<\/p>\n<p>Statiker pr\u00fcft besch\u00e4digte Hauswand<\/p>\n<p class=\"text-18 leading-17 user-text-lg:text-22 user-text-xl:text-24\">Durch den Aufprall wurde die Au\u00dfenwand des Mehrfamilienhauses erheblich besch\u00e4digt. Feuerwehr und Technisches Hilfswerk \u00fcberpr\u00fcften deshalb die Bausubstanz. Ein hinzugezogener Statiker kam nach den vorliegenden Angaben zu dem Ergebnis, dass keine Einsturzgefahr bestand und das Geb\u00e4ude wieder freigegeben werden konnte. Die Feuerwehr nahm zudem ausgelaufene Betriebsstoffe auf.<\/p>\n<p>Polizei beschlagnahmt BMW und ein zweites Auto<\/p>\n<p class=\"text-18 leading-17 user-text-lg:text-22 user-text-xl:text-24\">Der Verkehrsunfalldienst der Polizei \u00fcbernahm die Spurensicherung und die weiteren Ermittlungen. Nach R\u00fccksprache mit der Staatsanwaltschaft wurden der BMW und das mutma\u00dflich beteiligte zweite Auto beschlagnahmt.<\/p>\n<p class=\"text-18 leading-17 user-text-lg:text-22 user-text-xl:text-24\">Gegen die Beteiligten wird wegen des Verdachts auf ein illegales Kraftfahrzeugrennen ermittelt. Zudem pr\u00fcft die Polizei, ob Alkohol oder Drogen eine Rolle gespielt haben k\u00f6nnten.<\/p>\n","protected":false},"excerpt":{"rendered":"Offenbar illegales Rennen 18-J\u00e4hriger kracht mit BMW-Cabrio in Hauswand 30.08.2026 &#8211; 13:29 UhrLesedauer: 2 Min. Der besch\u00e4digte BMW&hellip;\n","protected":false},"author":2,"featured_media":1269593,"comment_status":"","ping_status":"","sticky":false,"template":"","format":"standard","meta":{"footnotes":"","_share_on_mastodon":"0"},"categories":[1826],"tags":[1434,513,374,29,514,985,30,692,4979,5993,23823,121,3793],"class_list":["post-1269592","post","type-post","status-publish","format-standard","has-post-thumbnail","category-hamburg","tag-1434","tag-auto","tag-bmw","tag-deutschland","tag-fahrzeug","tag-feuerwehr","tag-germany","tag-hamburg","tag-hamburg-harburg","tag-harburg","tag-hauswand","tag-polizei","tag-unfallstelle"],"share_on_mastodon":{"url":"","error":""},"_links":{"self":[{"href":"https:\/\/www.europesays.com\/de\/wp-json\/wp\/v2\/posts\/1269592","targetHints":{"allow":["GET"]}}],"collection":[{"href":"https:\/\/www.europesays.com\/de\/wp-json\/wp\/v2\/posts"}],"about":[{"href":"https:\/\/www.europesays.com\/de\/wp-json\/wp\/v2\/types\/post"}],"author":[{"embeddable":true,"href":"https:\/\/www.europesays.com\/de\/wp-json\/wp\/v2\/users\/2"}],"replies":[{"embeddable":true,"href":"https:\/\/www.europesays.com\/de\/wp-json\/wp\/v2\/comments?post=1269592"}],"version-history":[{"count":0,"href":"https:\/\/www.europesays.com\/de\/wp-json\/wp\/v2\/posts\/1269592\/revisions"}],"wp:featuredmedia":[{"embeddable":true,"href":"https:\/\/www.europesays.com\/de\/wp-json\/wp\/v2\/media\/1269593"}],"wp:attachment":[{"href":"https:\/\/www.europesays.com\/de\/wp-json\/wp\/v2\/media?parent=1269592"}],"wp:term":[{"taxonomy":"category","embeddable":true,"href":"https:\/\/www.europesays.com\/de\/wp-json\/wp\/v2\/categories?post=1269592"},{"taxonomy":"post_tag","embeddable":true,"href":"https:\/\/www.europesays.com\/de\/wp-json\/wp\/v2\/tags?post=1269592"}],"curies":[{"name":"wp","href":"https:\/\/api.w.org\/{rel}","templated":true}]}}