{"id":1269596,"date":"2026-08-30T11:42:13","date_gmt":"2026-08-30T11:42:13","guid":{"rendered":"https:\/\/www.europesays.com\/de\/1269596\/"},"modified":"2026-08-30T11:42:13","modified_gmt":"2026-08-30T11:42:13","slug":"yalla-yalla-intifada-offener-judenhass-im-wahlkampf-der-neukoellner-linken","status":"publish","type":"post","link":"https:\/\/www.europesays.com\/de\/1269596\/","title":{"rendered":"\u201eYalla Yalla Intifada\u201c: Offener Judenhass im Wahlkampf der Neuk\u00f6llner Linken"},"content":{"rendered":"<p class=\"tspCJpg tspCJph\">Auf einer Wahlkampfkundgebung der Linken Neuk\u00f6lln ist es am Samstagabend zu Gewaltaufrufen gegen den Staat Israel und Angeh\u00f6rige des israelischen Milit\u00e4rs gekommen.<\/p>\n<p class=\"tspCJpg\">Formuliert hat die Aussagen der auf Einladung der Linken aufgetretene Rapper Dahabflex. Kurz vor dem Ende der Versammlung pr\u00e4sentierte er den Song \u201eStop the Genocide\u201c (Stoppt den V\u00f6lkermord). Darin hei\u00dft es unter anderem \u201eYalla Yalla Intifada Westbank, Pal\u00e4stina, Gaza\u201c sowie \u201eDeath to the IDF\u201c (Tod der israelischen Armee).<\/p>\n<p class=\"tspCJpg\">Beide Slogans wurden von Dahabflex deutlich erkennbar und wiederholt vorgetragen. Sie gelten als klare Gewaltaufrufe gegen den Staat Israel, dessen Einwohner und Mitglieder der israelischen Streitkr\u00e4fte (IDF).<\/p>\n<p> Besucher tanzen zum Israelhass <\/p>\n<p class=\"tspCJpg\">W\u00e4hrend des Songs tanzten zahlreiche, mehrheitlich jugendliche Besucher der Kundgebung und sangen den Text mit. Eine Pal\u00e4stina-Flagge wurde geschwungen, einzelne Besucher vermummten sich.<\/p>\n<p class=\"tspCJpg\">Unmittelbar nach dem Auftritt zeigte sich Hermann Nehls auf der B\u00fchne, der Co-Vorsitzende der Linken Neuk\u00f6lln. Er war zu diesem Zeitpunkt also anwesend, unternahm aber nichts. Eine Einordnung oder Distanzierung der Textpassagen erfolgte durch keines der anwesenden Mitglieder der Linken Neuk\u00f6lln unmittelbar im Anschluss an den Auftritt.<\/p>\n<p class=\"tspCJpg\">Der Begriff \u201eIntifada\u201c hei\u00dft w\u00f6rtlich \u201eabsch\u00fctteln\u201c, bezeichnet aber vor allem die gewaltsamen und auf beiden Seiten t\u00f6dlichen Aufst\u00e4nde der pal\u00e4stinensischen Bev\u00f6lkerung gegen die israelische Besatzung in den Jahren 1987 bis 1993 (erste Intifada) und 2000 bis 2005 (zweite Intifada).<\/p>\n<p class=\"tspCJpg\">Durch Attacken und Selbstmordanschl\u00e4ge wurden dabei mehr als 1000 Israelis get\u00f6tet. Die Zahl der durch das israelische Milit\u00e4r get\u00f6teten Pal\u00e4stinenser lag um ein Vielfaches h\u00f6her. Kombiniert mit dem Aufruf \u201eYalla\u201c \u2013 arabisch f\u00fcr \u201eLos\u201c oder \u201eLos geht\u2019s\u201c\u00a0\u2013 stellt die Parole einen eindeutigen Gewaltaufruf dar.<\/p>\n<p> Linke spricht von 1000 G\u00e4sten <\/p>\n<p class=\"tspCJpg\">Der Auftritt des wegen seiner politischen Statements und Texte umstrittenen Rappers \u2013 Dahabflex bezieht sich etwa positiv auf die pal\u00e4stinensische Terrororganisation PFLP\u00a0\u2013 war Teil einer Kundgebung unter dem Titel \u201eW\u00fctend auf den Kapitalismus\u201c. Diese hatte der Theaterregisseur Volker L\u00f6sch gemeinsam mit der Linken organisiert.<\/p>\n<p class=\"tspCJpg\">Neben den Auftritten von Dahabflex und der Rapperin Antifuchs gab es von L\u00f6sch moderierte<strong> <\/strong>Gespr\u00e4che mit Kandidierenden der Linken in Neuk\u00f6lln und Treptow\u2011K\u00f6penick. Daneben traten zahlreiche Akteure aus der Zivilgesellschaft auf, unter anderem Deborah Feldman und Matthias Lilienthal, Intendant der Berliner Volksb\u00fchne.<strong> <\/strong>Parteiangaben zufolge besuchten rund 1000 Menschen die Kundgebung.<\/p>\n<p>Mehr zum Thema<a href=\"https:\/\/www.tagesspiegel.de\/berlin\/wir-koalieren-nicht-mit-radikalen-und-antisemiten-berlins-cdu-fraktionschef-fordert-bundnis-mit-linkspartei-auszuschliessen-15580067.html?icid=topic-list_15997499___\" data-gtm-class=\"article-mzt-link\" data-hydrate-fingerprint=\"09740a54944caac75fd2c0c63fd5c5df\" data-hydrate-props=\"{&amp;escapedquot;element&amp;escapedquot;:{&amp;escapedquot;type&amp;escapedquot;:&amp;escapedquot;relatedContent&amp;escapedquot;,&amp;escapedquot;fieldMap&amp;escapedquot;:{},&amp;escapedquot;relation&amp;escapedquot;:{&amp;escapedquot;fields&amp;escapedquot;:{&amp;escapedquot;isPaid&amp;escapedquot;:true},&amp;escapedquot;href&amp;escapedquot;:&amp;escapedquot;\/berlin\/wir-koalieren-nicht-mit-radikalen-und-antisemiten-berlins-cdu-fraktionschef-fordert-bundnis-mit-linkspartei-auszuschliessen-15580067.html&amp;escapedquot;,&amp;escapedquot;teaserTitle&amp;escapedquot;:{&amp;escapedquot;kicker&amp;escapedquot;:&amp;escapedquot;\u201eWir koalieren nicht mit Radikalen und Antisemiten\u201c&amp;escapedquot;,&amp;escapedquot;headline&amp;escapedquot;:&amp;escapedquot;Berlins CDU-Fraktionschef fordert, B\u00fcndnis mit Linkspartei auszuschlie\u00dfen&amp;escapedquot;},&amp;escapedquot;id&amp;escapedquot;:&amp;escapedquot;15580067&amp;escapedquot;,&amp;escapedquot;type&amp;escapedquot;:&amp;escapedquot;story&amp;escapedquot;},&amp;escapedquot;isPartOfList&amp;escapedquot;:true,&amp;escapedquot;topicListType&amp;escapedquot;:&amp;escapedquot;topic-list&amp;escapedquot;},&amp;escapedquot;showArrow&amp;escapedquot;:true}\" data-hydrate-slots=\"{&#039;default&#039;:[]}\" class=\"tspCPp3 tspDEsb\" rel=\"nofollow noopener\" target=\"_blank\">\u201eWir koalieren nicht mit Radikalen und Antisemiten\u201c Berlins CDU-Fraktionschef fordert, B\u00fcndnis mit Linkspartei auszuschlie\u00dfen <\/a><a href=\"https:\/\/www.tagesspiegel.de\/politik\/linke-bekennt-sich-zu-genozid-vorwurf-gegen-israel-als-die-gastrednerin-von-apartheid-spricht-jubelt-der-parteitag-15735665.html?icid=topic-list_15997499___\" data-gtm-class=\"article-mzt-link\" data-hydrate-fingerprint=\"09740a54944caac75fd2c0c63fd5c5df\" data-hydrate-props=\"{&amp;escapedquot;element&amp;escapedquot;:{&amp;escapedquot;type&amp;escapedquot;:&amp;escapedquot;relatedContent&amp;escapedquot;,&amp;escapedquot;fieldMap&amp;escapedquot;:{},&amp;escapedquot;relation&amp;escapedquot;:{&amp;escapedquot;fields&amp;escapedquot;:{&amp;escapedquot;isPaid&amp;escapedquot;:null},&amp;escapedquot;href&amp;escapedquot;:&amp;escapedquot;\/politik\/linke-bekennt-sich-zu-genozid-vorwurf-gegen-israel-als-die-gastrednerin-von-apartheid-spricht-jubelt-der-parteitag-15735665.html&amp;escapedquot;,&amp;escapedquot;teaserTitle&amp;escapedquot;:{&amp;escapedquot;kicker&amp;escapedquot;:&amp;escapedquot;Linke versch\u00e4rft Wortwahl zu Gaza&amp;escapedquot;,&amp;escapedquot;headline&amp;escapedquot;:&amp;escapedquot;Als die Gastrednerin von Apartheid spricht, jubeln die Delegierten&amp;escapedquot;},&amp;escapedquot;id&amp;escapedquot;:&amp;escapedquot;15735665&amp;escapedquot;,&amp;escapedquot;type&amp;escapedquot;:&amp;escapedquot;story&amp;escapedquot;},&amp;escapedquot;isPartOfList&amp;escapedquot;:true,&amp;escapedquot;topicListType&amp;escapedquot;:&amp;escapedquot;topic-list&amp;escapedquot;},&amp;escapedquot;showArrow&amp;escapedquot;:true}\" data-hydrate-slots=\"{&#039;default&#039;:[]}\" class=\"tspCPp3 tspDEsb\" rel=\"nofollow noopener\" target=\"_blank\">Linke versch\u00e4rft Wortwahl zu Gaza Als die Gastrednerin von Apartheid spricht, jubeln die Delegierten <\/a><a href=\"https:\/\/www.tagesspiegel.de\/politik\/bartsch-gysi-und-ramelow-antizionismus-darf-keine-normalitat-in-der-linken-werden-15406989.html?icid=topic-list_15997499___\" data-gtm-class=\"article-mzt-link\" data-hydrate-fingerprint=\"09740a54944caac75fd2c0c63fd5c5df\" data-hydrate-props=\"{&amp;escapedquot;element&amp;escapedquot;:{&amp;escapedquot;type&amp;escapedquot;:&amp;escapedquot;relatedContent&amp;escapedquot;,&amp;escapedquot;fieldMap&amp;escapedquot;:{},&amp;escapedquot;relation&amp;escapedquot;:{&amp;escapedquot;fields&amp;escapedquot;:{&amp;escapedquot;isPaid&amp;escapedquot;:true},&amp;escapedquot;href&amp;escapedquot;:&amp;escapedquot;\/politik\/bartsch-gysi-und-ramelow-antizionismus-darf-keine-normalitat-in-der-linken-werden-15406989.html&amp;escapedquot;,&amp;escapedquot;teaserTitle&amp;escapedquot;:{&amp;escapedquot;kicker&amp;escapedquot;:&amp;escapedquot;Bartsch, Gysi und Ramelow&amp;escapedquot;,&amp;escapedquot;headline&amp;escapedquot;:&amp;escapedquot;\u201eAntizionismus\u201c darf keine Normalit\u00e4t in der Linken werden&amp;escapedquot;},&amp;escapedquot;id&amp;escapedquot;:&amp;escapedquot;15406989&amp;escapedquot;,&amp;escapedquot;type&amp;escapedquot;:&amp;escapedquot;story&amp;escapedquot;},&amp;escapedquot;isPartOfList&amp;escapedquot;:true,&amp;escapedquot;topicListType&amp;escapedquot;:&amp;escapedquot;topic-list&amp;escapedquot;},&amp;escapedquot;showArrow&amp;escapedquot;:true}\" data-hydrate-slots=\"{&#039;default&#039;:[]}\" class=\"tspCPp3 tspDEsb\" rel=\"nofollow noopener\" target=\"_blank\">Bartsch, Gysi und Ramelow \u201eAntizionismus\u201c darf keine Normalit\u00e4t in der Linken werden <\/a><\/p>\n<p class=\"tspCJpg\">Innerhalb der Berliner Linken gilt der Neuk\u00f6llner Kreisverband wegen seiner Position zum Krieg im Nahen Osten <a href=\"https:\/\/www.tagesspiegel.de\/berlin\/unklare-machtverhaltnisse-wie-antisemitisch-ist-die-berliner-linke-14623826.html?icid=in-text-link_15997499\" class=\"link link--internal\" data-gtm-class=\"article-text-link\" data-gtm-val=\"internal\" rel=\"nofollow noopener\" target=\"_blank\">als problematisch<\/a>. Immer wieder hatten Vertreter und Mandatstr\u00e4ger mit Israelkritik auf sich aufmerksam gemacht, den Vorwurf des Antisemitismus aber weit von sich gewiesen.<\/p>\n<p class=\"tspCJpg\">Als besonders exponiert gelten dabei der <a href=\"https:\/\/www.tagesspiegel.de\/berlin\/antisemit-oder-burgermeister-fur-alle-wer-ist-der-neukollner-linke-kandidat-ahmed-abed-15152860.html?icid=in-text-link_15997499\" class=\"link link--internal\" data-gtm-class=\"article-text-link\" data-gtm-val=\"internal\" rel=\"nofollow noopener\" target=\"_blank\">B\u00fcrgermeisterkandidat Ahmed Abed<\/a> sowie der 2025 direkt in den Bundestag gew\u00e4hlte Ferat Kocak. Elif Eralp, Spitzenkandidatin der Berliner Linken f\u00fcr die Abgeordnetenhauswahl, hatte den Vorwurf des Antisemitismus gegen Mitglieder der Partei zuletzt <a href=\"https:\/\/www.tagesspiegel.de\/berlin\/berliner-spitzenkandidatin-elif-eralp-im-gesprach-eine-linke-in-der-regierung-wird-vergesellschaften-15966285.html?icid=in-text-link_15997499\" class=\"link link--internal\" data-gtm-class=\"article-text-link\" data-gtm-val=\"internal\" rel=\"nofollow noopener\" target=\"_blank\">stets zur\u00fcckgewiesen<\/a>.<\/p>\n","protected":false},"excerpt":{"rendered":"Auf einer Wahlkampfkundgebung der Linken Neuk\u00f6lln ist es am Samstagabend zu Gewaltaufrufen gegen den Staat Israel und Angeh\u00f6rige&hellip;\n","protected":false},"author":2,"featured_media":1269597,"comment_status":"","ping_status":"","sticky":false,"template":"","format":"standard","meta":{"footnotes":"","_share_on_mastodon":"0"},"categories":[1825],"tags":[9943,1941,1939,296,1937,29,536,738,30,411,1635,1940,1938,2548],"class_list":["post-1269596","post","type-post","status-publish","format-standard","has-post-thumbnail","category-berlin","tag-abgeordnetenhauswahl","tag-aktuelle-nachrichten-aus-berlin","tag-aktuelle-news-aus-berlin","tag-berlin","tag-berlin-news","tag-deutschland","tag-die-linke","tag-gazastreifen","tag-germany","tag-israel","tag-jugend","tag-nachrichten-aus-berlin","tag-news-aus-berlin","tag-palaestina"],"share_on_mastodon":{"url":"https:\/\/pubeurope.com\/@de\/117184282413315267","error":""},"_links":{"self":[{"href":"https:\/\/www.europesays.com\/de\/wp-json\/wp\/v2\/posts\/1269596","targetHints":{"allow":["GET"]}}],"collection":[{"href":"https:\/\/www.europesays.com\/de\/wp-json\/wp\/v2\/posts"}],"about":[{"href":"https:\/\/www.europesays.com\/de\/wp-json\/wp\/v2\/types\/post"}],"author":[{"embeddable":true,"href":"https:\/\/www.europesays.com\/de\/wp-json\/wp\/v2\/users\/2"}],"replies":[{"embeddable":true,"href":"https:\/\/www.europesays.com\/de\/wp-json\/wp\/v2\/comments?post=1269596"}],"version-history":[{"count":0,"href":"https:\/\/www.europesays.com\/de\/wp-json\/wp\/v2\/posts\/1269596\/revisions"}],"wp:featuredmedia":[{"embeddable":true,"href":"https:\/\/www.europesays.com\/de\/wp-json\/wp\/v2\/media\/1269597"}],"wp:attachment":[{"href":"https:\/\/www.europesays.com\/de\/wp-json\/wp\/v2\/media?parent=1269596"}],"wp:term":[{"taxonomy":"category","embeddable":true,"href":"https:\/\/www.europesays.com\/de\/wp-json\/wp\/v2\/categories?post=1269596"},{"taxonomy":"post_tag","embeddable":true,"href":"https:\/\/www.europesays.com\/de\/wp-json\/wp\/v2\/tags?post=1269596"}],"curies":[{"name":"wp","href":"https:\/\/api.w.org\/{rel}","templated":true}]}}