{"id":1269606,"date":"2026-08-30T11:47:20","date_gmt":"2026-08-30T11:47:20","guid":{"rendered":"https:\/\/www.europesays.com\/de\/1269606\/"},"modified":"2026-08-30T11:47:20","modified_gmt":"2026-08-30T11:47:20","slug":"bei-raabs-jetski-star-wm-ralf-schumacher-kugelt-sich-schulter-aus","status":"publish","type":"post","link":"https:\/\/www.europesays.com\/de\/1269606\/","title":{"rendered":"Bei Raabs &#8222;Jetski Star WM&#8220;: Ralf Schumacher kugelt sich Schulter aus"},"content":{"rendered":"<p>\nTV-Shows\n<\/p>\n<p>Aktualisiert am 30.08.2026, 12:07 Uhr\n<\/p>\n<p><a href=\"https:\/\/i0.web.de\/image\/938\/42667938,pd=1\/ralf-schumacher-r-stefan-raab-traten-team-jetski-s.jpg\" data-brain-zone=\".42667936.content.lead.1\" data-component-path=\"content.lead.1\" data-component-name=\"article-image\" rel=\"nofollow noopener\" target=\"_blank\"> <\/p>\n<p><img loading=\"lazy\" decoding=\"async\" src=\"https:\/\/www.europesays.com\/de\/wp-content\/uploads\/2026\/08\/ralf-schumacher-r-stefan-raab-traten-team-jetski-s.jpg\" alt=\"Ralf Schumacher (r.) und Stefan Raab traten als Team bei der &quot;Jetski Star WM&quot; an.\" width=\"950\" height=\"534\"\/><\/p>\n<p><\/a> <\/p>\n<p>\nRalf Schumacher (r.) und Stefan Raab traten als Team bei der &#8222;Jetski Star WM&#8220; an.<br \/>\n\u00a9\u00a0RTL \/ Raab Entertainment\n<\/p>\n<p class=\"content__description\" data-speakable=\"\">Bei der von Stefan Raab ins Leben gerufenen &#8222;Jetski Star WM&#8220; sorgte auch Ralf Schumacher f\u00fcr Aufsehen &#8211; allerdings vor allem mit einem Schreckmoment.<\/p>\n<p data-speakable=\"\">F\u00fcr sein neuestes Live-Projekt bei <a data-component-name=\"link.semantic\" data-brain-zone=\".42667936.content.textlink_2\" data-component-path=\"content.textlink_2\" href=\"https:\/\/web.de\/magazine\/unterhaltung\/thema\/rtl\" rel=\"nofollow noopener\" target=\"_blank\">RTL<\/a> hatte sich <a data-component-name=\"link.semantic\" data-brain-zone=\".42667936.content.textlink_3\" data-component-path=\"content.textlink_3\" href=\"https:\/\/web.de\/magazine\/unterhaltung\/thema\/stefan-raab\" rel=\"nofollow noopener\" target=\"_blank\">Stefan Raab<\/a> (59) einen Partner gesucht, der lange beruflich vom Gasgeben lebte: Ralf Schumacher (51). Der fr\u00fchere Formel-1-Pilot und der Entertainer gingen bei der ersten &#8222;Jetski Star WM&#8220; am Samstagabend gemeinsam an den Start &#8211; doch ausgerechnet der PS-Profi sorgte bei der Veranstaltung f\u00fcr den gr\u00f6\u00dften Schockmoment.<\/p>\n<p data-speakable=\"\">Insgesamt d\u00fcsten 16 Promis, aufgeteilt in acht Zweierteams, in dem Live-Event \u00fcber die Duisburger Regattabahn. Zun\u00e4chst lief auch alles gut, doch in der zweiten Disziplin, in der beide Teammitglieder gleichzeitig auf einem Jetski fahren mussten, krachte es.<\/p>\n<p>Schulter ausgekugelt<\/p>\n<p data-speakable=\"\">Als Raab und <a data-component-name=\"link.semantic\" data-brain-zone=\".42667936.content.textlink_4\" data-component-path=\"content.textlink_4\" href=\"https:\/\/web.de\/magazine\/sport\/thema\/ralf-schumacher\" rel=\"nofollow noopener\" target=\"_blank\">Schumacher<\/a> baden gingen, wurde schnell klar, dass letztgenannter Promi nicht schadlos geblieben ist. &#8222;Ralf hat sich wehgetan. Hat er den Jetski abbekommen, als er gekippt ist?&#8220;, wunderte sich prompt Kommentator Frank &#8222;Buschi&#8220; Buschmann. In der Tat musste Schumacher daraufhin kurz behandelt werden. <\/p>\n<p data-speakable=\"\">Als er wieder vor die Kameras treten konnte, kl\u00e4rte der Star auf: &#8222;Die Schulter war ausgekugelt, als ich versucht habe, mit dem Jetski umzudrehen. Das tut echt weh! Ich hoffe, dass nichts gerissen ist.&#8220; Ein Arzt habe ihm die Schulter wieder einrenken k\u00f6nnen. Dennoch musste er im Anschluss sogar ins Krankenhaus, um sicherzustellen, dass keine ernstere Verletzung vorliegt.<\/p>\n<p>Schumacher holte zuvor fast den Sieg<\/p>\n<p data-speakable=\"\">An eine weitere Teilnahme war nach dem Unfall nicht mehr zu denken. Dabei hatte er vor dem Sturz bewiesen, auch im Wasser schnell unterwegs sein zu k\u00f6nnen. In einer Einzel-Disziplin, dem Speed-Duell, musste er sich am Ende nur dem Artisten Ren\u00e9 Casselly geschlagen geben, der sich den Sieg ohne Teamkameraden Fabian Hamb\u00fcchen sicherte.<\/p>\n<p data-speakable=\"\"><a target=\"_blank\" data-brain-zone=\".42667936.content.textlink_5\" data-component-path=\"content.textlink_5\" data-component-name=\"link.external\" rel=\"noopener nofollow\" href=\"https:\/\/www.rtl.de\/shows\/jetski-star-wm-im-live-ticker-sie-sind-raabs-sieger-id31238854.html\">Im Staffel-Duell erk\u00e4mpften sich derweil Knossi und Joey Kelly den Sieg<\/a>. Sie setzten sich gegen Joel Mattli und Gustav Sch\u00e4fer durch. <\/p>\n<p><strong>Empfehlungen der Redaktion<\/strong><\/p>\n<p data-speakable=\"\">Zu den weiteren Duos geh\u00f6rten au\u00dferdem Dagi Bee und Sophia Thiel, Renata und Valentin Lusin, EMMVEE und Stefano Zarrella sowie Ann-Kathrin Bendixen und Alexander Kumptner.<\/p>\n<p data-speakable=\"\">Durch den Jetski-Abend f\u00fchrte Laura Wontorra, Jana Wosnitza war als Field-Reporterin im Einsatz, Mitja Lafere berichtete aus dem Boxenbereich. (stk\/spot)\u00a0<br \/>\n\u00a9 spot on news<\/p>\n","protected":false},"excerpt":{"rendered":"TV-Shows Aktualisiert am 30.08.2026, 12:07 Uhr Ralf Schumacher (r.) und Stefan Raab traten als Team bei der &#8222;Jetski&hellip;\n","protected":false},"author":2,"featured_media":1269607,"comment_status":"","ping_status":"","sticky":false,"template":"","format":"standard","meta":{"footnotes":"","_share_on_mastodon":"0"},"categories":[1776],"tags":[1801,29,214,30,68733,1802,89079,640,38774,13527,215],"class_list":["post-1269606","post","type-post","status-publish","format-standard","has-post-thumbnail","category-prominente","tag-celebrities","tag-deutschland","tag-entertainment","tag-germany","tag-jetski","tag-prominente","tag-ralf-schumacher","tag-rtl","tag-schreckmoment","tag-stefan-raab","tag-unterhaltung"],"share_on_mastodon":{"url":"https:\/\/pubeurope.com\/@de\/117184304342872677","error":""},"_links":{"self":[{"href":"https:\/\/www.europesays.com\/de\/wp-json\/wp\/v2\/posts\/1269606","targetHints":{"allow":["GET"]}}],"collection":[{"href":"https:\/\/www.europesays.com\/de\/wp-json\/wp\/v2\/posts"}],"about":[{"href":"https:\/\/www.europesays.com\/de\/wp-json\/wp\/v2\/types\/post"}],"author":[{"embeddable":true,"href":"https:\/\/www.europesays.com\/de\/wp-json\/wp\/v2\/users\/2"}],"replies":[{"embeddable":true,"href":"https:\/\/www.europesays.com\/de\/wp-json\/wp\/v2\/comments?post=1269606"}],"version-history":[{"count":0,"href":"https:\/\/www.europesays.com\/de\/wp-json\/wp\/v2\/posts\/1269606\/revisions"}],"wp:featuredmedia":[{"embeddable":true,"href":"https:\/\/www.europesays.com\/de\/wp-json\/wp\/v2\/media\/1269607"}],"wp:attachment":[{"href":"https:\/\/www.europesays.com\/de\/wp-json\/wp\/v2\/media?parent=1269606"}],"wp:term":[{"taxonomy":"category","embeddable":true,"href":"https:\/\/www.europesays.com\/de\/wp-json\/wp\/v2\/categories?post=1269606"},{"taxonomy":"post_tag","embeddable":true,"href":"https:\/\/www.europesays.com\/de\/wp-json\/wp\/v2\/tags?post=1269606"}],"curies":[{"name":"wp","href":"https:\/\/api.w.org\/{rel}","templated":true}]}}