{"id":1269659,"date":"2026-08-30T12:21:16","date_gmt":"2026-08-30T12:21:16","guid":{"rendered":"https:\/\/www.europesays.com\/de\/1269659\/"},"modified":"2026-08-30T12:21:16","modified_gmt":"2026-08-30T12:21:16","slug":"wuelfrath-doc-martin-the-martinis-beenden-open-air-schlupkothen","status":"publish","type":"post","link":"https:\/\/www.europesays.com\/de\/1269659\/","title":{"rendered":"W\u00fclfrath: Doc Martin &#038; The Martinis beenden Open-Air Schlupkothen"},"content":{"rendered":"<p class=\"text_ohne_einzug richtext text-em-55 !leading-serif mx-6 desktop:mx-0\"> Kaum erklangen die ersten Takte des Klassikers \u201eLet me entertain you\u201c, als Doc Martin das Publikum bereits zum Mitmachen animierte. Nicht nur die tolle Performance von \u201eDoc Martin &amp; The Martinis\u201c rissen von Anfang an die Zuschauer mit, auch die flotten Spr\u00fcche lockerten schnell die Stimmung auf. So schaffte es die Showband tats\u00e4chlich, w\u00e4hrend des ersten Songs bereits das Eis zu brechen und bewies damit, dass der Titel \u201eDie Showband, die begeistert\u201c tats\u00e4chlich berechtigt ist.<\/p>\n","protected":false},"excerpt":{"rendered":"Kaum erklangen die ersten Takte des Klassikers \u201eLet me entertain you\u201c, als Doc Martin das Publikum bereits zum&hellip;\n","protected":false},"author":2,"featured_media":1269660,"comment_status":"","ping_status":"","sticky":false,"template":"","format":"standard","meta":{"footnotes":"","_share_on_mastodon":"0"},"categories":[1840],"tags":[5564,6329,3364,29,26018,30,10245,75789,2549,20926,68550,262248,1209,5565,5209,53979,4418],"class_list":["post-1269659","post","type-post","status-publish","format-standard","has-post-thumbnail","category-wuppertal","tag-air","tag-band","tag-de","tag-deutschland","tag-doc","tag-germany","tag-kathedrale","tag-kicinski","tag-leute","tag-martin","tag-martini","tag-martinis","tag-nordrhein-westfalen","tag-open","tag-publikum","tag-showband","tag-wuppertal"],"share_on_mastodon":{"url":"https:\/\/pubeurope.com\/@de\/117184435855109192","error":""},"_links":{"self":[{"href":"https:\/\/www.europesays.com\/de\/wp-json\/wp\/v2\/posts\/1269659","targetHints":{"allow":["GET"]}}],"collection":[{"href":"https:\/\/www.europesays.com\/de\/wp-json\/wp\/v2\/posts"}],"about":[{"href":"https:\/\/www.europesays.com\/de\/wp-json\/wp\/v2\/types\/post"}],"author":[{"embeddable":true,"href":"https:\/\/www.europesays.com\/de\/wp-json\/wp\/v2\/users\/2"}],"replies":[{"embeddable":true,"href":"https:\/\/www.europesays.com\/de\/wp-json\/wp\/v2\/comments?post=1269659"}],"version-history":[{"count":0,"href":"https:\/\/www.europesays.com\/de\/wp-json\/wp\/v2\/posts\/1269659\/revisions"}],"wp:featuredmedia":[{"embeddable":true,"href":"https:\/\/www.europesays.com\/de\/wp-json\/wp\/v2\/media\/1269660"}],"wp:attachment":[{"href":"https:\/\/www.europesays.com\/de\/wp-json\/wp\/v2\/media?parent=1269659"}],"wp:term":[{"taxonomy":"category","embeddable":true,"href":"https:\/\/www.europesays.com\/de\/wp-json\/wp\/v2\/categories?post=1269659"},{"taxonomy":"post_tag","embeddable":true,"href":"https:\/\/www.europesays.com\/de\/wp-json\/wp\/v2\/tags?post=1269659"}],"curies":[{"name":"wp","href":"https:\/\/api.w.org\/{rel}","templated":true}]}}