{"id":1269663,"date":"2026-08-30T12:23:16","date_gmt":"2026-08-30T12:23:16","guid":{"rendered":"https:\/\/www.europesays.com\/de\/1269663\/"},"modified":"2026-08-30T12:23:16","modified_gmt":"2026-08-30T12:23:16","slug":"pol-bo-zeugen-verfolgen-tatverdaechtige-33-nach-raeuberischem-diebstahl-festnahme","status":"publish","type":"post","link":"https:\/\/www.europesays.com\/de\/1269663\/","title":{"rendered":"POL-BO: Zeugen verfolgen Tatverd\u00e4chtige (33) nach r\u00e4uberischem Diebstahl &#8211; Festnahme"},"content":{"rendered":"<p class=\"date\">30.08.2026 \u2013 11:08<\/p>\n<p class=\"customer\">\n                        <a class=\"story-customer\" title=\"weiter zum newsroom von Polizei Bochum\" href=\"https:\/\/www.presseportal.de\/blaulicht\/nr\/11530\" rel=\"nofollow noopener\" target=\"_blank\">Polizei Bochum<\/a>\n                    <\/p>\n<p><a data-category=\"citylink-story-view\" data-action=\"click\" data-label=\"Citylink in Meldungsansicht\" class=\"story-city event-trigger\" href=\"https:\/\/www.presseportal.de\/regional\/Bochum\" title=\"News aus Bochum \" rel=\"nofollow noopener\" target=\"_blank\">Bochum<\/a> (ots)<\/p>\n<p>Nach einem r\u00e4uberischen Diebstahl in einem Gesch\u00e4ft an der Castroper Stra\u00dfe 243 in Bochum hat die Polizei am Freitag, 28. August, eine 33-j\u00e4hrige Tatverd\u00e4chtige vor-l\u00e4ufig festgenommen.<\/p>\n<p>Nach bisherigem Ermittlungsstand soll die Frau gegen 15.20 Uhr Waren in ihren Rucksack gesteckt und das Gesch\u00e4ft ohne zu bezahlen verlassen haben. Eine 24-j\u00e4hrige Mitarbeiterin nahm die Verfolgung der Fl\u00fcchtigen auf, hielt sie daraufhin an und forderte sie auf, ihren Rucksack zu \u00f6ffnen.<br \/>\nDie 33-J\u00e4hrige kam der Aufforderung nicht nach. Stattdessen stie\u00df sie die Mitarbeiterin weg, woraufhin diese zu Boden fiel und leichte Verletzungen erlitt.<br \/>\nWeitere Zeugen griffen ein und nahmen der Tatverd\u00e4chtigen das Diebesgut ab. Die 33-J\u00e4hrige fl\u00fcchtete daraufhin und verschwand in einem nahegelegenen Wohnhaus.<br \/>\nPolizeibeamte trafen sie wenig sp\u00e4ter in der dortigen Wohnung eines Bekannten an. Die 33-J\u00e4hrige verf\u00fcgt \u00fcber keinen festen Wohnsitz in Deutschland und wurde vorl\u00e4ufig festgenommen.<\/p>\n<p>Die Ermittlungen dauern an.<\/p>\n<p class=\"contact-headline\">R\u00fcckfragen bitte an:<\/p>\n<p class=\"contact-text\">Polizei Bochum<br \/>Marcella Nows<br \/>Telefon: 0234 909-1024<br \/>E-Mail: <a href=\"https:\/\/www.presseportal.de\/blaulicht\/pm\/11530\/mailto:pressestelle.bochum@polizei.nrw.de\" class=\"uri-mailto\" rel=\"nofollow noopener\" target=\"_blank\">pressestelle.bochum@polizei.nrw.de<\/a><br \/><a target=\"_blank\" class=\"uri-ext outbound\" rel=\"noopener nofollow\" href=\"https:\/\/bochum.polizei.nrw\/\">https:\/\/bochum.polizei.nrw\/<\/a><\/p>\n<p class=\"originator\">Original-Content von: Polizei Bochum, \u00fcbermittelt durch news aktuell<\/p>\n","protected":false},"excerpt":{"rendered":"30.08.2026 \u2013 11:08 Polizei Bochum Bochum (ots) Nach einem r\u00e4uberischen Diebstahl in einem Gesch\u00e4ft an der Castroper Stra\u00dfe&hellip;\n","protected":false},"author":2,"featured_media":1266941,"comment_status":"","ping_status":"","sticky":false,"template":"","format":"standard","meta":{"footnotes":"","_share_on_mastodon":"0"},"categories":[1839],"tags":[7507,3364,29,30,177,1209,176,121,178,180,179,181],"class_list":["post-1269663","post","type-post","status-publish","format-standard","has-post-thumbnail","category-bochum","tag-bochum","tag-de","tag-deutschland","tag-germany","tag-kriminalitt","tag-nordrhein-westfalen","tag-nrw","tag-polizei","tag-presse","tag-pressemeldung","tag-pressemitteilung","tag-pressemitteilungen"],"share_on_mastodon":{"url":"https:\/\/pubeurope.com\/@de\/117184443522773878","error":""},"_links":{"self":[{"href":"https:\/\/www.europesays.com\/de\/wp-json\/wp\/v2\/posts\/1269663","targetHints":{"allow":["GET"]}}],"collection":[{"href":"https:\/\/www.europesays.com\/de\/wp-json\/wp\/v2\/posts"}],"about":[{"href":"https:\/\/www.europesays.com\/de\/wp-json\/wp\/v2\/types\/post"}],"author":[{"embeddable":true,"href":"https:\/\/www.europesays.com\/de\/wp-json\/wp\/v2\/users\/2"}],"replies":[{"embeddable":true,"href":"https:\/\/www.europesays.com\/de\/wp-json\/wp\/v2\/comments?post=1269663"}],"version-history":[{"count":0,"href":"https:\/\/www.europesays.com\/de\/wp-json\/wp\/v2\/posts\/1269663\/revisions"}],"wp:featuredmedia":[{"embeddable":true,"href":"https:\/\/www.europesays.com\/de\/wp-json\/wp\/v2\/media\/1266941"}],"wp:attachment":[{"href":"https:\/\/www.europesays.com\/de\/wp-json\/wp\/v2\/media?parent=1269663"}],"wp:term":[{"taxonomy":"category","embeddable":true,"href":"https:\/\/www.europesays.com\/de\/wp-json\/wp\/v2\/categories?post=1269663"},{"taxonomy":"post_tag","embeddable":true,"href":"https:\/\/www.europesays.com\/de\/wp-json\/wp\/v2\/tags?post=1269663"}],"curies":[{"name":"wp","href":"https:\/\/api.w.org\/{rel}","templated":true}]}}