{"id":1269664,"date":"2026-08-30T12:24:20","date_gmt":"2026-08-30T12:24:20","guid":{"rendered":"https:\/\/www.europesays.com\/de\/1269664\/"},"modified":"2026-08-30T12:24:20","modified_gmt":"2026-08-30T12:24:20","slug":"hektik-hinter-den-kulissen-bochum-maechtig-unter-druck-sport","status":"publish","type":"post","link":"https:\/\/www.europesays.com\/de\/1269664\/","title":{"rendered":"Hektik hinter den Kulissen: Bochum m\u00e4chtig unter Druck | Sport"},"content":{"rendered":"<p><a class=\"skip-content skip-content--link\" href=\"#in-content-skip-link-target-v-0-0\">TTS-Player \u00fcberspringen\u21b5<\/a><a id=\"in-content-skip-link-target-v-0-0\" class=\"skip-content--target-link-hidden skip-content skip-content--target-link\" href=\"#in-content-skip-link-target-v-0-0\">Artikel weiterlesen<\/a><\/p>\n<p>Die Pfiffe zur Pause und erst recht nach Spielschluss waren nicht zu \u00fcberh\u00f6ren. Kein Wunder, dass die Fans des VfL nach zwei Pleiten in Folge \u201eanne Castroper\u201c schon wieder hei\u00df laufen. Erst das 0:1 gegen Hertha, jetzt das 0:1 gegen Aufsteiger Osnabr\u00fcck. Auch der zwischenzeitliche Ausw\u00e4rtssieg in Braunschweig (0:1) \u00e4ndert nichts daran, dass der Zweitliga-Start des Pottclubs \u2013 mal wieder \u2013 missgl\u00fcckt ist&#8230;<\/p>\n<p><b>Hektik hinter den Kulissen. Bochum m\u00e4chtig unter Druck!<\/b><\/p>\n<p>Chefcoach Uwe R\u00f6sler (57) hatte schon vor Wochen gewarnt, dass die bevorstehende Saison schwierig werden konnte. Und im gleichen Atemzug dringend weitere Verst\u00e4rkungen gefordert. Dass er mit seiner Einsch\u00e4tzung richtig liegt, untermauerte der Auftritt gegen die Niedersachsen. Flei\u00dfig, engagiert, aber ohne Durchschlagskraft. Besonders Sturm-Latte Philipp Hofmann (33) ist vorne auf sich allein gestellt. Sein Kopfball kurz vor Ende an die Latten-Unterkante (86.) war fast schon die einzige, nennenswerte Torgefahr im gesamten Spiel.<\/p>\n<p><img decoding=\"async\" width=\"992\" height=\"558\" alt=\"Bochums Sturm-Solist! Philipp Hofmann (l.) war gegen den VfL Osnabr\u00fcck im angriff ziemlich auf sich allein gestellt\" loading=\"lazy\" src=\"https:\/\/www.europesays.com\/de\/wp-content\/uploads\/2026\/08\/4dc56e354bebdaa19dd5c061626dc61c,3ee1e231.jpeg\"   class=\"landscape\"\/><\/p>\n<p class=\"fig__caption__text\">Bochums Sturm-Solist! Philipp Hofmann (l.) war gegen den VfL Osnabr\u00fcck im angriff ziemlich auf sich allein gestellt<\/p>\n<p>Foto: picture alliance\/SVEN SIMON<\/p>\n<p><b>Trotzdem wollte sich R\u00f6sler anschlie\u00dfend nicht mehr auf neue Personal-Diskussionen einlassen. \u201eIch habe schon vor drei Monaten gesagt, was wir brauchen. Jetzt sind andere dran,\u201c erstickte er entsprechende Nachfragen gleich im Keim. Und weiter: \u201eDas sind im Moment alle Waffen, die wir haben. Damit ziehen wir in den Krieg.\u201c Zufrieden klingt anders&#8230;<\/b><\/p>\n<p>Fakt ist: Die Zeit dr\u00e4ngt. Bereits Montagabend schlie\u00dft hierzulande um 20 Uhr das Sommer-Transferfenster. Vor allem im zentralen Mittelfeld, aber auch im Angriff, hat Bochum gro\u00dfe L\u00fccken. Zumal noch Verletzungspech dazu kommt. So f\u00e4llt der wichtige Neuzugang Jean-Manuel Mbom (26\/Sprunggelenk) bekanntlich mehrere Monate aus. <\/p>\n<p><b>Die sportliche Leistung ist gefordert. Doch im Wissen, dass Bochum dringend nachlegen muss, d\u00fcrften m\u00f6gliche Kandidaten nicht unbedingt g\u00fcnstiger werden. Mal schauen, wie \u2013 und ob \u2013 sich der VfL aus dieser schwierigen Situation  befreit&#8230;<\/b><\/p>\n","protected":false},"excerpt":{"rendered":"TTS-Player \u00fcberspringen\u21b5Artikel weiterlesen Die Pfiffe zur Pause und erst recht nach Spielschluss waren nicht zu \u00fcberh\u00f6ren. Kein Wunder,&hellip;\n","protected":false},"author":2,"featured_media":1269665,"comment_status":"","ping_status":"","sticky":false,"template":"","format":"standard","meta":{"footnotes":"","_share_on_mastodon":"0"},"categories":[1839],"tags":[7507,3364,29,30,35338,89456,1209,119671,3856,7656,819,7657,8173,35337,784],"class_list":["post-1269664","post","type-post","status-publish","format-standard","has-post-thumbnail","category-bochum","tag-bochum","tag-de","tag-deutschland","tag-germany","tag-hofmann-philipp","tag-holtmann-gerrit","tag-nordrhein-westfalen","tag-roesler-uwe","tag-ruhrgebiet","tag-schuth-joachim","tag-sport-leuchtturm-essen","tag-sport-bild","tag-vfl-bochum","tag-zoller-simon","tag-zweite-bundesliga"],"share_on_mastodon":{"url":"https:\/\/pubeurope.com\/@de\/117184449540666290","error":""},"_links":{"self":[{"href":"https:\/\/www.europesays.com\/de\/wp-json\/wp\/v2\/posts\/1269664","targetHints":{"allow":["GET"]}}],"collection":[{"href":"https:\/\/www.europesays.com\/de\/wp-json\/wp\/v2\/posts"}],"about":[{"href":"https:\/\/www.europesays.com\/de\/wp-json\/wp\/v2\/types\/post"}],"author":[{"embeddable":true,"href":"https:\/\/www.europesays.com\/de\/wp-json\/wp\/v2\/users\/2"}],"replies":[{"embeddable":true,"href":"https:\/\/www.europesays.com\/de\/wp-json\/wp\/v2\/comments?post=1269664"}],"version-history":[{"count":0,"href":"https:\/\/www.europesays.com\/de\/wp-json\/wp\/v2\/posts\/1269664\/revisions"}],"wp:featuredmedia":[{"embeddable":true,"href":"https:\/\/www.europesays.com\/de\/wp-json\/wp\/v2\/media\/1269665"}],"wp:attachment":[{"href":"https:\/\/www.europesays.com\/de\/wp-json\/wp\/v2\/media?parent=1269664"}],"wp:term":[{"taxonomy":"category","embeddable":true,"href":"https:\/\/www.europesays.com\/de\/wp-json\/wp\/v2\/categories?post=1269664"},{"taxonomy":"post_tag","embeddable":true,"href":"https:\/\/www.europesays.com\/de\/wp-json\/wp\/v2\/tags?post=1269664"}],"curies":[{"name":"wp","href":"https:\/\/api.w.org\/{rel}","templated":true}]}}