{"id":1269691,"date":"2026-08-30T12:39:30","date_gmt":"2026-08-30T12:39:30","guid":{"rendered":"https:\/\/www.europesays.com\/de\/1269691\/"},"modified":"2026-08-30T12:39:30","modified_gmt":"2026-08-30T12:39:30","slug":"hollywoodreifer-ausbruch-haeftling-flieht-ueber-das-dach-aus-jva-duisburg-hamborn","status":"publish","type":"post","link":"https:\/\/www.europesays.com\/de\/1269691\/","title":{"rendered":"Hollywoodreifer Ausbruch: H\u00e4ftling flieht \u00fcber das Dach aus JVA Duisburg-Hamborn"},"content":{"rendered":"<p>Hollywoodreifer AusbruchH\u00e4ftling flieht \u00fcber das Dach aus JVA Duisburg-Hamborn<\/p>\n<p>30.08.2026, 11:25 Uhr <\/p>\n<p>Artikel anh\u00f6ren(02:09 min)<\/p>\n<p><img decoding=\"async\" class=\"Image_img__fQCi0 Image_Img_16_9__4BLfH widget-picture-inline_maximizable__t_E7h\" loading=\"eager\" fetchpriority=\"high\" src=\"https:\/\/www.europesays.com\/de\/wp-content\/uploads\/2026\/08\/223876572.webp\" alt=\"223876572\"\/>Das Geb\u00e4ude des Amtsgerichts Duisburg-Hamborn mit angeschlossener JVA. (Foto: picture alliance \/ blickwinkel\/H. Blossey)<\/p>\n<p class=\"Typography_text-m__XI0da Typography_weight-bold__uT6mq storyline_lead_text_leadtext__q_wg8\">In der Nacht gelingt einem H\u00e4ftling der JVA Duisburg-Hamborn eine spektakul\u00e4re Flucht: Er schafft es aus seiner Zelle im dritten Stock \u00fcber das Dach zu entkommen. Bisher fehlt jede Spur von dem Mann. <\/p>\n<p class=\"Typography_text-default__P3otY Typography_weight-normal__pqUbH storyline_paragraph_p__qSR5N\">Mit einem hollywoodreifen Ausbruch ist ein 35 Jahre alter Untersuchungsgefangener am fr\u00fchen Morgen gegen 3.20 Uhr aus der JVA Duisburg-Hamborn entkommen. Das teilte das Justizministerium NRW mit. Der H\u00e4ftling habe einen der Gitterst\u00e4be vor dem Fenster seiner Zelle entfernt und sei dann \u00fcber das Dach geflohen, sagte ein Sprecher des Justizministeriums. <\/p>\n<p class=\"Typography_text-default__P3otY Typography_weight-normal__pqUbH storyline_paragraph_p__qSR5N\">Es war zun\u00e4chst unklar, wie der Mann einen der Gitterst\u00e4be entfernen konnte. Nun hat sich herausgestellt, dass der H\u00e4ftling ein Versteck im Boden seiner Zelle angelegt hatte. Der Hohlraum unter dem Linoleumboden sei offensichtlich bei Zellenkontrollen nicht bemerkt worden, jetzt aber entdeckt worden, sagte ein Sprecher des Justizministeriums. Werkzeug habe sich in dem Hohlraum nicht mehr befunden.<\/p>\n<p class=\"Typography_text-default__P3otY Typography_weight-normal__pqUbH storyline_paragraph_p__qSR5N\">Man k\u00f6nne inzwischen sicher annehmen, dass der H\u00e4ftling einen Gitterstab vor dem Fenster seiner Zelle zum Innenhof durchges\u00e4gt habe. Um die Feinvergitterung vor dem Fenster aufzudr\u00fccken, habe er den Zellentisch als Hebel eingesetzt, sagte der Sprecher. Dann sei er offensichtlich \u00fcber die Fassade auf der Innenseite aufs Dach und auf der Au\u00dfenseite auf unbekannte Weise heruntergeklettert.<\/p>\n<p class=\"Typography_text-default__P3otY Typography_weight-normal__pqUbH storyline_paragraph_p__qSR5N\">Von dem Mann fehlt laut Ministerium weiter jede Spur. Er war wegen Diebstahlverdachts in Untersuchungshaft und Ende Mai wegen zwei Wohnungseinbr\u00fcchen mit hohem Schaden zu einer sechsj\u00e4hrigen Haftstrafe verurteilt worden. Dabei soll er nach Informationen aus Justizkreisen nicht nur wertvollen Schmuck, sondern auch mehr als 200.000 Euro Bargeld gestohlen haben.<\/p>\n<p class=\"Typography_text-default__P3otY Typography_weight-normal__pqUbH storyline_paragraph_p__qSR5N\">&#8222;Der heutige Ausbruch ist absolut inakzeptabel. Die oberste Priorit\u00e4t hat jetzt die schnelle Ergreifung des fl\u00fcchtigen Untersuchungsh\u00e4ftlings&#8220;, erkl\u00e4rte NRW-Justizminister Benjamin Limbach von den Gr\u00fcnen. Parallel m\u00fcsse der Vorfall umfassend aufgekl\u00e4rt werden. Ein Sicherheitsexperte des Ministeriums sei bereits vor Ort in der Anstalt und habe die Ermittlungen aufgenommen. &#8222;Wir werden l\u00fcckenlos aufkl\u00e4ren, wie diese Sicherheitsl\u00fccke entstehen konnte, um aus den Ergebnissen umgehend die notwendigen Konsequenzen zu ziehen&#8220;, k\u00fcndigte der Minister an. <\/p>\n<p class=\"Typography_text-s__wu_cm Typography_weight-normal__pqUbH Typography_color-darkgrey__sZEnP article-detail-footer_source__KslPc\">Quelle: ntv.de, raf\/dpa<\/p>\n","protected":false},"excerpt":{"rendered":"Hollywoodreifer AusbruchH\u00e4ftling flieht \u00fcber das Dach aus JVA Duisburg-Hamborn 30.08.2026, 11:25 Uhr Artikel anh\u00f6ren(02:09 min) Das Geb\u00e4ude des&hellip;\n","protected":false},"author":2,"featured_media":1269692,"comment_status":"","ping_status":"","sticky":false,"template":"","format":"standard","meta":{"footnotes":"","_share_on_mastodon":"0"},"categories":[1838],"tags":[3364,29,3715,12967,30,984,1015,6209,1209],"class_list":["post-1269691","post","type-post","status-publish","format-standard","has-post-thumbnail","category-duisburg","tag-de","tag-deutschland","tag-duisburg","tag-gefangene","tag-germany","tag-international","tag-justiz","tag-jva","tag-nordrhein-westfalen"],"share_on_mastodon":{"url":"https:\/\/pubeurope.com\/@de\/117184506385190307","error":""},"_links":{"self":[{"href":"https:\/\/www.europesays.com\/de\/wp-json\/wp\/v2\/posts\/1269691","targetHints":{"allow":["GET"]}}],"collection":[{"href":"https:\/\/www.europesays.com\/de\/wp-json\/wp\/v2\/posts"}],"about":[{"href":"https:\/\/www.europesays.com\/de\/wp-json\/wp\/v2\/types\/post"}],"author":[{"embeddable":true,"href":"https:\/\/www.europesays.com\/de\/wp-json\/wp\/v2\/users\/2"}],"replies":[{"embeddable":true,"href":"https:\/\/www.europesays.com\/de\/wp-json\/wp\/v2\/comments?post=1269691"}],"version-history":[{"count":0,"href":"https:\/\/www.europesays.com\/de\/wp-json\/wp\/v2\/posts\/1269691\/revisions"}],"wp:featuredmedia":[{"embeddable":true,"href":"https:\/\/www.europesays.com\/de\/wp-json\/wp\/v2\/media\/1269692"}],"wp:attachment":[{"href":"https:\/\/www.europesays.com\/de\/wp-json\/wp\/v2\/media?parent=1269691"}],"wp:term":[{"taxonomy":"category","embeddable":true,"href":"https:\/\/www.europesays.com\/de\/wp-json\/wp\/v2\/categories?post=1269691"},{"taxonomy":"post_tag","embeddable":true,"href":"https:\/\/www.europesays.com\/de\/wp-json\/wp\/v2\/tags?post=1269691"}],"curies":[{"name":"wp","href":"https:\/\/api.w.org\/{rel}","templated":true}]}}