{"id":1269710,"date":"2026-08-30T12:53:26","date_gmt":"2026-08-30T12:53:26","guid":{"rendered":"https:\/\/www.europesays.com\/de\/1269710\/"},"modified":"2026-08-30T12:53:26","modified_gmt":"2026-08-30T12:53:26","slug":"bundesliga-baetzner-wechselt-von-paderborn-nach-essen-sport","status":"publish","type":"post","link":"https:\/\/www.europesays.com\/de\/1269710\/","title":{"rendered":"Bundesliga &#8211; B\u00e4tzner wechselt von Paderborn nach Essen &#8211; Sport"},"content":{"rendered":"<p data-manual=\"paragraph\" data-schema-org-speakable=\"true\" class=\"css-1eosz7k\">Paderborn (dpa\/lnw) &#8211; Nick B\u00e4tzner verl\u00e4sst den <a href=\"https:\/\/www.sueddeutsche.de\/thema\/Bundesliga\" rel=\"nofollow noopener\" target=\"_blank\">Bundesliga<\/a>-Aufsteiger <a href=\"https:\/\/www.sueddeutsche.de\/thema\/SC_Paderborn\" rel=\"nofollow noopener\" target=\"_blank\">SC Paderborn<\/a> nach nur einem Jahr und schlie\u00dft sich dem Drittligisten <a href=\"https:\/\/www.sueddeutsche.de\/thema\/Rot-Weiss_Essen\" rel=\"nofollow noopener\" target=\"_blank\">Rot-Weiss Essen<\/a> an. Der 26 Jahre alte Offensivspieler kam im Sommer 2025 vom SV Wehen Wiesbaden zu den Ostwestfalen, f\u00fcr die er in der Aufstiegssaison 34 Pflichtspiele absolvierte.<\/p>\n<p data-manual=\"paragraph\" data-schema-org-speakable=\"true\" class=\"css-1eosz7k\">\u00a9 dpa-infocom, dpa:260830-930-605002\/1<\/p>\n","protected":false},"excerpt":{"rendered":"Paderborn (dpa\/lnw) &#8211; Nick B\u00e4tzner verl\u00e4sst den Bundesliga-Aufsteiger SC Paderborn nach nur einem Jahr und schlie\u00dft sich dem&hellip;\n","protected":false},"author":2,"featured_media":1269711,"comment_status":"","ping_status":"","sticky":false,"template":"","format":"standard","meta":{"footnotes":"","_share_on_mastodon":"0"},"categories":[1834],"tags":[995,299,3364,29,3688,347,9335,30,233761,1209,3714,3135,265,149,1288],"class_list":["post-1269710","post","type-post","status-publish","format-standard","has-post-thumbnail","category-essen","tag-3-liga","tag-bundesliga","tag-de","tag-deutschland","tag-essen","tag-fussball","tag-fussball-transfers","tag-germany","tag-home-deluxe-arena","tag-nordrhein-westfalen","tag-rot-weiss-essen","tag-sc-paderborn","tag-sport","tag-sueddeutsche-zeitung","tag-transfers"],"share_on_mastodon":{"url":"https:\/\/pubeurope.com\/@de\/117184561761829833","error":""},"_links":{"self":[{"href":"https:\/\/www.europesays.com\/de\/wp-json\/wp\/v2\/posts\/1269710","targetHints":{"allow":["GET"]}}],"collection":[{"href":"https:\/\/www.europesays.com\/de\/wp-json\/wp\/v2\/posts"}],"about":[{"href":"https:\/\/www.europesays.com\/de\/wp-json\/wp\/v2\/types\/post"}],"author":[{"embeddable":true,"href":"https:\/\/www.europesays.com\/de\/wp-json\/wp\/v2\/users\/2"}],"replies":[{"embeddable":true,"href":"https:\/\/www.europesays.com\/de\/wp-json\/wp\/v2\/comments?post=1269710"}],"version-history":[{"count":0,"href":"https:\/\/www.europesays.com\/de\/wp-json\/wp\/v2\/posts\/1269710\/revisions"}],"wp:featuredmedia":[{"embeddable":true,"href":"https:\/\/www.europesays.com\/de\/wp-json\/wp\/v2\/media\/1269711"}],"wp:attachment":[{"href":"https:\/\/www.europesays.com\/de\/wp-json\/wp\/v2\/media?parent=1269710"}],"wp:term":[{"taxonomy":"category","embeddable":true,"href":"https:\/\/www.europesays.com\/de\/wp-json\/wp\/v2\/categories?post=1269710"},{"taxonomy":"post_tag","embeddable":true,"href":"https:\/\/www.europesays.com\/de\/wp-json\/wp\/v2\/tags?post=1269710"}],"curies":[{"name":"wp","href":"https:\/\/api.w.org\/{rel}","templated":true}]}}